{"id":344371,"date":"2026-01-16T17:28:12","date_gmt":"2026-01-16T17:28:12","guid":{"rendered":"https:\/\/www.europesays.com\/es\/344371\/"},"modified":"2026-01-16T17:28:12","modified_gmt":"2026-01-16T17:28:12","slug":"c-tangana-del-rap-crudo-a-la-alfombra-roja-encuentro-con-joan-s-luna-y-jose-de-montfort","status":"publish","type":"post","link":"https:\/\/www.europesays.com\/es\/344371\/","title":{"rendered":"C. Tangana \u2014del rap crudo a la alfombra roja\u2014 Encuentro con Joan S. Luna y Jos\u00e9 de Montfort"},"content":{"rendered":"<p><img loading=\"lazy\" decoding=\"async\" class=\"lazyload  wp-image-93183\" src=\"https:\/\/www.europesays.com\/es\/wp-content\/uploads\/2026\/01\/Tangana_del_rap_crudo_a_la_alfombra_roja-cover.webp.webp\" alt=\"\" width=\"179\" height=\"285\"\/><\/p>\n<p>En el libro <strong>C. Tangana \u2014del rap crudo a la alfombra roja\u2014<\/strong> (Libros del Kultrum, 2025), <strong>Joan S. Luna <\/strong>y<strong> Jos\u00e9 de Montfort <\/strong>construyen una obra que re\u00fane ensayos y semblanzas que exploran con detalle las m\u00faltiples facetas de este creador, desvelando sus reencarnaciones art\u00edsticas y sus incursiones m\u00e1s inesperadas. Desde sus primeros pasos en el rap hasta sus mutaciones art\u00edsticas m\u00e1s recientes \u2014incluyendo m\u00fasica, cine, moda y colaboraciones con otros creadores\u2014 los autores articulan una mirada poli\u00e9drica que recorre estudios, escenarios, giras y alianzas creativas, ofreciendo un retrato amplio y revelador. <strong>C. Tangana<\/strong> no es uno, sino muchos.<\/p>\n<p>Las muy diversas mutaciones en las que se ha embarcado el artista diseccionado en estas p\u00e1ginas, por muchos conocido como C. Tangana, mas tambi\u00e9n por otros como Crema, el Madrile\u00f1o (por antonomasia, pese a su sentida raigambre celt\u00edbera), y Pucho para sus m\u00e1s allegados \u2014sin que por ello haya dejado de atender a su verdadero nombre, Ant\u00f3n \u00c1lvarez Alfaro\u2014, es un fen\u00f3meno digno de encomio y de estudio por su vers\u00e1til carrera musical, pero tambi\u00e9n por sus no menos singulares emprendimientos art\u00edsticos y empresariales; aventuras que trascienden sus primeros tientos profesionales consagrados a la m\u00fasica para alcanzar tambi\u00e9n a la moda y el cine, y conforman la prol\u00edfica producci\u00f3n art\u00edstica de este portento multidisciplinar.<\/p>\n","protected":false},"excerpt":{"rendered":"En el libro C. Tangana \u2014del rap crudo a la alfombra roja\u2014 (Libros del Kultrum, 2025), Joan S.&hellip;\n","protected":false},"author":2,"featured_media":344372,"comment_status":"","ping_status":"","sticky":false,"template":"","format":"standard","meta":{"footnotes":""},"categories":[170],"tags":[146,147,25,24,184,185,23],"class_list":{"0":"post-344371","1":"post","2":"type-post","3":"status-publish","4":"format-standard","5":"has-post-thumbnail","7":"category-musica","8":"tag-entertainment","9":"tag-entretenimiento","10":"tag-es","11":"tag-espana","12":"tag-music","13":"tag-musica","14":"tag-spain"},"share_on_mastodon":{"url":"https:\/\/pubeurope.com\/@es\/115905960651326562","error":""},"_links":{"self":[{"href":"https:\/\/www.europesays.com\/es\/wp-json\/wp\/v2\/posts\/344371","targetHints":{"allow":["GET"]}}],"collection":[{"href":"https:\/\/www.europesays.com\/es\/wp-json\/wp\/v2\/posts"}],"about":[{"href":"https:\/\/www.europesays.com\/es\/wp-json\/wp\/v2\/types\/post"}],"author":[{"embeddable":true,"href":"https:\/\/www.europesays.com\/es\/wp-json\/wp\/v2\/users\/2"}],"replies":[{"embeddable":true,"href":"https:\/\/www.europesays.com\/es\/wp-json\/wp\/v2\/comments?post=344371"}],"version-history":[{"count":0,"href":"https:\/\/www.europesays.com\/es\/wp-json\/wp\/v2\/posts\/344371\/revisions"}],"wp:featuredmedia":[{"embeddable":true,"href":"https:\/\/www.europesays.com\/es\/wp-json\/wp\/v2\/media\/344372"}],"wp:attachment":[{"href":"https:\/\/www.europesays.com\/es\/wp-json\/wp\/v2\/media?parent=344371"}],"wp:term":[{"taxonomy":"category","embeddable":true,"href":"https:\/\/www.europesays.com\/es\/wp-json\/wp\/v2\/categories?post=344371"},{"taxonomy":"post_tag","embeddable":true,"href":"https:\/\/www.europesays.com\/es\/wp-json\/wp\/v2\/tags?post=344371"}],"curies":[{"name":"wp","href":"https:\/\/api.w.org\/{rel}","templated":true}]}}