{"id":344379,"date":"2026-01-16T17:32:09","date_gmt":"2026-01-16T17:32:09","guid":{"rendered":"https:\/\/www.europesays.com\/es\/344379\/"},"modified":"2026-01-16T17:32:09","modified_gmt":"2026-01-16T17:32:09","slug":"nueva-gala-con-jorge-javier-vazquez","status":"publish","type":"post","link":"https:\/\/www.europesays.com\/es\/344379\/","title":{"rendered":"nueva gala con Jorge Javier V\u00e1zquez"},"content":{"rendered":"\n<p> GH D\u00fao 4 tiene mucho que contar y dos emisiones semanales se quedan demasiado cortas. <strong>A partir del martes, Jorge Javier V\u00e1zquez comandar\u00e1 GH D\u00fao: l\u00edmite 48 horas<\/strong>, seg\u00fan ha conocido en exclusiva EL CONFI TV. <\/p>\n<p> Pese a no estar en los planes iniciales, Zeppelin TV da luz verde a una segunda gala semanal, que junto con la principal del jueves y el debate de Ion Aramendi supone tres citas ineludibles con sus fieles telespectadores. Ser\u00e1 <strong>el martes, despu\u00e9s de la emisi\u00f3n de El debate de las tentaciones, en Telecinco.<\/strong> <\/p>\n<p> Y lo hace, una semana despu\u00e9s de haber superado su aterrizaje en la parrilla, ya que la segunda entrega -con las primeras nominaciones y <a href=\"https:\/\/www.elconfidencial.com\/television\/programas-tv\/2026-01-16\/andrea-sandra-juanpi-tentaciones-trio-gh-duo-4_4284929\/\" target=\"_self\" rel=\"nofollow noopener\">la entrada del tr\u00edo<\/a> de La isla de las tentaciones- <strong>consigui\u00f3 destacar en <a href=\"https:\/\/www.elconfidencial.com\/television\/programas-tv\/2026-01-16\/audiencias-gh-duo-gran-hermano-20-comparacion-telecinco_4285197\/\" target=\"_self\" rel=\"nofollow noopener\">audiencias<\/a> sobre el resto de ofertas del prime time del jueves<\/strong>. Fidelidad que consigui\u00f3 retener el domingo, en pleno debut de Cuentas pendientes. <\/p>\n<p> La maniobra se antoja necesaria para la exposici\u00f3n que est\u00e1 exigiendo el <strong>incombustible casting de esta nueva hornada de celebridades<\/strong>. La casa de Tres Cantos es un hervidero de tramas, todas ellas protagonizadas en su gran mayor\u00eda por Cristina Piaget, seguida de Carlos Lozano, Bel\u00e9n Ro o Anita Williams. <\/p>\n<p> Por ello, y para <strong>compartir con los fieles seguidores del formato todo lo que acontece dentro de la casa<\/strong>, productora y cadena han acordado abrir paso en la programaci\u00f3n a uno de sus eternos talismanes televisivos. Con la irrupci\u00f3n de una segunda gala semanal, adem\u00e1s, con el presentador titular del reality a los mandos, GH D\u00fao 4 se convierte en la oferta con m\u00e1s presencia en el cat\u00e1logo de Telecinco. <\/p>\n<p>              <img decoding=\"async\" class=\"inTextNews__img\" alt=\"Foto: Carlos Lozano y Cristina Piaget, dos de los nominados de 'GH D\u00fco'. (Telecinco)\" src=\"https:\/\/www.europesays.com\/es\/wp-content\/uploads\/2026\/01\/f.elconfidencial.com\/original\/d34\/7fd\/890\/d347fd89079115afd1f1f6ba181cd7e6.jpg\"  \/>     <\/p>\n<p>TE PUEDE INTERESAR<\/p>\n<p>      <a class=\"inTextNews__title\" href=\"https:\/\/www.elconfidencial.com\/television\/programas-tv\/2026-01-16\/gran-hermano-duo-nominados-concursantes-famosos-telecinco_4285080\/\" onclick=\"window.ECCO.emit(&#039;amplitude&#039;, { dataEventName: &#039;click_related_article_module&#039;, data: { related_article_url: &#039;https:\/\/www.elconfidencial.com\/television\/programas-tv\/2026-01-16\/gran-hermano-duo-nominados-concursantes-famosos-telecinco_4285080\/&#039;, related_article_author: &#039;Nay\u00edn Costas&#039;, related_article_section: &#039;programas-tv&#039; } })\" rel=\"nofollow noopener\" target=\"_blank\"> Primera lista de nominados de &#8216;GH D\u00fao&#8217;: cinco pesos pesados en riesgo de expulsi\u00f3n, privilegios sin usar y la sombra de un pacto <\/a>   <\/p>\n<p>    Nay\u00edn Costas   <\/p>\n<p> Y todo ello, aderezado con<strong> la tira diaria con los momentos m\u00e1s destacados de la convivencia, disponible para los abonados de Mediaset Infinity.<\/strong> Res\u00famenes con la \u00faltima hora de las pol\u00e9micas y el movimiento de los principales protagonistas que hacen al ac\u00e9rrimo seguidor del formato estar totalmente al d\u00eda de lo que pasa en Tres Cantos. <\/p>\n<p> GH D\u00fao 4 tiene mucho que contar y dos emisiones semanales se quedan demasiado cortas. <strong>A partir del martes, Jorge Javier V\u00e1zquez comandar\u00e1 GH D\u00fao: l\u00edmite 48 horas<\/strong>, seg\u00fan ha conocido en exclusiva EL CONFI TV. <\/p>\n","protected":false},"excerpt":{"rendered":"GH D\u00fao 4 tiene mucho que contar y dos emisiones semanales se quedan demasiado cortas. A partir del&hellip;\n","protected":false},"author":2,"featured_media":344380,"comment_status":"","ping_status":"","sticky":false,"template":"","format":"standard","meta":{"footnotes":""},"categories":[91],"tags":[146,147,25,24,23],"class_list":{"0":"post-344379","1":"post","2":"type-post","3":"status-publish","4":"format-standard","5":"has-post-thumbnail","7":"category-entretenimiento","8":"tag-entertainment","9":"tag-entretenimiento","10":"tag-es","11":"tag-espana","12":"tag-spain"},"share_on_mastodon":{"url":"https:\/\/pubeurope.com\/@es\/115905976311748776","error":""},"_links":{"self":[{"href":"https:\/\/www.europesays.com\/es\/wp-json\/wp\/v2\/posts\/344379","targetHints":{"allow":["GET"]}}],"collection":[{"href":"https:\/\/www.europesays.com\/es\/wp-json\/wp\/v2\/posts"}],"about":[{"href":"https:\/\/www.europesays.com\/es\/wp-json\/wp\/v2\/types\/post"}],"author":[{"embeddable":true,"href":"https:\/\/www.europesays.com\/es\/wp-json\/wp\/v2\/users\/2"}],"replies":[{"embeddable":true,"href":"https:\/\/www.europesays.com\/es\/wp-json\/wp\/v2\/comments?post=344379"}],"version-history":[{"count":0,"href":"https:\/\/www.europesays.com\/es\/wp-json\/wp\/v2\/posts\/344379\/revisions"}],"wp:featuredmedia":[{"embeddable":true,"href":"https:\/\/www.europesays.com\/es\/wp-json\/wp\/v2\/media\/344380"}],"wp:attachment":[{"href":"https:\/\/www.europesays.com\/es\/wp-json\/wp\/v2\/media?parent=344379"}],"wp:term":[{"taxonomy":"category","embeddable":true,"href":"https:\/\/www.europesays.com\/es\/wp-json\/wp\/v2\/categories?post=344379"},{"taxonomy":"post_tag","embeddable":true,"href":"https:\/\/www.europesays.com\/es\/wp-json\/wp\/v2\/tags?post=344379"}],"curies":[{"name":"wp","href":"https:\/\/api.w.org\/{rel}","templated":true}]}}