{"id":344389,"date":"2026-01-16T17:37:21","date_gmt":"2026-01-16T17:37:21","guid":{"rendered":"https:\/\/www.europesays.com\/es\/344389\/"},"modified":"2026-01-16T17:37:21","modified_gmt":"2026-01-16T17:37:21","slug":"feijoo-va-a-una-concentracion-de-motos-en-tordesillas-y-no-pierde-la-oportunidad-de-sacarse-una-foto-subido-en-una","status":"publish","type":"post","link":"https:\/\/www.europesays.com\/es\/344389\/","title":{"rendered":"Feij\u00f3o va a una concentraci\u00f3n de motos en Tordesillas&#8230; y no pierde la oportunidad de sacarse una foto subido en una"},"content":{"rendered":"<p class=\"article-text\">\n        El presidente del PP, Alberto N\u00fa\u00f1ez Feij\u00f3o, ha aprovechado que este viernes ten\u00eda que viajar a Valladolid para un foro de trabajo de los populares europeos para pasarse por el arranque de la 26 edici\u00f3n de Motauros, que se celebra en Tordesillas hasta este domingo. Y como \u00e9l no es motero porque no quiere, ha aprovechado para subirse a uno de estos veh\u00edculos de dos ruedas para mimetizarse con el ambiente de esta concentraci\u00f3n internacional, que tiene previsto acoger a unos 20.000 participantes durante este fin de semana en el Parque de Valdegalindo del municipio.\n    <\/p>\n<p class=\"article-text\">\n        Feij\u00f3o ha llegado ataviado con un abrigo azul con motivo de las temperaturas g\u00e9lidas de estos d\u00edas en la provincia de Valladolid y ha saludado y charlado con organizadores, participantes y agentes de la Guardia Civil presentes en el dispositivo de seguridad. Durante la visita, ha estado acompa\u00f1ado por el presidente del PP en Valladolid, Conrado \u00cdscar; y el alcalde de Tordesillas, Miguel \u00c1ngel Oliveira.\n    <\/p>\n<p>            <img decoding=\"async\" class=\"lazy\" loading=\"lazy\" data-src=\"https:\/\/static.eldiario.es\/clip\/639b9f94-fc5f-4004-a4fc-46a44d8b514c_16-9-discover-aspect-ratio_default_0.jpg\" src=\"data:image\/svg+xml,%3Csvg xmlns=\" http:=\"\" viewbox=\"0 0 1200 675\" alt=\"Alberto N\u00fa\u00f1ez Feij\u00f3o este viernes en Motauros, Tordesillas.\"\/><\/p>\n<p class=\"article-text\">\n        El presidente del PP ha aprovechado el recorrido por las instalaciones para observar algunas de las motos e incluso para comprar una de las chaquetas de motoristas que venden como merchandising de Motaurus con un toro rojo a la espalda. Adem\u00e1s, se ha colado en una de las carpas habilitadas como bar para colocarse en la barra y, como performance final, se ha subido a una de las motos con su nueva chupa, aunque sin casco.\n    <\/p>\n<p class=\"article-text\">\n        Eso s\u00ed, sin encenderla ya que, que se sepa, Feij\u00f3o no tiene ni carnet de moto ni es propietario de estos veh\u00edculos de dos ruedas. Aunque no ser\u00eda raro ya que, por ejemplo, su sustituto al frente de la Xunta de Galicia, Alfonso Rueda, s\u00ed que ha presumido en m\u00e1s de una ocasi\u00f3n de su pasi\u00f3n motera e incluso ha protagonizado <a href=\"https:\/\/x.com\/AlfonsoRuedaGal\/status\/1606243223696863233\" target=\"_blank\" data-mrf-recirculation=\"links-noticia\" class=\"link\" rel=\"nofollow\">una felicitaci\u00f3n navide\u00f1a<\/a> en 2022 subido en una. O incluso Santiago Abascal, que se ha dejado caer en varias ocasiones por concentraciones moteras similares, como por ejemplo <a href=\"https:\/\/www.elnortedecastilla.es\/valladolid\/pinguinos\/lider-santiago-abascal-20220114145306-video.html\" target=\"_blank\" data-mrf-recirculation=\"links-noticia\" class=\"link\" rel=\"nofollow noopener\">en Ping\u00fcinos en 2022<\/a>.\n    <\/p>\n<p>            <img decoding=\"async\" class=\"lazy\" loading=\"lazy\" data-src=\"https:\/\/static.eldiario.es\/clip\/1fb40f87-2d2b-459a-8347-b08975a7ba67_16-9-discover-aspect-ratio_default_0.jpg\" src=\"data:image\/svg+xml,%3Csvg xmlns=\" http:=\"\" viewbox=\"0 0 1200 675\" alt=\"Alberto N\u00fa\u00f1ez Feij\u00f3o durante su visita a Motauros.\"\/><\/p>\n<p class=\"article-text\">\n        Feij\u00f3o copia as\u00ed de alguna forma <a href=\"https:\/\/www.eldiario.es\/rastreador\/panadera-jefa-obra-chulapa-futbolista-mil-disfraces-ayuso-ruedas-prensa_132_12792032.html\" target=\"_blank\" data-mrf-recirculation=\"links-noticia\" class=\"link\" rel=\"nofollow noopener\">el manual de mimetizarse con el entorno de su compa\u00f1era de partido Isabel D\u00edaz Ayuso<\/a>, que empez\u00f3 Esperanza Aguirre. Si ya es habitual que un responsable pol\u00edtico se coloque casco y chaleco en toda visita a obra que se precie, la presidenta regional sube la apuesta disfraz\u00e1ndose de panadera, jefa de obra, chulapa o futbolista para sus ruedas de prensa tem\u00e1ticas.\n    <\/p>\n<p class=\"article-text\">\n        Pero a la l\u00edder madrile\u00f1a tambi\u00e9n le gusta colocarse detr\u00e1s de un volante y as\u00ed la hemos podido ver subida a un tractor, a una locomotora o a un coche de rallies. Y s\u00ed, tambi\u00e9n se ha subido en una moto. En concreto, lo hizo en la campa\u00f1a electoral de 2021. Con casco, en marcha y de pasajera, en su caso.\n    <\/p>\n<p>    <a href=\"https:\/\/www.eldiario.es\/rastreador\/feijoo-trata-salir-paso-broma-andaluces-forma-habeis-recibido-demuestra-arte_132_12856754.html\" data-mrf-recirculation=\"saber-mas-abajo\" data-dl-event=\"saber-mas-abajo\" rel=\"nofollow noopener\" target=\"_blank\"><\/p>\n<p class=\"know-more__title\">Feij\u00f3o trata de salir del paso tras su \u201cbroma\u201d sobre los andaluces: \u201cLa forma en la que la hab\u00e9is recibido demuestra el arte que ten\u00e9is\u201d<\/p>\n<p>            <img decoding=\"async\" class=\"lazy\" loading=\"lazy\" data-src=\"https:\/\/static.eldiario.es\/clip\/5787495c-7f2f-495a-93d4-d7ab0dea9327_16-9-aspect-ratio_default_0_x910y242.jpg\" src=\"data:image\/svg+xml,%3Csvg xmlns=\" http:=\"\" viewbox=\"0 0 880 495\" alt=\"Feij\u00f3o trata de salir del paso tras su &quot;broma&quot; sobre los andaluces: &quot;La forma en la que la hab\u00e9is recibido demuestra el arte que ten\u00e9is&quot;\"\/><\/p>\n<p>                        <\/a><\/p>\n<blockquote class=\"twitter-tweet\" data-lang=\"es\"><p><a href=\"https:\/\/twitter.com\/X\/status\/1388157875223207936?ref_src=twsrc%5Etfw\" rel=\"nofollow noopener\" target=\"_blank\"><\/p><\/blockquote>\n<p class=\"article-text\">\n        Feij\u00f3o lo hace, adem\u00e1s, a <a href=\"https:\/\/www.eldiario.es\/castilla-y-leon\/cuenta-convocatoria-electoral-castilla-leon-sera-segunda-cita-invernal_1_12881570.html\" target=\"_blank\" data-mrf-recirculation=\"links-noticia\" class=\"link\" rel=\"nofollow noopener\">las puertas del inicio de la campa\u00f1a electoral en Castilla y Le\u00f3n<\/a>. Todo apunta a que la cita se celebrar\u00e1 el pr\u00f3ximo 15 de marzo tras agotar el presidente Alfonso Fern\u00e1ndez Ma\u00f1ueco la und\u00e9cima legislatura, que se inici\u00f3 en el 2022 con un ins\u00f3lito adelanto electoral.\u00a0\n    <\/p>\n<p>                <script async src=\"https:\/\/platform.twitter.com\/widgets.js\" charset=\"utf-8\"><\/script><\/p>\n","protected":false},"excerpt":{"rendered":"El presidente del PP, Alberto N\u00fa\u00f1ez Feij\u00f3o, ha aprovechado que este viernes ten\u00eda que viajar a Valladolid para&hellip;\n","protected":false},"author":2,"featured_media":344390,"comment_status":"","ping_status":"","sticky":false,"template":"","format":"standard","meta":{"footnotes":""},"categories":[5],"tags":[17,18,5762,25,24,13,14,9860,19676,11,19,20,13882,9,689,10,15,16,2082,3457,78175,23,26996,12,30309,21,22],"class_list":{"0":"post-344389","1":"post","2":"type-post","3":"status-publish","4":"format-standard","5":"has-post-thumbnail","7":"category-titulares","8":"tag-breaking-news","9":"tag-breakingnews","10":"tag-concentracion","11":"tag-es","12":"tag-espana","13":"tag-featured-news","14":"tag-featurednews","15":"tag-feijoo","16":"tag-foto","17":"tag-headlines","18":"tag-latest-news","19":"tag-latestnews","20":"tag-motos","21":"tag-news","22":"tag-no","23":"tag-noticias","24":"tag-noticias-destacadas","25":"tag-noticiasdestacadas","26":"tag-oportunidad","27":"tag-pierde","28":"tag-sacarse","29":"tag-spain","30":"tag-subido","31":"tag-titulares","32":"tag-tordesillas","33":"tag-ultimas-noticias","34":"tag-ultimasnoticias"},"share_on_mastodon":{"url":"https:\/\/pubeurope.com\/@es\/115905995924220207","error":""},"_links":{"self":[{"href":"https:\/\/www.europesays.com\/es\/wp-json\/wp\/v2\/posts\/344389","targetHints":{"allow":["GET"]}}],"collection":[{"href":"https:\/\/www.europesays.com\/es\/wp-json\/wp\/v2\/posts"}],"about":[{"href":"https:\/\/www.europesays.com\/es\/wp-json\/wp\/v2\/types\/post"}],"author":[{"embeddable":true,"href":"https:\/\/www.europesays.com\/es\/wp-json\/wp\/v2\/users\/2"}],"replies":[{"embeddable":true,"href":"https:\/\/www.europesays.com\/es\/wp-json\/wp\/v2\/comments?post=344389"}],"version-history":[{"count":0,"href":"https:\/\/www.europesays.com\/es\/wp-json\/wp\/v2\/posts\/344389\/revisions"}],"wp:featuredmedia":[{"embeddable":true,"href":"https:\/\/www.europesays.com\/es\/wp-json\/wp\/v2\/media\/344390"}],"wp:attachment":[{"href":"https:\/\/www.europesays.com\/es\/wp-json\/wp\/v2\/media?parent=344389"}],"wp:term":[{"taxonomy":"category","embeddable":true,"href":"https:\/\/www.europesays.com\/es\/wp-json\/wp\/v2\/categories?post=344389"},{"taxonomy":"post_tag","embeddable":true,"href":"https:\/\/www.europesays.com\/es\/wp-json\/wp\/v2\/tags?post=344389"}],"curies":[{"name":"wp","href":"https:\/\/api.w.org\/{rel}","templated":true}]}}