{"id":344399,"date":"2026-01-16T17:48:17","date_gmt":"2026-01-16T17:48:17","guid":{"rendered":"https:\/\/www.europesays.com\/es\/344399\/"},"modified":"2026-01-16T17:48:17","modified_gmt":"2026-01-16T17:48:17","slug":"una-casa-junto-a-un-lago-hecha-en-hormigon-y-madera-disenada-para-un-bailarin","status":"publish","type":"post","link":"https:\/\/www.europesays.com\/es\/344399\/","title":{"rendered":"Una casa junto a un lago hecha en hormig\u00f3n y madera dise\u00f1ada para un bailar\u00edn"},"content":{"rendered":"<p data-journey-content=\"true\" data-node-id=\"2\" class=\"css-6wxqfj emevuu60\">En una calle junto a un lago de la zona de Scarborough Bluffs, muy cerca del centro de <strong data-node-id=\"2.1\">Toronto<\/strong>, se encuentra esta vivienda en la que residen un artista del Ballet Nacional de Canad\u00e1 y su pareja. Obra del estudio <strong data-node-id=\"2.3\">Williamson Williamson <\/strong> y desarrollada en estrecha colaboraci\u00f3n con los propietarios, la casa se adapta al espacio circundante y <strong data-node-id=\"2.5\">capta y coreograf\u00eda la luz <\/strong>al tiempo que pone en valor los materiales de su construcci\u00f3n. <\/p>\n<p data-journey-content=\"true\" data-node-id=\"5\" class=\"css-6wxqfj emevuu60\">En total, la vivienda cuenta con<strong data-node-id=\"5.1\"> 387 metros cuadrados<\/strong> distribuidos en diferentes vol\u00famenes de hormig\u00f3n \u201cconcebidos como sistemas de contenci\u00f3n habitables\u201d y en los que abundan los espacios vac\u00edos que ayudan a  generan profundidad, vistas cruzadas y una distribuci\u00f3n precisa de la luz. El m\u00e1s alto de ellos, de 26 pies de altura, genera un volumen vertical que ayuda a que la luz natural inunde toda la casa. Todo se ha dise\u00f1ado para que tenga una huella contenida, respetando las viviendas de alrededor y el borde del lago.<\/p>\n<p><img draggable=\"true\" alt=\"casa canada\" title=\"casa canada\" loading=\"lazy\" width=\"6500\" height=\"5406\" decoding=\"async\" data-nimg=\"1\" style=\"color:transparent;width:100%;height:auto;\"   src=\"https:\/\/www.europesays.com\/es\/wp-content\/uploads\/2026\/01\/114010-full-2682-2-114010-sc-v2com-696601d6228d7.jpg\" class=\"css-0 e1g79fud0\"\/><\/p>\n<p>doublespace photography<\/p>\n<p><img draggable=\"true\" alt=\"casa canada\" title=\"casa canada\" loading=\"lazy\" width=\"6500\" height=\"4875\" decoding=\"async\" data-nimg=\"1\" style=\"color:transparent;width:100%;height:auto;\"   src=\"https:\/\/www.europesays.com\/es\/wp-content\/uploads\/2026\/01\/114011-full-2682-2-114011-sc-v2com-696601d5e84bd.jpg\" class=\"css-0 e1g79fud0\"\/><\/p>\n<p>doublespace photography<\/p>\n<p><img draggable=\"true\" alt=\"casa canada\" title=\"casa canada\" loading=\"lazy\" width=\"3900\" height=\"2924\" decoding=\"async\" data-nimg=\"1\" style=\"color:transparent;width:100%;height:auto;\"   src=\"https:\/\/www.europesays.com\/es\/wp-content\/uploads\/2026\/01\/114013-full-2682-2-114013-sc-v2com-696601cfda6bc.jpg\" class=\"css-0 e1g79fud0\"\/><\/p>\n<p>doublespace photography<\/p>\n<p data-journey-content=\"true\" data-node-id=\"10\" class=\"css-6wxqfj emevuu60\">En su distribuci\u00f3n (cuenta con varios dormitorios, despacho y sala de estar) la mayor\u00eda de las estancias principales est\u00e1n<strong data-node-id=\"10.1\"> orientadas al lago<\/strong>, mientras las secundarias dan a a calle. Adem\u00e1s, para que la conexi\u00f3n al exterior sea total, sobre sus diferentes construcciones, un volumen de madera se proyecta en voladizo tanto hacia la calle como hacia el lago. <\/p>\n<p data-journey-content=\"true\" data-node-id=\"14\" class=\"css-6wxqfj emevuu60\">En cuanto al <strong data-node-id=\"14.1\">interior de la vivienda, <\/strong>este viene definido por el hormig\u00f3n, que conforma toda la estructura y puede apreciarse en numerosos elementos. Adem\u00e1s, la circulaci\u00f3n y las estancias principales se revisten con carpinter\u00eda de madera que contrastan con muros pintados de blanco \u201cque amplifican la entrada de luz natural\u201d. As\u00ed, los materiales priorizan la durabilidad, la reparabilidad y el rendimiento a largo plazo.<\/p>\n<p><img draggable=\"true\" alt=\"casa canada\" title=\"casa canada\" loading=\"lazy\" width=\"4500\" height=\"6000\" decoding=\"async\" data-nimg=\"1\" style=\"color:transparent;width:100%;height:auto;\"   src=\"https:\/\/www.europesays.com\/es\/wp-content\/uploads\/2026\/01\/114021-full-2682-2-114021-sc-v2com-696601d661436.jpg\" class=\"css-0 e1g79fud0\"\/><\/p>\n<p>doublespace photography<\/p>\n<p><img draggable=\"true\" alt=\"casa canada\" title=\"casa canada\" loading=\"lazy\" width=\"4500\" height=\"3375\" decoding=\"async\" data-nimg=\"1\" style=\"color:transparent;width:100%;height:auto;\"   src=\"https:\/\/www.europesays.com\/es\/wp-content\/uploads\/2026\/01\/114007-full-2682-2-114007-sc-v2com-696601cfd1792.jpg\" class=\"css-0 e1g79fud0\"\/><\/p>\n<p>doublespace photography<\/p>\n<p><img draggable=\"true\" alt=\"casa canada\" title=\"casa canada\" loading=\"lazy\" width=\"6000\" height=\"4500\" decoding=\"async\" data-nimg=\"1\" style=\"color:transparent;width:100%;height:auto;\"   src=\"https:\/\/www.europesays.com\/es\/wp-content\/uploads\/2026\/01\/114019-full-2682-2-114019-sc-v2com-696601cfd9d26.jpg\" class=\"css-0 e1g79fud0\"\/><\/p>\n<p>doublespace photography<\/p>\n<p><img draggable=\"true\" alt=\"casa canada\" title=\"casa canada\" loading=\"lazy\" width=\"3375\" height=\"4500\" decoding=\"async\" data-nimg=\"1\" style=\"color:transparent;width:100%;height:auto;\"   src=\"https:\/\/www.europesays.com\/es\/wp-content\/uploads\/2026\/01\/114026-full-2682-2-114026-sc-v2com-696601cfbd97a.jpg\" class=\"css-0 e1g79fud0\"\/><\/p>\n<p>doublespace photography<\/p>\n<p><img draggable=\"true\" alt=\"casa canada\" title=\"casa canada\" loading=\"lazy\" width=\"4875\" height=\"6500\" decoding=\"async\" data-nimg=\"1\" style=\"color:transparent;width:100%;height:auto;\"   src=\"https:\/\/www.europesays.com\/es\/wp-content\/uploads\/2026\/01\/114004-full-2682-2-114004-sc-v2com-696601cfd793c.jpg\" class=\"css-0 e1g79fud0\"\/><\/p>\n<p>doublespace photography<\/p>\n<p data-journey-content=\"true\" data-node-id=\"21\" class=\"css-6wxqfj emevuu60\">La vivienda se encarga de<strong data-node-id=\"21.1\"> ir enlazando interior y exterior,<\/strong> con vistas y vol\u00famenes que se abren hacia el lago. En la parte exterior, destaca un volumen de madera que se proyecta en voladizo tanto hacia la calle como hacia el lago y que adem\u00e1s protege la entrada de la casa. Otros elementos, como una puerta de vidrio estriado que aporta la luz natural necesaria manteniendo la privacidad o una fachada de lamas de madera, que ajusta los espacios a las necesidades cambiantes de privacidad y uso tambi\u00e9n contribuyen a ese contacto entre lo que est\u00e1 fuera y lo que est\u00e1 dentro. <\/p>\n<p><img draggable=\"true\" alt=\"casa canada\" title=\"casa canada\" loading=\"lazy\" width=\"3840\" height=\"4800\" decoding=\"async\" data-nimg=\"1\" style=\"color:transparent;width:100%;height:auto;\"   src=\"https:\/\/www.europesays.com\/es\/wp-content\/uploads\/2026\/01\/114002-full-2682-2-114002-sc-v2com-696601cfd3c81.jpg\" class=\"css-0 e1g79fud0\"\/><\/p>\n<p>doublespace photography<\/p>\n<p><img draggable=\"true\" alt=\"casa canada\" title=\"casa canada\" loading=\"lazy\" width=\"4875\" height=\"6500\" decoding=\"async\" data-nimg=\"1\" style=\"color:transparent;width:100%;height:auto;\"   src=\"https:\/\/www.europesays.com\/es\/wp-content\/uploads\/2026\/01\/114018-full-2682-2-114018-sc-v2com-696601d5f3b23.jpg\" class=\"css-0 e1g79fud0\"\/><\/p>\n<p>doublespace photography<\/p>\n<p><img draggable=\"true\" alt=\"casa canada\" title=\"casa canada\" loading=\"lazy\" width=\"4875\" height=\"6500\" decoding=\"async\" data-nimg=\"1\" style=\"color:transparent;width:100%;height:auto;\"   src=\"https:\/\/www.europesays.com\/es\/wp-content\/uploads\/2026\/01\/114014-full-2682-2-114014-sc-v2com-696601d577913.jpg\" class=\"css-0 e1g79fud0\"\/><\/p>\n<p>doublespace photography<\/p>\n<p data-journey-content=\"true\" data-node-id=\"26\" class=\"css-6wxqfj emevuu60\"><strong data-node-id=\"26.0\"><a href=\"https:\/\/www.williamsonwilliamson.com\/arch\/\" target=\"_blank\" rel=\"nofollow noopener\" data-vars-ga-outbound-link=\"https:\/\/www.williamsonwilliamson.com\/arch\/\" data-vars-ga-ux-element=\"Hyperlink\" data-vars-ga-call-to-action=\"www.williamsonwilliamson.com\" data-node-id=\"26.0.0.0\" class=\"body-link css-15fjk10 emevuu60\">www.williamsonwilliamson.com<\/a><\/strong><\/p>\n<p><img src=\"https:\/\/www.europesays.com\/es\/wp-content\/uploads\/2026\/01\/7ffc8884-8cd8-409c-8495-02a57a523805_1660891687.file.png\" alt=\"Headshot of Eduardo Infante\" title=\"Headshot of Eduardo Infante\" width=\"100%\" height=\"100%\" decoding=\"async\" loading=\"lazy\" class=\"css-o0wq4v ev8dhu53\"\/><\/p>\n<p>\u00a0<a href=\" https:\/\/www.linkedin.com\/in\/eduardo-infante-mart%C3%ADn-16468a27\/\">Eduardo Infante<\/a> es periodista especializado en estilo de vida, concretamente en temas de dise\u00f1o, interiorismo, arquitectura, artesan\u00eda y decoraci\u00f3n.\u00a0<\/p>\n<p>\u00a0Desde hace casi una d\u00e9cada ha centrado su carrera en seleccionar y escribir sobre las novedades m\u00e1s interesantes en estos campos: desde la reforma de una vivienda a la inauguraci\u00f3n de un nuevo hotel, pasando por la \u00faltima colecci\u00f3n de muebles outdoor o el lanzamiento de un libro especializado.\u00a0<\/p>\n<p>\u00a0Licenciado en Periodismo en la Universidad del Pa\u00eds Vasco, antes de formar parte del equipo de Elle Decor Espa\u00f1a ha trabajado como redactor en AD Espa\u00f1a, la revista Tentaciones o la agencia Europa Press. Como colaborador, su firma ha sido habitual en medios como El Pa\u00eds, Arquitectura y Dise\u00f1o, Vanity Fair o El Confidencial.\u00a0<\/p>\n<p>\u00a0Adem\u00e1s de su trabajo como periodista, Eduardo Infante ha trabajado como consultor de comunicaci\u00f3n y content curator para estudios de interiorismo y arquitectura y como copy creativo para marcas del sector. Tambi\u00e9n ha impartido clases en varios cursos dirigidos a profesionales del interiorismo y es profesor de la asignatura de Comunicaci\u00f3n de Proyecto en el M\u00e1ster de Interiorismo de IED Madrid.\u00a0<\/p>\n<p>\u00a0En sus ratos libres, se declara fan fatal de Los Simpson, los podcasts de true crime, la m\u00fasica Italo Disco y el vermut.\u00a0<\/p>\n","protected":false},"excerpt":{"rendered":"En una calle junto a un lago de la zona de Scarborough Bluffs, muy cerca del centro de&hellip;\n","protected":false},"author":2,"featured_media":344400,"comment_status":"","ping_status":"","sticky":false,"template":"","format":"standard","meta":{"footnotes":""},"categories":[173],"tags":[229,233,231,230,232,253,234,1180,146,147,25,24,23],"class_list":{"0":"post-344399","1":"post","2":"type-post","3":"status-publish","4":"format-standard","5":"has-post-thumbnail","7":"category-arte-y-diseno","8":"tag-arte","9":"tag-arte-y-diseno","10":"tag-arts","11":"tag-arts-and-design","12":"tag-design","13":"tag-discover","14":"tag-diseno","15":"tag-editorial","16":"tag-entertainment","17":"tag-entretenimiento","18":"tag-es","19":"tag-espana","20":"tag-spain"},"share_on_mastodon":{"url":"https:\/\/pubeurope.com\/@es\/115906039431419442","error":""},"_links":{"self":[{"href":"https:\/\/www.europesays.com\/es\/wp-json\/wp\/v2\/posts\/344399","targetHints":{"allow":["GET"]}}],"collection":[{"href":"https:\/\/www.europesays.com\/es\/wp-json\/wp\/v2\/posts"}],"about":[{"href":"https:\/\/www.europesays.com\/es\/wp-json\/wp\/v2\/types\/post"}],"author":[{"embeddable":true,"href":"https:\/\/www.europesays.com\/es\/wp-json\/wp\/v2\/users\/2"}],"replies":[{"embeddable":true,"href":"https:\/\/www.europesays.com\/es\/wp-json\/wp\/v2\/comments?post=344399"}],"version-history":[{"count":0,"href":"https:\/\/www.europesays.com\/es\/wp-json\/wp\/v2\/posts\/344399\/revisions"}],"wp:featuredmedia":[{"embeddable":true,"href":"https:\/\/www.europesays.com\/es\/wp-json\/wp\/v2\/media\/344400"}],"wp:attachment":[{"href":"https:\/\/www.europesays.com\/es\/wp-json\/wp\/v2\/media?parent=344399"}],"wp:term":[{"taxonomy":"category","embeddable":true,"href":"https:\/\/www.europesays.com\/es\/wp-json\/wp\/v2\/categories?post=344399"},{"taxonomy":"post_tag","embeddable":true,"href":"https:\/\/www.europesays.com\/es\/wp-json\/wp\/v2\/tags?post=344399"}],"curies":[{"name":"wp","href":"https:\/\/api.w.org\/{rel}","templated":true}]}}