{"id":344401,"date":"2026-01-16T17:50:03","date_gmt":"2026-01-16T17:50:03","guid":{"rendered":"https:\/\/www.europesays.com\/es\/344401\/"},"modified":"2026-01-16T17:50:03","modified_gmt":"2026-01-16T17:50:03","slug":"en-el-capitulo-de-hoy-de-suenos-de-libertad-16-de-enero-nueva-crisis-en-la-fabrica-mientras-andres-y-begona-antena-3","status":"publish","type":"post","link":"https:\/\/www.europesays.com\/es\/344401\/","title":{"rendered":"En el cap\u00edtulo de hoy de Sue\u00f1os de libertad; 16 de enero: nueva crisis en la f\u00e1brica mientras Andr\u00e9s y Bego\u00f1a &#8211; Antena 3"},"content":{"rendered":"<ol>\n<li><a href=\"https:\/\/news.google.com\/rss\/articles\/CBMi-AFBVV95cUxPZXBPd29jZ1o3WWQtWHYtRzNKRjI0a2xsOW9BdG1MM2FLQUIyc2U5ZVdUSFpqb1FLQ3FiTEIzVUpXUEVHQW9LalRXYlVuLVFoSXBaSVlQZ1Z0emE3M0t0cWJRYXVjYmVIT1kxZEc0Um44X3hMaDY2SXZpRWRmNm5nOVhSS3dWTGo5YURsUGxuRDFlV3lHaERvYXJFbEhaUXlHUzVWdmpWeDY3ejNLUDNKdGdlRGlBQjYwVHozS1pHZlNmaGJLTGNwRFh3N2RTa0poczBQTFFfSlg0bnljcERRVUZXcG1hNWNhbkNRQzd2Nl9QbTlydnJvZdIB-AFBVV95cUxQTUZacjZBQTFwRFdTWm02NDNXdjZGenM0ZEVqMWh6Mzl6R2hlVmNmckxxQWVTUjIxcTdNRmlwMzJFbDVrSVdIbmowX3pQUWNsUk1GUkUtb1ZrR0U1VUtiYVRFNnVCS3IxbFZVRUt1b2ttRklyLWtCZ1ZKVC1UWDZDY2daVVJjaldMM2R6YVprSnR1Z3ZkdzBCNGNrb0o2Z29kOFhJUEYydmVQVWwxUFUzVzFaUHQtSDd4R2IxMnlVQ1BwWkpaQWtMMDJxaTBFemhpcUFHdnIzVTN2UVVVTldaM01McGxBVkllZUlGNTdHN1pyYVpVZlZPdw?oc=5\" target=\"_blank\" rel=\"nofollow noopener\">En el cap\u00edtulo de hoy de Sue\u00f1os de libertad; 16 de enero: nueva crisis en la f\u00e1brica mientras Andr\u00e9s y Bego\u00f1a<\/a>&nbsp;&nbsp;Antena 3<\/li>\n<li><a href=\"https:\/\/news.google.com\/rss\/articles\/CBMi_wFBVV95cUxPdFEwMjlwX1lFeXdJMXhVbE9NZDJ2TkVHX1FGVzRFSWRBbmpmVlJ4VnZCRElXNmZkOWFUM01KYU4wY3QyRUYzQnBZU1NHYWpZcjU3TWMwdXJXUmdKZzZXNk14RjhOTXB6UGpSY2Jkb1ZMQndmbTJhVGV5VDlHVmp6ZC1kc1FKZEZlRHV4Y2JoVWllUWN2V2FKMGptTWpfQlpsNWN6SU9DbjRmQ0FwaGVfNVpDYWZJTzl1YjJnY3A3NVEzaW1YUTZ6bTBQYjFicTBxNFV3ZnNmMkdVb1lSNXpVNDZKMWh2eHUzTjlxT2R3d0ZNNkVjaC11b0lMXzJCS0nSAf8BQVVfeXFMT0dydDkzUmttVXpLZFZhRmJaam1wSG9PN0ppZ3ZBSVFOeWI5TWpqNk1xLWhpelZuT0VDbi10S1NCS05OSlhCU2czX1FkVE1WN0twVWRsbEpndElVOTZKVmVOSF9VV3J2cFprWERtUGFRODRrbk92aThHampFcVJ5a1h4UjdUUFJ5UUVobzFIdFRqUFZRZ0VRdFowYTFuNk4tVnVyeE9teEljTGtmVHh6RFkxel9jTFprU29SdjZ2SW5QdnNydmx2bU9SakxnMFZmMkpDMUFFckZnYWpod3VFNXhyVUhPR1JBUk5UTVg5Qm5PX0tLNWhsQkNfOERFdFkw?oc=5\" target=\"_blank\" rel=\"nofollow noopener\">Cap\u00edtulo de hoy de Sue\u00f1os de libertad; 15 de enero: Gabriel se hace con el control de la empresa mientras se<\/a>&nbsp;&nbsp;Antena 3<\/li>\n<li><a href=\"https:\/\/news.google.com\/rss\/articles\/CBMiygFBVV95cUxNbjJQQnpyd2Q2YjBBZDl1VXg3cjl4eTIzdWFyU0hDbEI2OXV6c3QwcGtYaGtkOHNPajNfNzZWZE0zeWxUb3FRSmhwbThsQmFKejE4cEI5UDh4WWZ5TUVMa0pOcms5RkJVSEh2WGdZdHNPdnNMN2pfNmhkZVhISUVrOUFBSG1rTlR3U0hENnlZS1hmM1dJMmpETlFiNWtEYmFBZzdLMTFjdkJkYWFBdDJJZDI4Um5zaV83TFhGaWljTHNiT1lBZlUxcDJR?oc=5\" target=\"_blank\" rel=\"nofollow noopener\">&#8216;Sue\u00f1os de libertad\u2019: Avance del cap\u00edtulo 478 del viernes, 16 de enero: una elipsis temporal de 4 meses llega a la serie<\/a>&nbsp;&nbsp;Lecturas<\/li>\n<li><a href=\"https:\/\/news.google.com\/rss\/articles\/CBMi1AFBVV95cUxNTkx6Q3kyLUVSczM1dXk1eThXQm94SWRMVnhpd1dtRi1HR0txNGNNLWw0TnlYR3NPX1BEbXE2VU4tUm9iNXVaWmZ4WnhhSVdSeFlLRlVMSGpkNlBjQjZsVnE1UTFqdlhaNE1HcUJuZUxseEw1bmc4VFhZT29MTC0yOFNIZkVLSjhzS1ZUcjdrVVlvR05YZkdWTE1nc19qTmpwT2R4Z0JoNFU0X0FmWnRxZ21jRzFnN0hGZGxMSXJYNFNYbUxWb1hzSkhYMU1ZYlAyWjBtNQ?oc=5\" target=\"_blank\" rel=\"nofollow noopener\">&#8216;Sue\u00f1os de libertad&#8217;, resumen semanal del 12 al 16 de enero en Antena 3<\/a>&nbsp;&nbsp;Diez Minutos<\/li>\n<li><a href=\"https:\/\/news.google.com\/rss\/articles\/CBMikgFBVV95cUxNay02RW5zdmdndTd4cm9BUFBPcW1QUkpvNDB0WkpvaGFqYy1lWjdsNWphSzhJbWxiUVBQZW9hVllIQVdlZFZzejBVQXRXZnhSQzVNclN0V1UtTjlEWmZtM19keFppTjNSQ0t0aDVnYnNyenpGc202bEtpcW8yanZLbmVpWnNrUnNSMDR6UkZ2U2tOUQ?oc=5\" target=\"_blank\" rel=\"nofollow noopener\">&#8216;Sue\u00f1os de libertad&#8217; avanzar\u00e1 cuatro meses, recibir\u00e1 a una nueva familia y Gabriel y Mar\u00eda seguir\u00e1n juntos<\/a>&nbsp;&nbsp;FormulaTV<\/li>\n<\/ol>\n","protected":false},"excerpt":{"rendered":"En el cap\u00edtulo de hoy de Sue\u00f1os de libertad; 16 de enero: nueva crisis en la f\u00e1brica mientras&hellip;\n","protected":false},"author":2,"featured_media":7497,"comment_status":"","ping_status":"","sticky":false,"template":"","format":"standard","meta":{"footnotes":""},"categories":[171],"tags":[146,147,25,24,23,214],"class_list":{"0":"post-344401","1":"post","2":"type-post","3":"status-publish","4":"format-standard","5":"has-post-thumbnail","7":"category-tv","8":"tag-entertainment","9":"tag-entretenimiento","10":"tag-es","11":"tag-espana","12":"tag-spain","13":"tag-tv"},"share_on_mastodon":{"url":"","error":""},"_links":{"self":[{"href":"https:\/\/www.europesays.com\/es\/wp-json\/wp\/v2\/posts\/344401","targetHints":{"allow":["GET"]}}],"collection":[{"href":"https:\/\/www.europesays.com\/es\/wp-json\/wp\/v2\/posts"}],"about":[{"href":"https:\/\/www.europesays.com\/es\/wp-json\/wp\/v2\/types\/post"}],"author":[{"embeddable":true,"href":"https:\/\/www.europesays.com\/es\/wp-json\/wp\/v2\/users\/2"}],"replies":[{"embeddable":true,"href":"https:\/\/www.europesays.com\/es\/wp-json\/wp\/v2\/comments?post=344401"}],"version-history":[{"count":0,"href":"https:\/\/www.europesays.com\/es\/wp-json\/wp\/v2\/posts\/344401\/revisions"}],"wp:featuredmedia":[{"embeddable":true,"href":"https:\/\/www.europesays.com\/es\/wp-json\/wp\/v2\/media\/7497"}],"wp:attachment":[{"href":"https:\/\/www.europesays.com\/es\/wp-json\/wp\/v2\/media?parent=344401"}],"wp:term":[{"taxonomy":"category","embeddable":true,"href":"https:\/\/www.europesays.com\/es\/wp-json\/wp\/v2\/categories?post=344401"},{"taxonomy":"post_tag","embeddable":true,"href":"https:\/\/www.europesays.com\/es\/wp-json\/wp\/v2\/tags?post=344401"}],"curies":[{"name":"wp","href":"https:\/\/api.w.org\/{rel}","templated":true}]}}