{"id":344417,"date":"2026-01-16T17:59:16","date_gmt":"2026-01-16T17:59:16","guid":{"rendered":"https:\/\/www.europesays.com\/es\/344417\/"},"modified":"2026-01-16T17:59:16","modified_gmt":"2026-01-16T17:59:16","slug":"servicios-de-emergencia-intervienen-en-un-accidente-de-trafico-con-un-fallecido-en-roda-san-javier-noticias-112","status":"publish","type":"post","link":"https:\/\/www.europesays.com\/es\/344417\/","title":{"rendered":"Servicios de emergencia intervienen en un accidente de tr\u00e1fico con un fallecido en Roda (San Javier) \u2013 Noticias 112"},"content":{"rendered":"<p>Servicios de emergencia han intervenido a primera hora de esta tarde en un accidente de tr\u00e1fico en el que se han visto implicados un turismo y un peat\u00f3n, ocurrido en la calle Carlos I de Roda, San Javier. Como consecuencia del accidente, una persona de unos 79 a\u00f1os de edad, ha quedado atrapada en los bajos del veh\u00edculo al ser persona atropellada, la cual ha resultado fallecida como consecuencia del mismo.<\/p>\n<p>El aviso se recibi\u00f3 a las\u00a0<strong>15:47 horas<\/strong>\u00a0en el Centro de Coordinaci\u00f3n de Emergencias\u00a0<strong>1-1-2 Regi\u00f3n de Murcia<\/strong>, una llamada alertaba del siniestro, localizado en la zona de los chalets adosados.<\/p>\n<p>Hasta el lugar del accidente se desplazaron unidades de la\u00a0<strong>Polic\u00eda Local de San Javier<\/strong>, dos<strong> unidades m\u00f3viles de emergencias<\/strong>, una de ellas perteneciente al <strong>Servicio de Emergencias de San Javier<\/strong> y otra de la Gerencia de Urgencias y Emergencias Sanitarias\u00a0<strong>061<\/strong>, Bomberos del Consorcio de Extinci\u00f3n de Incendio y Salvamento de la Regi\u00f3n de Murcia (<strong>CEIS<\/strong>) y <strong>Guardia Civil.<\/strong><\/p>\n<p>Personal sanitario desplazado al lugar solo han podido certificar el fallecimiento de la v\u00edctima. Ante estos hechos, Guardia Civil presente en el lugar procede a hacerse cargo de las diligencias judiciales correspondientes.<\/p>\n<p>\ud83d\udcf8 Im\u00e1genes 112ERM<\/p>\n<p><a href=\"https:\/\/noticias.112rmurcia.es\/wp-content\/uploads\/2026\/01\/RODA.png\" data-elementor-open-lightbox=\"yes\" data-elementor-lightbox-title=\"\" rel=\"nofollow noopener\" target=\"_blank\"><img fetchpriority=\"high\" decoding=\"async\" class=\"alignnone size-medium wp-image-14572\" src=\"https:\/\/www.europesays.com\/es\/wp-content\/uploads\/2026\/01\/RODA-300x189.png\" alt=\"\" width=\"300\" height=\"189\"  \/><\/a><\/p>\n","protected":false},"excerpt":{"rendered":"Servicios de emergencia han intervenido a primera hora de esta tarde en un accidente de tr\u00e1fico en el&hellip;\n","protected":false},"author":2,"featured_media":344418,"comment_status":"","ping_status":"","sticky":false,"template":"","format":"standard","meta":{"footnotes":""},"categories":[8],"tags":[17,18,25,24,13,14,11,19,20,9,10,15,16,23,12,21,22],"class_list":{"0":"post-344417","1":"post","2":"type-post","3":"status-publish","4":"format-standard","5":"has-post-thumbnail","7":"category-espana","8":"tag-breaking-news","9":"tag-breakingnews","10":"tag-es","11":"tag-espana","12":"tag-featured-news","13":"tag-featurednews","14":"tag-headlines","15":"tag-latest-news","16":"tag-latestnews","17":"tag-news","18":"tag-noticias","19":"tag-noticias-destacadas","20":"tag-noticiasdestacadas","21":"tag-spain","22":"tag-titulares","23":"tag-ultimas-noticias","24":"tag-ultimasnoticias"},"share_on_mastodon":{"url":"https:\/\/pubeurope.com\/@es\/115906082614171224","error":""},"_links":{"self":[{"href":"https:\/\/www.europesays.com\/es\/wp-json\/wp\/v2\/posts\/344417","targetHints":{"allow":["GET"]}}],"collection":[{"href":"https:\/\/www.europesays.com\/es\/wp-json\/wp\/v2\/posts"}],"about":[{"href":"https:\/\/www.europesays.com\/es\/wp-json\/wp\/v2\/types\/post"}],"author":[{"embeddable":true,"href":"https:\/\/www.europesays.com\/es\/wp-json\/wp\/v2\/users\/2"}],"replies":[{"embeddable":true,"href":"https:\/\/www.europesays.com\/es\/wp-json\/wp\/v2\/comments?post=344417"}],"version-history":[{"count":0,"href":"https:\/\/www.europesays.com\/es\/wp-json\/wp\/v2\/posts\/344417\/revisions"}],"wp:featuredmedia":[{"embeddable":true,"href":"https:\/\/www.europesays.com\/es\/wp-json\/wp\/v2\/media\/344418"}],"wp:attachment":[{"href":"https:\/\/www.europesays.com\/es\/wp-json\/wp\/v2\/media?parent=344417"}],"wp:term":[{"taxonomy":"category","embeddable":true,"href":"https:\/\/www.europesays.com\/es\/wp-json\/wp\/v2\/categories?post=344417"},{"taxonomy":"post_tag","embeddable":true,"href":"https:\/\/www.europesays.com\/es\/wp-json\/wp\/v2\/tags?post=344417"}],"curies":[{"name":"wp","href":"https:\/\/api.w.org\/{rel}","templated":true}]}}