{"id":344419,"date":"2026-01-16T18:00:25","date_gmt":"2026-01-16T18:00:25","guid":{"rendered":"https:\/\/www.europesays.com\/es\/344419\/"},"modified":"2026-01-16T18:00:25","modified_gmt":"2026-01-16T18:00:25","slug":"el-programa-de-vehiculos-de-combate-sobre-ruedas-dragon-da-un-paso-trascendental-con-la-entrega-de-40-unidades","status":"publish","type":"post","link":"https:\/\/www.europesays.com\/es\/344419\/","title":{"rendered":"El programa de veh\u00edculos de combate sobre ruedas \u2018Drag\u00f3n\u2019 da un paso trascendental con la entrega de 40 unidades"},"content":{"rendered":"<p>\t\t\t\t\t\t16\/01\/2026<br \/>\n\t\t\t\t\t\t<a href=\"https:\/\/twitter.com\/Defensagob\" title=\"Twitter\" rel=\"nofollow noopener\" target=\"_blank\"><img decoding=\"async\" src=\"https:\/\/www.europesays.com\/es\/wp-content\/uploads\/2025\/07\/siguenosTwitter1.png\" alt=\"Twitter\"\/> <\/a><\/p>\n<p>\t\t\t\t\t\tNuevo material<\/p>\n<p>\n\t\t\t\t\t\t\t<strong>El Ej\u00e9rcito de Tierra ha recibido los nuevos veh\u00edculos en la Base \u2018\u00c1lvarez de Sotomayor\u2019 que la Legi\u00f3n tiene en Almer\u00eda<\/strong>\n\t\t\t\t\t\t<\/p>\n<p><strong>La ministra de Defensa ha indicado la mejora de la interoperabilidad que supone la entrada en funcionamiento de este programa<\/strong><\/p>\n<p>Hoy es un d\u00eda importante para el Ej\u00e9rcito de Tierra, gracias a la entrega de 40 veh\u00edculos de combate sobre ruedas 8&#215;8 \u2018Drag\u00f3n\u2019. Un programa que se puso en marcha para modernizar las capacidades de las Fuerzas Armadas y cubrir las necesidades en el reemplazo de material obsoleto.<\/p>\n<p>Se trata de un veh\u00edculo que cumple con los requisitos de Estado Mayor y que est\u00e1 adaptado para funcionar en los m\u00e1s exigentes escenarios, donde destaca la importante apuesta y desarrollo por la seguridad del veh\u00edculo y de sus ocupantes, \u201cporque nuestros militares son lo m\u00e1s importante\u201d, ha dicho la ministra de Defensa, quien ha reiterado que \u201cgracias a este programa, se mejora la interoperabilidad del ej\u00e9rcito espa\u00f1ol y su fiabilidad y responsabilidad en el marco de las misiones de OTAN, UE y ONU\u201d.<\/p>\n<p>El 8&#215;8 se ha convertido en un ejemplo de autonom\u00eda estrat\u00e9gica y va a suponer una revoluci\u00f3n para el Ej\u00e9rcito de Tierra una vez entre en funcionamiento, tras el proceso de evaluaci\u00f3n operativa sobre el terreno.<\/p>\n<p>Gracias a este veh\u00edculo, \u201cse consolida ese modelo de ej\u00e9rcito moderno y de futuro, equilibrado y sostenible\u201d, ha dicho el jefe de Estado Mayor del Ej\u00e9rcito de Tierra, general de Ej\u00e9rcito Amador Ense\u00f1at, quien ha enlazado este\u00a0programa con \u201cel resto de los que est\u00e1n incluidos en el Plan de Seguridad y Defensa, como herramientas fundamentales para cumplir con los compromisos adquiridos con nuestros aliados pero, sobre todo, para materializar la apuesta por la modernizaci\u00f3n y la garant\u00eda de capacidades de las Fuerzas Armadas\u201d.<\/p>\n<p>Seg\u00fan la secretaria de Estado, Amparo Valcarce, ha impulsado la innovaci\u00f3n en \u00e1reas cr\u00edticas y, gracias a una inversi\u00f3n ambiciosa, genera empleo, mejora la competitividad de la industria y consolida importantes retornos, a lo largo de los tres corredores industriales de nuestro pa\u00eds donde se desarrolla.<\/p>\n<p>FORMACI\u00d3N Y APOYO LOG\u00cdSTICO<\/p>\n<p>La entrada en servicio de los nuevos carros de combate ha tra\u00eddo consigo un programa de formaci\u00f3n para sus conductores, jefes de veh\u00edculo, tiradores e instructores, as\u00ed como para el personal que se encargar\u00e1 de su mantenimiento. Para realizar la formaci\u00f3n en las mejores condiciones, se han suministrado tambi\u00e9n simuladores y un entrenador de torre de armamento.<\/p>\n<p>Asimismo, ha requerido una ampliaci\u00f3n del apoyo log\u00edstico inicial, reforzando las instalaciones de la Base \u2018\u00c1lvarez de Sotomayor\u2019 y adquiriendo el material necesario para desplegar un escal\u00f3n m\u00f3vil de mantenimiento. <br \/>\u00a0<\/p>\n<p>\t\t\t\t<script async src=\"https:\/\/platform.twitter.com\/widgets.js\" charset=\"utf-8\"><\/script><\/p>\n","protected":false},"excerpt":{"rendered":"16\/01\/2026 Nuevo material El Ej\u00e9rcito de Tierra ha recibido los nuevos veh\u00edculos en la Base \u2018\u00c1lvarez de Sotomayor\u2019&hellip;\n","protected":false},"author":2,"featured_media":2463,"comment_status":"","ping_status":"","sticky":false,"template":"","format":"standard","meta":{"footnotes":""},"categories":[5],"tags":[17,18,1616,2591,25,2586,24,2593,13,14,2588,2589,2590,2587,11,19,20,2592,2585,2584,9,10,15,16,23,12,21,22],"class_list":{"0":"post-344419","1":"post","2":"type-post","3":"status-publish","4":"format-standard","5":"has-post-thumbnail","7":"category-titulares","8":"tag-breaking-news","9":"tag-breakingnews","10":"tag-defensa","11":"tag-ejrcito-espaol","12":"tag-es","13":"tag-espaa","14":"tag-espana","15":"tag-fas","16":"tag-featured-news","17":"tag-featurednews","18":"tag-ffaa","19":"tag-fuerzas-armadas","20":"tag-fuerzas-armadas-profesionales","21":"tag-gobierno-de-espaa","22":"tag-headlines","23":"tag-latest-news","24":"tag-latestnews","25":"tag-mde","26":"tag-ministerio-de-defensa","27":"tag-ministerio-defensa","28":"tag-news","29":"tag-noticias","30":"tag-noticias-destacadas","31":"tag-noticiasdestacadas","32":"tag-spain","33":"tag-titulares","34":"tag-ultimas-noticias","35":"tag-ultimasnoticias"},"share_on_mastodon":{"url":"https:\/\/pubeurope.com\/@es\/115906086315141625","error":""},"_links":{"self":[{"href":"https:\/\/www.europesays.com\/es\/wp-json\/wp\/v2\/posts\/344419","targetHints":{"allow":["GET"]}}],"collection":[{"href":"https:\/\/www.europesays.com\/es\/wp-json\/wp\/v2\/posts"}],"about":[{"href":"https:\/\/www.europesays.com\/es\/wp-json\/wp\/v2\/types\/post"}],"author":[{"embeddable":true,"href":"https:\/\/www.europesays.com\/es\/wp-json\/wp\/v2\/users\/2"}],"replies":[{"embeddable":true,"href":"https:\/\/www.europesays.com\/es\/wp-json\/wp\/v2\/comments?post=344419"}],"version-history":[{"count":0,"href":"https:\/\/www.europesays.com\/es\/wp-json\/wp\/v2\/posts\/344419\/revisions"}],"wp:featuredmedia":[{"embeddable":true,"href":"https:\/\/www.europesays.com\/es\/wp-json\/wp\/v2\/media\/2463"}],"wp:attachment":[{"href":"https:\/\/www.europesays.com\/es\/wp-json\/wp\/v2\/media?parent=344419"}],"wp:term":[{"taxonomy":"category","embeddable":true,"href":"https:\/\/www.europesays.com\/es\/wp-json\/wp\/v2\/categories?post=344419"},{"taxonomy":"post_tag","embeddable":true,"href":"https:\/\/www.europesays.com\/es\/wp-json\/wp\/v2\/tags?post=344419"}],"curies":[{"name":"wp","href":"https:\/\/api.w.org\/{rel}","templated":true}]}}