{"id":344425,"date":"2026-01-16T18:10:07","date_gmt":"2026-01-16T18:10:07","guid":{"rendered":"https:\/\/www.europesays.com\/es\/344425\/"},"modified":"2026-01-16T18:10:07","modified_gmt":"2026-01-16T18:10:07","slug":"la-venden-por-35-millones-de-euros-justo-antes-de-estrenarla-y-hay-una-razon","status":"publish","type":"post","link":"https:\/\/www.europesays.com\/es\/344425\/","title":{"rendered":"la venden por 35 millones de euros justo antes de estrenarla y hay una raz\u00f3n"},"content":{"rendered":"<p data-gtm-element-container=\"modulo-texto-link\" class=\"paragraph\"><strong>Cristiano Ronaldo <\/strong>y <strong>Georgina Rodr\u00edguez <\/strong>hab\u00edan comenzado el a\u00f1o con una excelente noticia: las obras que han durado varios a\u00f1os en <strong>su mansi\u00f3n de la localidad costera de Cascais<\/strong>, en Portugal, ya han finalizado. Era la casa de sus sue\u00f1os, uno de los inmuebles que ten\u00eda muchos puntos para ser <strong>la residencia principal\u00a0<\/strong>de la familia una vez el astro portugu\u00e9s decidiera retirarse. Sin embargo, esa ilusi\u00f3n se ha esfumado y la pareja, que se compromet\u00eda este 2025, ha decidido<strong> vender el inmueble por unos 35 millones de euros<\/strong>.<\/p>\n<p data-gtm-element-container=\"modulo-texto-link\" class=\"paragraph\">Fue alrededor de 2020 cuando la pareja se hizo con el terreno, situado en la lujosa urbanizaci\u00f3n de\u00a0Quinta da Marinha. Entonces comenz\u00f3 <strong>un proyecto de obra fara\u00f3nico<\/strong> para lograr tener su vivienda so\u00f1ada, levantada sobre una parcela de unos <strong>12.000 metros cuadrados<\/strong>.<\/p>\n<p>                <img loading=\"lazy\" decoding=\"async\" data-full-src=\"https:\/\/www.mundodeportivo.com\/uploads\/2026\/01\/08\/695f7ea83471e.jpeg\" alt=\"La nueva mansi\u00f3n de Cristiano Ronaldo y Georgina en Cascais (Portugal)\" width=\"449\" height=\"251\" src=\"https:\/\/www.europesays.com\/es\/wp-content\/uploads\/2026\/01\/695f7ea83471e.jpeg\" class=\"lazy\"\/><\/p>\n<p class=\"caption-title \">La nueva mansi\u00f3n de Cristiano Ronaldo y Georgina en Cascais (Portugal)<\/p>\n<p>                    Captura Telecinco<\/p>\n<p data-gtm-element-container=\"modulo-texto-link\" class=\"paragraph\">A lo largo de estos a\u00f1os, ya tuvieron varios problemas.<strong> Las obras sufrieron retrasos, hubo cambios en el equipo t\u00e9cnico y otros contratiempos legales <\/strong>que hicieron que tuvieran que repensar aspectos del dise\u00f1o. Con todo, la inversi\u00f3n que han tenido que hacer estos a\u00f1os ha superado todas las previsiones.\u00a0<\/p>\n<p data-gtm-element-container=\"modulo-texto-link\" class=\"paragraph\">Pero ese no ha sido el motivo principal por el que, finalmente, han decidido deshacerse del inmueble una vez terminado. La gota que ha colmado el vaso ha sido <strong>la ubicaci\u00f3n de la casa<\/strong>. Y es que, al contrario de lo que pensaban,<strong> no iban a tener tanta privacidad<\/strong> como habr\u00edan querido.<\/p>\n<p>                <img loading=\"lazy\" decoding=\"async\" data-full-src=\"https:\/\/www.mundodeportivo.com\/uploads\/2026\/01\/08\/695f7ea76b39a.jpeg\" alt=\"La nueva mansi\u00f3n de Cristiano Ronaldo y Georgina en Cascais (Portugal)\" width=\"449\" height=\"251\" src=\"https:\/\/www.europesays.com\/es\/wp-content\/uploads\/2026\/01\/695f7ea76b39a.jpeg\" class=\"lazy\"\/><\/p>\n<p class=\"caption-title \">La nueva mansi\u00f3n de Cristiano Ronaldo y Georgina en Cascais (Portugal)<\/p>\n<p>                    Captura Telecinco<\/p>\n<p data-gtm-element-container=\"modulo-texto-link\" class=\"paragraph\">Al final, la urbanizaci\u00f3n cuenta con campos de golf, centros h\u00edpicos y con todo tipo de lujos y comodidades que han hecho que los vecinos de la zona hagan vida all\u00ed. Y, al parecer, desde varios puntos de la urbanizaci\u00f3n \u00e9stos <strong>tendr\u00edan vistas directas a la casa<\/strong> de Cristiano y Georgina, algo totalmente incompatible con lo que estaban buscando cuando iniciaron el proyecto. Seg\u00fan varios medios portugueses, el futbolista <strong>habr\u00eda intentado comprar hace un tiempo los terrenos colindantes con su propiedad<\/strong>, pero los propietarios no quisieron venderlos.<\/p>\n<p>    Lee tambi\u00e9n<\/p>\n<p>As\u00ed es la mansi\u00f3n de Cascais de Cristiano y Georgina<\/p>\n<p data-gtm-element-container=\"modulo-texto-link\" class=\"paragraph\">\u00bfPero c\u00f3mo es esta espectacular mansi\u00f3n que ha salido a la venta, como dec\u00edamos, por unos 35 millones de euros? Se trata de un inmueble de<strong> 5.000 metros cuadrados habitables<\/strong>, con <strong>piscina interior y otra exterior de 37 metros cuadrados <\/strong>con vistas al Atl\u00e1ntico. Tiene todo tipo de lujos:<strong> cine, gimnasio privado e incluso un garaje con capacidad para hasta 20 coches<\/strong>. Seg\u00fan la revista &#8216;Semana&#8217;, el inmueble tambi\u00e9n tendr\u00eda incluso acceso a una playa privada artificial.<\/p>\n","protected":false},"excerpt":{"rendered":"Cristiano Ronaldo y Georgina Rodr\u00edguez hab\u00edan comenzado el a\u00f1o con una excelente noticia: las obras que han durado&hellip;\n","protected":false},"author":2,"featured_media":344426,"comment_status":"","ping_status":"","sticky":false,"template":"","format":"standard","meta":{"footnotes":""},"categories":[174],"tags":[255,146,147,25,24,256,23],"class_list":{"0":"post-344425","1":"post","2":"type-post","3":"status-publish","4":"format-standard","5":"has-post-thumbnail","7":"category-famosos","8":"tag-celebrities","9":"tag-entertainment","10":"tag-entretenimiento","11":"tag-es","12":"tag-espana","13":"tag-famosos","14":"tag-spain"},"share_on_mastodon":{"url":"https:\/\/pubeurope.com\/@es\/115906126491670257","error":""},"_links":{"self":[{"href":"https:\/\/www.europesays.com\/es\/wp-json\/wp\/v2\/posts\/344425","targetHints":{"allow":["GET"]}}],"collection":[{"href":"https:\/\/www.europesays.com\/es\/wp-json\/wp\/v2\/posts"}],"about":[{"href":"https:\/\/www.europesays.com\/es\/wp-json\/wp\/v2\/types\/post"}],"author":[{"embeddable":true,"href":"https:\/\/www.europesays.com\/es\/wp-json\/wp\/v2\/users\/2"}],"replies":[{"embeddable":true,"href":"https:\/\/www.europesays.com\/es\/wp-json\/wp\/v2\/comments?post=344425"}],"version-history":[{"count":0,"href":"https:\/\/www.europesays.com\/es\/wp-json\/wp\/v2\/posts\/344425\/revisions"}],"wp:featuredmedia":[{"embeddable":true,"href":"https:\/\/www.europesays.com\/es\/wp-json\/wp\/v2\/media\/344426"}],"wp:attachment":[{"href":"https:\/\/www.europesays.com\/es\/wp-json\/wp\/v2\/media?parent=344425"}],"wp:term":[{"taxonomy":"category","embeddable":true,"href":"https:\/\/www.europesays.com\/es\/wp-json\/wp\/v2\/categories?post=344425"},{"taxonomy":"post_tag","embeddable":true,"href":"https:\/\/www.europesays.com\/es\/wp-json\/wp\/v2\/tags?post=344425"}],"curies":[{"name":"wp","href":"https:\/\/api.w.org\/{rel}","templated":true}]}}