{"id":344444,"date":"2026-01-16T18:21:09","date_gmt":"2026-01-16T18:21:09","guid":{"rendered":"https:\/\/www.europesays.com\/es\/344444\/"},"modified":"2026-01-16T18:21:09","modified_gmt":"2026-01-16T18:21:09","slug":"asi-ahoga-las-protestas-la-represion-estatal-de-iran","status":"publish","type":"post","link":"https:\/\/www.europesays.com\/es\/344444\/","title":{"rendered":"As\u00ed ahoga las protestas la represi\u00f3n estatal de Ir\u00e1n"},"content":{"rendered":"<p>Las im\u00e1genes tomadas en las instalaciones del Instituto Kahrizak de Medicina Forense en Teher\u00e1n muestran numerosos cad\u00e1veres. Son videos privados, sacados ilegalmente del <a class=\"internal-link\" href=\"https:\/\/www.dw.com\/es\/por-qu\u00e9-ir\u00e1n-es-tan-importante-en-la-escena-internacional\/a-75494350\" rel=\"nofollow noopener\" target=\"_blank\">pa\u00eds<\/a> o subidos a Internet a trav\u00e9s de sat\u00e9lites Starlink a\u00fan en funcionamiento.<\/p>\n<p>Un testigo\u00a0que regres\u00f3 de <a class=\"internal-link\" href=\"https:\/\/www.dw.com\/es\/ir\u00e1n\/t-63346395\" rel=\"nofollow noopener\" target=\"_blank\">Ir\u00e1n<\/a> hace unos d\u00edas comenta\u00a0a DW: \u00abDefinitivamente, sospecho que\u00a0ha habido\u00a0miles de muertos\u00bb. Antes de abandonar el pa\u00eds, \u00e9l y un amigo fueron a dicho centro para identificar y recoger el cuerpo de la esposa de su amigo.<\/p>\n<p>\u00abLa noche anterior, solo o\u00ed disparos de ametralladora en el barrio en el que estaba de visita. Mi amigo y su esposa estaban en una manifestaci\u00f3n. La mujer fue asesinada a tiros\u00bb, explica.<\/p>\n<p>El n\u00famero de muertos durante la actual ola de protestas en Ir\u00e1n, que comenz\u00f3 hace dos semanas, sigue sin estar claro. <a class=\"internal-link\" href=\"https:\/\/www.dw.com\/es\/ir\u00e1n-el-apag\u00f3n-de-internet-podr\u00eda-volverse-permanente\/a-75496453\" rel=\"nofollow noopener\" target=\"_blank\">Internet lleva siete d\u00edas cortado<\/a>, y la comunicaci\u00f3n con el exterior se ha visto gravemente restringida.<\/p>\n<p>El martes 13 de enero, un funcionario iran\u00ed declar\u00f3 a la agencia de noticias Reuters que <a class=\"internal-link\" href=\"https:\/\/www.dw.com\/es\/cifra-de-muertos-en-protestas-de-ir\u00e1n-superar\u00eda-los-2000\/a-75497394\" rel=\"nofollow noopener\" target=\"_blank\">aproximadamente 2.000 personas han muerto<\/a> durante las protestas. Por su parte, la organizaci\u00f3n de derechos humanos Iran Human Rights (IHRNGO), con sede en Oslo, asegur\u00f3\u00a0el mi\u00e9rcoles 14 de enero que se han registrado\u00a0al menos 3.379 muertes de manifestantes.<\/p>\n<p>Los activistas de derechos humanos sospechan que el n\u00famero real de personas\u00a0asesinadas en todo el pa\u00eds es significativamente mayor. M\u00e1s de 10.000 personas han sido arrestadas.\u00a0Las organizaciones de derechos humanos temen que la Justicia iran\u00ed pueda condenar a muerte a muchas de ellas en\u00a0<a class=\"internal-link\" href=\"https:\/\/www.dw.com\/es\/ir\u00e1n-promete-juicios-r\u00e1pidos-a-manifestantes-detenidos\/a-75499603\" rel=\"nofollow noopener\" target=\"_blank\">juicios fantasma<\/a>.<\/p>\n<p>\u00abCriminales\u00bb en lugar de ciudadanos con preocupaciones leg\u00edtimas<\/p>\n<p>Cualquier persona arrestada en la calle entre el 8 y el 11 de enero de 2026 es considerada como\u00a0\u00abcriminal\u00bb, sentenci\u00f3 el 14 de enero Amin Hosein Rahimi, ministro de Justicia de Ir\u00e1n. Los medios estatales difaman sistem\u00e1ticamente a los manifestantes, calific\u00e1ndolos de terroristas o agentes extranjeros, en lugar de personas con preocupaciones leg\u00edtimas.<\/p>\n<p>Para reprimir las protestas, las autoridades recurren a la Polic\u00eda y a las milicias paramilitares Basij, que son unidades voluntarias subordinadas a la <a class=\"internal-link\" href=\"https:\/\/www.dw.com\/es\/guardia-revolucionaria-ir\u00e1n\/t-48256476\" rel=\"nofollow noopener\" target=\"_blank\">Guardia Revolucionaria<\/a>, desplegadas espec\u00edficamente\u00a0para reprimir las protestas callejeras. La Guardia Revolucionaria es un aparato militar independiente al mando del l\u00edder supremo, <a class=\"internal-link\" href=\"https:\/\/www.dw.com\/es\/jamenei-al\u00ed\/t-36498402\" rel=\"nofollow noopener\" target=\"_blank\">Ali Jamenei<\/a>. Su misi\u00f3n principal es proteger la rep\u00fablica isl\u00e1mica.<\/p>\n<p>Las milicias Basij reciben adoctrinamiento ideol\u00f3gico a trav\u00e9s de programas religiosos y se educan seg\u00fan los principios morales de la rep\u00fablica isl\u00e1mica. Est\u00e1n consideradas como\u00a0muy leales al sistema pol\u00edtico y, al mismo tiempo, forman una base electoral estable de l\u00ednea dura.\u00a0<\/p>\n<p>En las elecciones presidenciales de 2024, el candidato Saeed Jalili no gan\u00f3, pero obtuvo alrededor de 13 millones de votos de los aproximadamente 62 millones de electores. Jalili\u00a0mantiene una l\u00ednea dura contra Occidente y fue, entre otras cosas, el principal negociador de Ir\u00e1n en las conversaciones nucleares.\u00a0Su bando pol\u00edtico cuenta con una base de poder leal, est\u00e1 afianzado en numerosos puestos clave dentro del aparato estatal y controla considerables recursos pol\u00edticos y econ\u00f3micos.<\/p>\n<p><img data-format=\"MASTER_LANDSCAPE\" data-id=\"75483170\" data-url=\"https:\/\/static.dw.com\/image\/75483170_${formatId}.jpg\" data-aspect-ratio=\"16\/9\" alt=\"Gente manifest\u00e1ndose con las banderas de Ir\u00e1n.\" style=\"padding-bottom: 56.25%; height: 0; max-height: 0;\"\/>Teher\u00e1n, 12 de enero de 2026:  manifestaciones organizadas por el Estado contra las protestas nacionales.Imagen: Fatemeh Bahrami\/Anadolu Agency\/IMAGO<\/p>\n<p>\u00abTodos los intentos de cambio han fracasado\u00bb<\/p>\n<p>\u00abLo hemos intentado todo para cambiar este sistema\u00bb, dice a DW\u00a0el erudito religioso y periodista Mohamad Javad Akbarin, que ahora reside en Francia, pero trabaj\u00f3 anteriormente con 15 peri\u00f3dicos reformistas en Ir\u00e1n y fue arrestado varias veces.<\/p>\n<p>Akbarin cree que el sistema de Ir\u00e1n es irreformable y, junto con la Premio Nobel iran\u00ed Shirin Ebadi y otras cuatro figuras de la oposici\u00f3n, ha pedido la intervenci\u00f3n estadounidense en Ir\u00e1n. En su opini\u00f3n, se ha llegado a un punto en el que la represi\u00f3n y los asesinatos han alcanzado su nivel m\u00e1s alto.<\/p>\n<p>El hecho de que los manifestantes salgan a las calles, a pesar de la represi\u00f3n masiva, demuestra el profundo descontento de amplios sectores de la poblaci\u00f3n. Sin embargo, las estructuras de poder institucional a\u00fan no muestran signos de resquebrajamiento.<\/p>\n<p>\u00abLos manifestantes est\u00e1n atrapados a puerta cerrada y con aislamiento digital, sin ninguna posibilidad real de escapar de esta situaci\u00f3n\u201d, afirma Akbarin, y a\u00f1ade: \u00abEn cuanto se vuelva a tener acceso a Internet, nos encontraremos con im\u00e1genes espantosas\u201d.<\/p>\n<p>El presidente de Estados Unidos, <a class=\"internal-link\" href=\"https:\/\/www.dw.com\/es\/donald-trump\/t-19445010\" rel=\"nofollow noopener\" target=\"_blank\">Donald Trump<\/a>, anunci\u00f3 el mi\u00e9rcoles 14 de enero que la violencia contra los manifestantes en Ir\u00e1n hab\u00eda cesado. Afirm\u00f3 haber recibido garant\u00edas de \u00abfuentes muy importantes del otro lado\u201d de que \u00ab<a class=\"internal-link\" href=\"https:\/\/www.dw.com\/es\/trump-matanza-en-ir\u00e1n-ha-cesado-pero-se-mantiene-ambiguo-sobre-una-intervenci\u00f3n\/a-75516575\" rel=\"nofollow noopener\" target=\"_blank\">los asesinatos han cesado\u00bb<\/a>.<\/p>\n<p>Anteriormente, Trump\u00a0amenaz\u00f3\u00a0a Teher\u00e1n con una dura respuesta si se llevaban a cabo las ejecuciones anunciadas de manifestantes. El martes 13 de enero\u00a0escribi\u00f3 a los manifestantes en Ir\u00e1n a trav\u00e9s de su plataforma\u00a0Truth Social, dici\u00e9ndoles que la ayuda estaba \u00ab<a class=\"internal-link\" href=\"https:\/\/www.dw.com\/es\/trump-a-los-manifestantes-iran\u00edes-la-ayuda-est\u00e1-en-camino\/a-75496568\" rel=\"nofollow noopener\" target=\"_blank\">en camino\u00bb<\/a><\/p>\n<p>Actualmente es dif\u00edcil evaluar si Trump realmente va a ayudar\u00a0a los manifestantes y en qu\u00e9 medida.<\/p>\n<p>Llamamientos al Consejo de Seguridad de la ONU<\/p>\n<p>La organizaci\u00f3n de derechos humanos Amnist\u00eda Internacional hace un llamamiento a los Estados miembros de la ONU, inst\u00e1ndolos a tomar medidas coordinadas para evitar un mayor derramamiento de sangre. Esto incluye, entre otras cosas, solicitar al Consejo de Seguridad de la ONU que remita la situaci\u00f3n en Ir\u00e1n a la Corte Penal Internacional.<\/p>\n<p>A petici\u00f3n de Estados Unidos, el Consejo de Seguridad de la ONU convoc\u00f3 una reuni\u00f3n de emergencia para el jueves 15 de enero, con el fin de\u00a0debatir sobre las mort\u00edferas protestas en Ir\u00e1n. El problema es que cualquier decisi\u00f3n concreta contra Teher\u00e1n podr\u00eda verse bloqueada por posibles vetos de China y Rusia.<\/p>\n<p>\u00abHemos visto esto en casos similares, como en Siria bajo el Gobierno de Bashar al Asad, a pesar de los cientos de miles de muertos\u00bb, afirma el abogado Payam Akhavan, asesor legal de la Fiscal\u00eda del Tribunal Penal Internacional para la exyugoslavia en La Haya y asesor especial del Tribunal Penal Internacional para Ruanda.<\/p>\n<p>\u00abEn estas circunstancias, el \u00e9nfasis debe estar en la recopilaci\u00f3n sistem\u00e1tica de pruebas y documentos para guardarlos para futuros juicios\u00bb, enfatiza Akhavan. \u00abSiendo realistas, una revisi\u00f3n jur\u00eddica real solo podr\u00e1 tener lugar en un Ir\u00e1n futuro y democr\u00e1tico\u00bb, zanja.<\/p>\n<p>(rmr\/ms)<\/p>\n<p>\u00a0<\/p>\n","protected":false},"excerpt":{"rendered":"Las im\u00e1genes tomadas en las instalaciones del Instituto Kahrizak de Medicina Forense en Teher\u00e1n muestran numerosos cad\u00e1veres. Son&hellip;\n","protected":false},"author":2,"featured_media":344445,"comment_status":"","ping_status":"","sticky":false,"template":"","format":"standard","meta":{"footnotes":""},"categories":[42],"tags":[17,18,13,14,11,61,62,63,64,19,20,9,10,15,16,12,21,22,65,66,67],"class_list":{"0":"post-344444","1":"post","2":"type-post","3":"status-publish","4":"format-standard","5":"has-post-thumbnail","7":"category-internacional","8":"tag-breaking-news","9":"tag-breakingnews","10":"tag-featured-news","11":"tag-featurednews","12":"tag-headlines","13":"tag-internacional","14":"tag-international","15":"tag-international-news","16":"tag-internationalnews","17":"tag-latest-news","18":"tag-latestnews","19":"tag-news","20":"tag-noticias","21":"tag-noticias-destacadas","22":"tag-noticiasdestacadas","23":"tag-titulares","24":"tag-ultimas-noticias","25":"tag-ultimasnoticias","26":"tag-world","27":"tag-world-news","28":"tag-worldnews"},"share_on_mastodon":{"url":"","error":""},"_links":{"self":[{"href":"https:\/\/www.europesays.com\/es\/wp-json\/wp\/v2\/posts\/344444","targetHints":{"allow":["GET"]}}],"collection":[{"href":"https:\/\/www.europesays.com\/es\/wp-json\/wp\/v2\/posts"}],"about":[{"href":"https:\/\/www.europesays.com\/es\/wp-json\/wp\/v2\/types\/post"}],"author":[{"embeddable":true,"href":"https:\/\/www.europesays.com\/es\/wp-json\/wp\/v2\/users\/2"}],"replies":[{"embeddable":true,"href":"https:\/\/www.europesays.com\/es\/wp-json\/wp\/v2\/comments?post=344444"}],"version-history":[{"count":0,"href":"https:\/\/www.europesays.com\/es\/wp-json\/wp\/v2\/posts\/344444\/revisions"}],"wp:featuredmedia":[{"embeddable":true,"href":"https:\/\/www.europesays.com\/es\/wp-json\/wp\/v2\/media\/344445"}],"wp:attachment":[{"href":"https:\/\/www.europesays.com\/es\/wp-json\/wp\/v2\/media?parent=344444"}],"wp:term":[{"taxonomy":"category","embeddable":true,"href":"https:\/\/www.europesays.com\/es\/wp-json\/wp\/v2\/categories?post=344444"},{"taxonomy":"post_tag","embeddable":true,"href":"https:\/\/www.europesays.com\/es\/wp-json\/wp\/v2\/tags?post=344444"}],"curies":[{"name":"wp","href":"https:\/\/api.w.org\/{rel}","templated":true}]}}