{"id":344476,"date":"2026-01-16T18:44:09","date_gmt":"2026-01-16T18:44:09","guid":{"rendered":"https:\/\/www.europesays.com\/es\/344476\/"},"modified":"2026-01-16T18:44:09","modified_gmt":"2026-01-16T18:44:09","slug":"eres-un-activista-no-deberias-estar-sentado-aqui","status":"publish","type":"post","link":"https:\/\/www.europesays.com\/es\/344476\/","title":{"rendered":"Eres un activista, no deber\u00edas estar sentado aqu\u00ed"},"content":{"rendered":"<p class=\"L6-news-detail__text\">La<b><a title=\" muerte de Renee Good \" href=\"https:\/\/www.lasexta.com\/noticias\/internacional\/asesinato-renee-good-minnesota-frena-burtalidad-agentes-ice-cuya-labor-avala-jueza-federal_2026011469680accbe7ae37724c585ad.html\" target=\"_blank\" rel=\"nofollow noopener\"> muerte de Renee Good <\/a><\/b>a manos de un agente del Servicio de Inmigraci\u00f3n y Control de Aduanas (ICE, por sus siglas en ingl\u00e9s) en Minneapolis (Minnesota) ha generado <b>una aut\u00e9ntica crisis para la Administraci\u00f3n Trump<\/b>. <b><a title=\"Miles de personas han salido a las calles \" href=\"https:\/\/www.lasexta.com\/noticias\/internacional\/administracion-trump-mantiene-relato-vuelve-llamar-terrorista-renee-nicole-good_202601116963c62a22f0db7daf0bc78c.html\" target=\"_blank\" rel=\"nofollow noopener\">Miles de personas han salido a las calles <\/a><\/b>para protestar contra la actuaci\u00f3n de este integrante del cuerpo que est\u00e1 siendo utilizado por la Casa Blanca para detener, encarcelar y deportar de forma indiscriminada a migrantes, lo que ha generado una represi\u00f3n a\u00fan mayor por parte de los agentes con el benepl\u00e1cito del l\u00edder republicano.<\/p>\n<p class=\"L6-news-detail__text\">El respaldo del Gobierno a la actuaci\u00f3n de este agente es total, y buena prueba de ello la dio este jueves <b>la jefa de prensa de la Casa Blanca, Karoline Leavitt<\/b>, en una comparecencia ante los medios.<\/p>\n<p class=\"L6-news-detail__text\">Al ser preguntada por un reportero sobre el asesinato, ella respondi\u00f3 tratando de culpabilizar a la v\u00edctima. \u00ab<b>\u00bfPor qu\u00e9 la mataron?<\/b>\u00ab, cuestion\u00f3, tratando de se\u00f1alar a la actitud de Renee Good como el detonante de la reacci\u00f3n del agente.<\/p>\n<p class=\"L6-news-detail__text\">\u00ab<b>Porque un agente de ICE actu\u00f3 imprudentemente y la mat\u00f3 injustificadamente<\/b>\u00ab, respondi\u00f3 el reportero. Su afirmaci\u00f3n no gust\u00f3 nada a Leavitt, que no dud\u00f3 en arremeter contra el periodista con un lamentable ataque personal. \u00ab<b>Eres un activista de izquierdas sectario, no un periodista. Te est\u00e1s haciendo pasar por periodista y ni siquiera deber\u00edas estar sentado en ese asiento<\/b>\u00ab, afirm\u00f3 la vocera del Gobierno de Trump.<\/p>\n<p>El gobernador de Minnesota pide grabar \u00ablas atrocidades\u00bb del ICE<\/p>\n<p class=\"L6-news-detail__text\">Ante esta espiral de violencia, el gobernador de Minnesota y candidato a vicepresidente en las elecciones presidenciales de 2024 por el Partido Dem\u00f3crata, <b>Tim Walz<\/b>, ha pedido a sus vecinos que no duden en grabar los excesos policiales de los agentes del ICE.<\/p>\n<p class=\"L6-news-detail__text\">\u00ab<b>Si veis a agentes del ICE en vuestro vecindario sacad el m\u00f3vil y grabad<\/b>\u00ab, ha expresado, animando a la ciudadan\u00eda a crear \u00abuna base de datos de las atrocidades cometidas contra los habitantes de Minnesota\u00bb. El objetivo, como dice, \u00abno es solo dejar constancia\u00bb sino la \u00abrecopilaci\u00f3n de pruebas\u00bb ante \u00abfuturos procesos judiciales\u00bb.<\/p>\n<p class=\"L6-news-detail__text\">Esta petici\u00f3n llega unos d\u00edas despu\u00e9s de que el alcalde de Minneapolis, Jacob Frey, pidiese a los agentes que se fuesen \u00ab<b>a tomar por culo de Minneapolis<\/b>\u00bb tras el asesinato de Renee Good. \u00abEl ICE no est\u00e1 aqu\u00ed para generar seguridad. Visto el v\u00eddeo todo eso es una estupidez. Fue un agente usando su poder de manera imprudente y matando a una persona\u00bb, afirm\u00f3.<\/p>\n<p class=\"L6-news-detail__text\"><b><a title=\"*Sigue a laSexta en Google. Toda la actualidad y el mejor contenido aqu\u00ed.\" href=\"https:\/\/profile.google.com\/cp\/CgkvbS8wZG5xejA\" target=\"_blank\" rel=\"nofollow noopener\">*Sigue a laSexta en Google. Toda la actualidad y el mejor contenido aqu\u00ed.<\/a><\/b><\/p>\n<p class=\"L6-support-news-video__title\">Defensa mutua europea<\/p>\n<p>            <a href=\"https:\/\/www.lasexta.com\/noticias\/internacional\/otan-posible-ayuda-que-podria-recibir-dinamarca-eeuu-decide-atacar-groenlandia_20260116696a406f5b0f02269968776b.html\" class=\"L6-news__link\" rel=\"nofollow noopener\" target=\"_blank\"><br \/>\n                La UE s\u00ed, la OTAN no: la posible ayuda que podr\u00eda recibir Dinamarca si EEUU decide atacar Groenlandia<\/p>\n<p class=\"recirculation-video-desc\">S\u00ed, pero&#8230; Los daneses tendr\u00edan que conseguir una unanimidad de los estados miembros, tal y como recoge el art\u00edculo 42.7 del Tratado de la Uni\u00f3n Europea, para poder solicitar una ayuda militar del Ejecutivo comunitario.<\/p>\n<p>            <\/a><\/p>\n","protected":false},"excerpt":{"rendered":"La muerte de Renee Good a manos de un agente del Servicio de Inmigraci\u00f3n y Control de Aduanas&hellip;\n","protected":false},"author":2,"featured_media":344477,"comment_status":"","ping_status":"","sticky":false,"template":"","format":"standard","meta":{"footnotes":""},"categories":[42],"tags":[17,18,13,14,11,61,62,63,64,19,20,9,10,15,16,12,21,22,65,66,67],"class_list":{"0":"post-344476","1":"post","2":"type-post","3":"status-publish","4":"format-standard","5":"has-post-thumbnail","7":"category-internacional","8":"tag-breaking-news","9":"tag-breakingnews","10":"tag-featured-news","11":"tag-featurednews","12":"tag-headlines","13":"tag-internacional","14":"tag-international","15":"tag-international-news","16":"tag-internationalnews","17":"tag-latest-news","18":"tag-latestnews","19":"tag-news","20":"tag-noticias","21":"tag-noticias-destacadas","22":"tag-noticiasdestacadas","23":"tag-titulares","24":"tag-ultimas-noticias","25":"tag-ultimasnoticias","26":"tag-world","27":"tag-world-news","28":"tag-worldnews"},"share_on_mastodon":{"url":"https:\/\/pubeurope.com\/@es\/115906259457873463","error":""},"_links":{"self":[{"href":"https:\/\/www.europesays.com\/es\/wp-json\/wp\/v2\/posts\/344476","targetHints":{"allow":["GET"]}}],"collection":[{"href":"https:\/\/www.europesays.com\/es\/wp-json\/wp\/v2\/posts"}],"about":[{"href":"https:\/\/www.europesays.com\/es\/wp-json\/wp\/v2\/types\/post"}],"author":[{"embeddable":true,"href":"https:\/\/www.europesays.com\/es\/wp-json\/wp\/v2\/users\/2"}],"replies":[{"embeddable":true,"href":"https:\/\/www.europesays.com\/es\/wp-json\/wp\/v2\/comments?post=344476"}],"version-history":[{"count":0,"href":"https:\/\/www.europesays.com\/es\/wp-json\/wp\/v2\/posts\/344476\/revisions"}],"wp:featuredmedia":[{"embeddable":true,"href":"https:\/\/www.europesays.com\/es\/wp-json\/wp\/v2\/media\/344477"}],"wp:attachment":[{"href":"https:\/\/www.europesays.com\/es\/wp-json\/wp\/v2\/media?parent=344476"}],"wp:term":[{"taxonomy":"category","embeddable":true,"href":"https:\/\/www.europesays.com\/es\/wp-json\/wp\/v2\/categories?post=344476"},{"taxonomy":"post_tag","embeddable":true,"href":"https:\/\/www.europesays.com\/es\/wp-json\/wp\/v2\/tags?post=344476"}],"curies":[{"name":"wp","href":"https:\/\/api.w.org\/{rel}","templated":true}]}}