{"id":34449,"date":"2025-08-08T19:06:07","date_gmt":"2025-08-08T19:06:07","guid":{"rendered":"https:\/\/www.europesays.com\/es\/34449\/"},"modified":"2025-08-08T19:06:07","modified_gmt":"2025-08-08T19:06:07","slug":"alberto-chicote-cuenta-como-perdio-mas-de-cuarenta-kilos-me-gusta-comer-bien-y-con-echarle-una-horita-al-dia-la-voz-de-galicia","status":"publish","type":"post","link":"https:\/\/www.europesays.com\/es\/34449\/","title":{"rendered":"Alberto Chicote cuenta c\u00f3mo perdi\u00f3 m\u00e1s de cuarenta kilos: \u00abMe gusta comer bien y con echarle una horita al d\u00eda&#8230;\u00bb &#8211; La Voz de Galicia"},"content":{"rendered":"<ol>\n<li><a href=\"https:\/\/news.google.com\/rss\/articles\/CBMijAJBVV95cUxNYU1LTW54bUp1aEdxcnh5S2NVWHVFRHhwVFlBM3VmU28zZ1ZsVVo2UjdyNlZjMkcxTVJiWWZEUlV3QUdpQklvZy1xSXVYSUlzbS1MMWdmckVZT3EwRk5PRDl5b0RLMFZ1WTV3Y2pxSG5KWWt3a0lfckE3QzJXa1dfX1RLbTctRDBOZG5fR1hORGtOLV8wbjk2eTRWRS1aY2V4ZUtBY1B4djQwMVJuak1CakFZLWJBSC1PbXJLei1HZFpfOG95eTZINV9xVm9zeDVhQUlXdU9CbTRqTy1CUmMwbHU3TGZqUVlPbGdmNWdVclFZcG1hNU9rUTFBN3pEN20xc3dKVmd3eEhzWmxO0gGoAkFVX3lxTE1lNFRfSzAtZ20zUksweDltRDAtbkU1UldibWxBMkxieEVZekg1RGdPbEoyekJkMm9pMGpNa0I1WFFXX19EUU4xN3JCOGJWSmxXLUk2ZEY1UlNWcUtXaWV0MGJOVUJ1bkNfVHl2QVdDN1hmTnVSVmxqTXJyRmlheTRhbXNJaTVNUS15UnFLbXl3SEdCcVZ0cmxIc1VxTHJHRFhIR1puS3Vtck55NzlxVVZ1NHRNU015a1NFREV0VkdzQlp6N21WOXJVZ1VFVFBtemNLazJrM3JqWFk0YmN5RTRPZkExbXRBMGNvbXR5YTZ4elE2NC1iUjYxS1VBZlM2dlpVSEgtQTF0Qmc3UWhHcEQ4S21UOTNQSDlkc0d4RGxxQzFjVzludTNT?oc=5\" target=\"_blank\" rel=\"nofollow noopener\">Alberto Chicote cuenta c\u00f3mo perdi\u00f3 m\u00e1s de cuarenta kilos: \u00abMe gusta comer bien y con echarle una horita al d\u00eda&#8230;\u00bb<\/a>&nbsp;&nbsp;La Voz de Galicia<\/li>\n<li><a href=\"https:\/\/news.google.com\/rss\/articles\/CBMirgFBVV95cUxQblEzc3JTaFZGTUQ1VnVLRjVOLU9NbWFXUXAzVENneC1pUExDeGRmeE82SUhXVk93QlhmOHRmdFVvUGZtdnlDN2hTbFBSRmJkdmZLRUI0RXJzVTVxZTl5WkdnRWxhZXNaMTZ0Rmw5cDNWSWFPRTMwNXQwMlRfano4bFNCdk5tTldNMnUxRXNQQk9JTkJiYTBzeXBzQmZtZTVsYTlaWVNEdnRPUVZaMmc?oc=5\" target=\"_blank\" rel=\"nofollow noopener\">Chicote revela el problema de salud con el que convive desde hace a\u00f1os<\/a>&nbsp;&nbsp;ABC<\/li>\n<li><a href=\"https:\/\/news.google.com\/rss\/articles\/CBMi4wFBVV95cUxNUVVpZ3hGdWJwTzUyaXJWQ3BOQmU1b0FBTGQ4cEdleEdpUjR2U2JRS09mSHYyb19kOW52V3hkN2x3SDRWbjV2MHVKaFBOVUtsdkt2bkRrYkJ3TlAyT1MxZ3dnTWE3WGFKZXVLTXVTYkZfc0FYQnd4TVRSZHVhamVUNkw5MDBVQVJ3WUx3bkpBUlpXeXgtMHJKUE5RWjRlZVQtQnRDbVJpZlV2UjluQ1dWQ3RiSEtFQ2pCZWFHQjZ6ci1vTUhrMW80Ym40cDVpSmdsMzktX2dNemtJVldKcC1kcHgxONIB9wFBVV95cUxPbXRxYlRRVF9QQ1RkYzNHVHRSZFlWWVRKUWlzNmVwSFpiOTB5UXV1NWxNN0RKMGhoQVZzeE1TMThSOHEwYlBzcFpCM2xPRTJjSW82TGRfZTNBRjVZazJkMXJSc2lRZU0yMUpVck1hV1RzT1UyaVIwdWp4azJsekVQeVZqSHFxUFh0TklFMkRGZ1ZTT0FHYVdId3VoWkpNcm0xenB3SnBNd3BkMm1USVhBQkczV1dNZy1Va3lyUjJxUlBfTDVhcmFyTXVZeVFkU3BOb1lKUmZHTDdtRmFjQUEyaGxDMFZSZ1dONVAybGhQQXg1NGFLQlpz?oc=5\" target=\"_blank\" rel=\"nofollow noopener\">Alberto Chicote se sincera como nunca y revela toda la verdad tras su cambio f\u00edsico: \u201cUn d\u00eda me dicen en Atres<\/a>&nbsp;&nbsp;Diario AS<\/li>\n<li><a href=\"https:\/\/news.google.com\/rss\/articles\/CBMihgJBVV95cUxQQ0FBdXpzLTl3SmdzVG41c25CVnVaMGVLXzY1V3VmWllHZGM0MV9yRWFFeXZkbXYzVU9ySnRPR3FOb2dwMzU5N1E4dVF1Y2pORXppb2lnSVg2TDhFSkxVajBqb1F5ZjkzWW1kOExNZnZPandQalpsMGVuR3ZCUkwtbWZrRmV4ZGRBZHNuTnJLbENNS0NZV0MzeGlkWFVuYmhoQXU3TnhlNDk4ajNlUUNOWVRRd1RhSmhFdDRRZTZma2JMaWV0elFFcC12MG9hTHctZF9aLWNOcDRzMU9kT1U4UThTOVJPNEphQUx0Sno3dzR3Ry1mSU1PWFEzRzdSdEluNW1Pb3Fn?oc=5\" target=\"_blank\" rel=\"nofollow noopener\">Alberto Chicote desvela el verdadero motivo por el que perdi\u00f3 peso y el problema de salud que le detectaron despu\u00e9s<\/a>&nbsp;&nbsp;MSN<\/li>\n<li><a href=\"https:\/\/news.google.com\/rss\/articles\/CBMiywFBVV95cUxNc0RCYjJYY3E2c09CYXc2MUdsdWNUdkx2NzgtZHpZeDlMX3Z2NzJpWTR6Um5FNWVTNFEzUE1NSGQ4c3NLb2VfTTMxNFBCckUzWldKVU52T1hRbmFuOFdrOEE4NnU1N2ZlWTJXNWlTY2JpZkNhVnEtSklHWW9FeHR2cHhYNG5yRlQ2SWRGSDJTTEN6RDQtWWVmN3hPRllsVU1yNXFKa0tVTHdTNHE5dEV6R1VGSDhEZXRKdTdKT1gyR3VaSzJ4Q240NHpFUdIB5gFBVV95cUxNelVsYWNRNmZMN1Y2dWRfNEF0MldjX3FxTXpWM2pFOE9NdktVWFRxaThOaHJ5LW82LVZ4T2R3Mmg4QmZsXzFmZThZTlRtZVI0bDlMc1pyNlV3akhUdUNpMEZVODJmYnRwV1c5WUNMUUZQdjZ6OUNIX2t0OFFFZjN2VEtEX2ZGRlduLVVRSl9QXzhtSmpPeW0yR21iUTJZQ19aYXFRNEphOFNkMDdkeXdIWlo1aFlpbHdwcy1pOGtQSXVhTThoanItX2Mza3ZSOXFqZU1JQk13WndQYlpXQU1jV1pWUy16QQ?oc=5\" target=\"_blank\" rel=\"nofollow noopener\">Alberto Chicote explica c\u00f3mo baj\u00f3 casi 50 kilos: \u201cEstuve much\u00edsimos a\u00f1os pesando 120 kilos\u201d<\/a>&nbsp;&nbsp;Infobae<\/li>\n<\/ol>\n","protected":false},"excerpt":{"rendered":"Alberto Chicote cuenta c\u00f3mo perdi\u00f3 m\u00e1s de cuarenta kilos: \u00abMe gusta comer bien y con echarle una horita&hellip;\n","protected":false},"author":2,"featured_media":34450,"comment_status":"","ping_status":"","sticky":false,"template":"","format":"standard","meta":{"footnotes":""},"categories":[174],"tags":[17575,255,146,147,25,24,256,23],"class_list":{"0":"post-34449","1":"post","2":"type-post","3":"status-publish","4":"format-standard","5":"has-post-thumbnail","7":"category-famosos","8":"tag-alberto-chicote","9":"tag-celebrities","10":"tag-entertainment","11":"tag-entretenimiento","12":"tag-es","13":"tag-espana","14":"tag-famosos","15":"tag-spain"},"share_on_mastodon":{"url":"","error":""},"_links":{"self":[{"href":"https:\/\/www.europesays.com\/es\/wp-json\/wp\/v2\/posts\/34449","targetHints":{"allow":["GET"]}}],"collection":[{"href":"https:\/\/www.europesays.com\/es\/wp-json\/wp\/v2\/posts"}],"about":[{"href":"https:\/\/www.europesays.com\/es\/wp-json\/wp\/v2\/types\/post"}],"author":[{"embeddable":true,"href":"https:\/\/www.europesays.com\/es\/wp-json\/wp\/v2\/users\/2"}],"replies":[{"embeddable":true,"href":"https:\/\/www.europesays.com\/es\/wp-json\/wp\/v2\/comments?post=34449"}],"version-history":[{"count":0,"href":"https:\/\/www.europesays.com\/es\/wp-json\/wp\/v2\/posts\/34449\/revisions"}],"wp:featuredmedia":[{"embeddable":true,"href":"https:\/\/www.europesays.com\/es\/wp-json\/wp\/v2\/media\/34450"}],"wp:attachment":[{"href":"https:\/\/www.europesays.com\/es\/wp-json\/wp\/v2\/media?parent=34449"}],"wp:term":[{"taxonomy":"category","embeddable":true,"href":"https:\/\/www.europesays.com\/es\/wp-json\/wp\/v2\/categories?post=34449"},{"taxonomy":"post_tag","embeddable":true,"href":"https:\/\/www.europesays.com\/es\/wp-json\/wp\/v2\/tags?post=34449"}],"curies":[{"name":"wp","href":"https:\/\/api.w.org\/{rel}","templated":true}]}}