{"id":344511,"date":"2026-01-16T19:07:08","date_gmt":"2026-01-16T19:07:08","guid":{"rendered":"https:\/\/www.europesays.com\/es\/344511\/"},"modified":"2026-01-16T19:07:08","modified_gmt":"2026-01-16T19:07:08","slug":"trump-amenaza-con-aranceles-a-paises-por-plan-de-groenlandia","status":"publish","type":"post","link":"https:\/\/www.europesays.com\/es\/344511\/","title":{"rendered":"Trump amenaza con aranceles a pa\u00edses por plan de Groenlandia"},"content":{"rendered":"<p>El presidente de Estados Unidos, <a class=\"internal-link\" href=\"https:\/\/www.dw.com\/es\/donald-trump\/t-19445010\" rel=\"nofollow noopener\" target=\"_blank\">Donald Trump<\/a>, dijo este viernes (16.01.2026) que podr\u00eda imponer aranceles a los pa\u00edses que no apoyen sus planes de hacerse con Groenlandia, parte del territorio de Dinamarca, <a class=\"internal-link\" href=\"https:\/\/www.dw.com\/es\/la-otan-y-estados-unidos-divididos-por-groenlandia\/a-75438606\" rel=\"nofollow noopener\" target=\"_blank\">aliado de la OTAN<\/a>.<\/p>\n<p>\u00abPodr\u00eda imponer un arancel a los pa\u00edses si no aceptan lo de Groenlandia, porque necesitamos Groenlandia por razones de seguridad nacional\u00bb, manifest\u00f3 en una mesa redonda sobre salud en la Casa Blanca.<\/p>\n<p>Trump afirma que Estados Unidos necesita <a class=\"internal-link\" href=\"https:\/\/www.dw.com\/es\/groenlandia\/t-46606307\" rel=\"nofollow noopener\" target=\"_blank\">Groenlandia<\/a>, rica en minerales, y ha acusado a las autoridades de la isla de no hacer lo suficiente para garantizar su seguridad frente a sus rivales Rusia y China.<\/p>\n<p><strong>Europa y delegaci\u00f3n del Congreso de EE. UU.\u00a0reaccionan ante la presi\u00f3n de Trump\u00a0<\/strong><\/p>\n<p>En los \u00faltimos d\u00edas, varias naciones europeas mostraron su apoyo a Dinamarca y Groenlandia ante las crecientes amenazas del l\u00edder estadounidense, e incluso <a class=\"internal-link\" href=\"https:\/\/www.dw.com\/es\/pa\u00edses-europeos-env\u00edan-misi\u00f3n-militar-a-groenlandia-ante-amenazas-de-trump\/a-75516967\" rel=\"nofollow noopener\" target=\"_blank\">enviaron tropas al estrat\u00e9gico territorio aut\u00f3nomo<\/a>.<\/p>\n<p>Una delegaci\u00f3n bipartidista del Congreso estadounidense tambi\u00e9n inici\u00f3 una visita a Copenhague este viernes para expresarle su respaldo.<\/p>\n<p>Los ministros de Relaciones Exteriores de Dinamarca y Groenlandia visitaron la Casa Blanca el mi\u00e9rcoles para mantener conversaciones con el fin de relajar la situaci\u00f3n, pero posteriormente declararon que manten\u00edan un \u00abdesacuerdo fundamental\u00bb con Trump.<\/p>\n<p>rr afp\/dpa\/ap<\/p>\n","protected":false},"excerpt":{"rendered":"El presidente de Estados Unidos, Donald Trump, dijo este viernes (16.01.2026) que podr\u00eda imponer aranceles a los pa\u00edses&hellip;\n","protected":false},"author":2,"featured_media":344512,"comment_status":"","ping_status":"","sticky":false,"template":"","format":"standard","meta":{"footnotes":""},"categories":[42],"tags":[17,18,13,14,11,61,62,63,64,19,20,9,10,15,16,12,21,22,65,66,67],"class_list":{"0":"post-344511","1":"post","2":"type-post","3":"status-publish","4":"format-standard","5":"has-post-thumbnail","7":"category-internacional","8":"tag-breaking-news","9":"tag-breakingnews","10":"tag-featured-news","11":"tag-featurednews","12":"tag-headlines","13":"tag-internacional","14":"tag-international","15":"tag-international-news","16":"tag-internationalnews","17":"tag-latest-news","18":"tag-latestnews","19":"tag-news","20":"tag-noticias","21":"tag-noticias-destacadas","22":"tag-noticiasdestacadas","23":"tag-titulares","24":"tag-ultimas-noticias","25":"tag-ultimasnoticias","26":"tag-world","27":"tag-world-news","28":"tag-worldnews"},"share_on_mastodon":{"url":"https:\/\/pubeurope.com\/@es\/115906349942189727","error":""},"_links":{"self":[{"href":"https:\/\/www.europesays.com\/es\/wp-json\/wp\/v2\/posts\/344511","targetHints":{"allow":["GET"]}}],"collection":[{"href":"https:\/\/www.europesays.com\/es\/wp-json\/wp\/v2\/posts"}],"about":[{"href":"https:\/\/www.europesays.com\/es\/wp-json\/wp\/v2\/types\/post"}],"author":[{"embeddable":true,"href":"https:\/\/www.europesays.com\/es\/wp-json\/wp\/v2\/users\/2"}],"replies":[{"embeddable":true,"href":"https:\/\/www.europesays.com\/es\/wp-json\/wp\/v2\/comments?post=344511"}],"version-history":[{"count":0,"href":"https:\/\/www.europesays.com\/es\/wp-json\/wp\/v2\/posts\/344511\/revisions"}],"wp:featuredmedia":[{"embeddable":true,"href":"https:\/\/www.europesays.com\/es\/wp-json\/wp\/v2\/media\/344512"}],"wp:attachment":[{"href":"https:\/\/www.europesays.com\/es\/wp-json\/wp\/v2\/media?parent=344511"}],"wp:term":[{"taxonomy":"category","embeddable":true,"href":"https:\/\/www.europesays.com\/es\/wp-json\/wp\/v2\/categories?post=344511"},{"taxonomy":"post_tag","embeddable":true,"href":"https:\/\/www.europesays.com\/es\/wp-json\/wp\/v2\/tags?post=344511"}],"curies":[{"name":"wp","href":"https:\/\/api.w.org\/{rel}","templated":true}]}}