{"id":344558,"date":"2026-01-16T19:46:07","date_gmt":"2026-01-16T19:46:07","guid":{"rendered":"https:\/\/www.europesays.com\/es\/344558\/"},"modified":"2026-01-16T19:46:07","modified_gmt":"2026-01-16T19:46:07","slug":"ponen-a-la-venta-la-iconica-casa-de-el-principe-de-bel-air-pero-el-precio-no-es-para-todo-el-mundo-20minutos","status":"publish","type":"post","link":"https:\/\/www.europesays.com\/es\/344558\/","title":{"rendered":"Ponen a la venta la ic\u00f3nica casa de &#039;El pr\u00edncipe de Bel-Air, pero el precio no es para todo el mundo &#8211; 20Minutos"},"content":{"rendered":"<ol>\n<li><a href=\"https:\/\/news.google.com\/rss\/articles\/CBMixAFBVV95cUxPdXk1ajd1ZTNJYXNEUjNqckl3d3o3ODNuRHlRZVZCdkJqcGdRd2Q1QzN1WmhqZlRXRlVSYWRNSUVFcVZrV0FTVFhDcWJrbnljQjZaaTVCNjYxVzkyakVjbHp3Y244OGpvMVVtMXFaTDQ0N2V2YTdOQUlyQmVlekVhNXdJbk04RnUtamZwbkowaVM1dVI1OVZiMmlVWUQzVG1DOGM1WlZNNFdlbGlhZ3V1b09DcjVFekozTjNKNjgtSVg3bTB6?oc=5\" target=\"_blank\" rel=\"nofollow noopener\">Ponen a la venta la ic\u00f3nica casa de &#8216;El pr\u00edncipe de Bel-Air, pero el precio no es para todo el mundo<\/a>&nbsp;&nbsp;20Minutos<\/li>\n<li><a href=\"https:\/\/news.google.com\/rss\/articles\/CBMirAFBVV95cUxNa2xOc09WdWJBQnVsV0puTG1ZMk5qTGhYSFlwemF2SjBwOGNVUF94UUxMOFd0d09QOGFUSWc4bUM0RGFVakVpWUdRMlZvVjRObmsxVDFLR3NQNUNIOGVNSnN1cUNmVjRqazNqUWRqcEkyS2l1LWllOUxyTm9TWThwQllkbW5tN1U4cDRwQWlJaDZkb0t2Y1ctTVhscmZJWi1tWWZQNEJYaUVsRnRD?oc=5\" target=\"_blank\" rel=\"nofollow noopener\">La m\u00edtica mansi\u00f3n del &#8216;Pr\u00edncipe de Bel\u2011Air&#8217; a la venta por 30 millones: lujo, historia y gui\u00f1os a Will Smith<\/a>&nbsp;&nbsp;HOLA<\/li>\n<li><a href=\"https:\/\/news.google.com\/rss\/articles\/CBMi_gFBVV95cUxOR0xsSTl4eWtyVlhWSEdJblRKMVpIUngtQUdOTkpyZEY4N1hhcHlZdllqNVVTM01jaV8wb2hxaG15TWVleFUyVVBwQ3JKdUo4QUFGZTlXblRla2stblo4MVBCaGhFcV9PQXRXamJWYS1Pc2RRY2dRcXpCZlBMdU9HOGtGVlVoN2sxNzdOTWlKQjFsOXJmcVQtQmtMYU56UDVLTGxkcnBnVVJuVlFyS0lYQ1U3dmNsVWhLeTJZVmNPSGRIYXBFeUN1d00tNk1hV2JkUkx1cEdFZkxsbEx3YzZ5eEtITVRVdVhpUUphS29QZVV4LXdJVnhWY0JfUm9HZ9IB_gFBVV95cUxNLWRsQU41b3ZYUXVadXZPMlRmVVBTdDlMWjdwbDR1LTBCdC1qY0ROX1JYOFJhbllyamp3VUloTDNoUnpqeEhaaWp5OVpXajBEVjZ3RVJ6UEZOM2d1eU9UZVRQVjl1UVBQS3lTaGVnMG1wcFAwelJtMjdQcUxsYkVGR3dYd3AxTndLbDJ1NndxVGZkN21CMk9qT2dabWRQNy10Rkpwa3pCN2xDOXVQRGV4UWREQ3NZZWRtMTlobjlTUnkxTzd4Mk1pQzhpaU9sR1h3eUJ3LWM0QjFma1BFLXc4aVdJREhEeHV6WnhYWk11TnI2TG5rUVl2OGZ4UjFIUQ?oc=5\" target=\"_blank\" rel=\"nofollow noopener\">\u00bfSo\u00f1abas con vivir en la casa de El pr\u00edncipe de Bel-Air? Ahora est\u00e1 en venta y solo te costar\u00e1 unos cuantos<\/a>&nbsp;&nbsp;Antena 3<\/li>\n<li><a href=\"https:\/\/news.google.com\/rss\/articles\/CBMiqgFBVV95cUxNZlBiSVRyazhXN3F3eG1CZ1pKeHRGVmRRYXBBT2FFVVJzWkprQXI5ejVDZVVGNnlreUlZaDhrQWQyTEhsVGRYcm82aVFkYndzVC1XZ2xzbDVtVzBBbmlrcnNITXEtc3hKMFlneWZRZU12a01MdG11cVJPZDllMHNKVWRJZWt5U2RmRFhlWWVIZlBCaExQS21YZGlEWGo3TV90ZlBkbF9CeGJtUQ?oc=5\" target=\"_blank\" rel=\"nofollow noopener\">El pr\u00edncipe del rap y su ic\u00f3nica casa que hoy se encuentra a la venta<\/a>&nbsp;&nbsp;Architectural Digest M\u00e9xico y Latinoam\u00e9rica<\/li>\n<li><a href=\"https:\/\/news.google.com\/rss\/articles\/CBMizgFBVV95cUxOYThESElVR0d5X0hWN3FnQUxyNXdtS25sODBnQzlESlZ5Z190eVRvakJJTU8tVENsZ1oxUGNNbExXRldnbFZrQzlEQVBBVFV4V1BhNmlkaWJzTEJLQVBJTXhETDNoVFRHaG40TF9kV2hZM3NfTG1jTk5STHM0dWZGY2UzbFBlSUdXZUJMQ0pKdGwtRGVselQ5UVB1SkRBLVpPRU9RR1BsS0FSZmp1RUlJT0NIY2hWQmJROW9OaFctWHpyZFRaT1h6YVpIZnZQdw?oc=5\" target=\"_blank\" rel=\"nofollow noopener\">La ic\u00f3nica casa de &#8216;El Pr\u00edncipe de Bel-Air&#8217; est\u00e1 en venta: este es su precio y su ubicaci\u00f3n real<\/a>&nbsp;&nbsp;Vanitatis<\/li>\n<\/ol>\n","protected":false},"excerpt":{"rendered":"Ponen a la venta la ic\u00f3nica casa de &#8216;El pr\u00edncipe de Bel-Air, pero el precio no es para&hellip;\n","protected":false},"author":2,"featured_media":344559,"comment_status":"","ping_status":"","sticky":false,"template":"","format":"standard","meta":{"footnotes":""},"categories":[171],"tags":[385,146,147,25,24,9817,15611,14921,23,214,2913],"class_list":{"0":"post-344558","1":"post","2":"type-post","3":"status-publish","4":"format-standard","5":"has-post-thumbnail","7":"category-tv","8":"tag-casa","9":"tag-entertainment","10":"tag-entretenimiento","11":"tag-es","12":"tag-espana","13":"tag-iconica","14":"tag-ponen","15":"tag-principe","16":"tag-spain","17":"tag-tv","18":"tag-venta"},"share_on_mastodon":{"url":"https:\/\/pubeurope.com\/@es\/115906503238094477","error":""},"_links":{"self":[{"href":"https:\/\/www.europesays.com\/es\/wp-json\/wp\/v2\/posts\/344558","targetHints":{"allow":["GET"]}}],"collection":[{"href":"https:\/\/www.europesays.com\/es\/wp-json\/wp\/v2\/posts"}],"about":[{"href":"https:\/\/www.europesays.com\/es\/wp-json\/wp\/v2\/types\/post"}],"author":[{"embeddable":true,"href":"https:\/\/www.europesays.com\/es\/wp-json\/wp\/v2\/users\/2"}],"replies":[{"embeddable":true,"href":"https:\/\/www.europesays.com\/es\/wp-json\/wp\/v2\/comments?post=344558"}],"version-history":[{"count":0,"href":"https:\/\/www.europesays.com\/es\/wp-json\/wp\/v2\/posts\/344558\/revisions"}],"wp:featuredmedia":[{"embeddable":true,"href":"https:\/\/www.europesays.com\/es\/wp-json\/wp\/v2\/media\/344559"}],"wp:attachment":[{"href":"https:\/\/www.europesays.com\/es\/wp-json\/wp\/v2\/media?parent=344558"}],"wp:term":[{"taxonomy":"category","embeddable":true,"href":"https:\/\/www.europesays.com\/es\/wp-json\/wp\/v2\/categories?post=344558"},{"taxonomy":"post_tag","embeddable":true,"href":"https:\/\/www.europesays.com\/es\/wp-json\/wp\/v2\/tags?post=344558"}],"curies":[{"name":"wp","href":"https:\/\/api.w.org\/{rel}","templated":true}]}}