{"id":344586,"date":"2026-01-16T20:06:07","date_gmt":"2026-01-16T20:06:07","guid":{"rendered":"https:\/\/www.europesays.com\/es\/344586\/"},"modified":"2026-01-16T20:06:07","modified_gmt":"2026-01-16T20:06:07","slug":"si-me-levanto-y-no-me-apetece-trabajar-no-voy","status":"publish","type":"post","link":"https:\/\/www.europesays.com\/es\/344586\/","title":{"rendered":"Si me levanto y no me apetece trabajar, no voy"},"content":{"rendered":"<p class=\"ft-text\"><strong>Jos\u00e9 El\u00edas<\/strong> reflexion\u00f3 abiertamente sobre su estilo de vida y su concepto del \u00e9xito personal, siempre desde una perspectiva ligada a la libertad de decisi\u00f3n. A sus 50 a\u00f1os, dispone de una libertad financiera, con un patrimonio de <strong>650 millones de euros<\/strong>. A trav\u00e9s de su holding <strong>Excelsior Times, <\/strong>gestiona y participa en m\u00e1s de <strong>180 compa\u00f1\u00edas<\/strong>, lo que le ha permitido construir una posici\u00f3n s\u00f3lida dentro del panorama empresarial espa\u00f1ol.<\/p>\n<p class=\"ft-text\">Entre sus principales responsabilidades destaca su papel como presidente de Audax Renovables, una de las compa\u00f1\u00edas m\u00e1s relevantes del sector energ\u00e9tico. Adem\u00e1s, es propietario de la cadena de supermercados de congelados <strong>La Sirena<\/strong> y cuenta con participaciones significativas en empresas como <strong>Atrys Health, Ezentis y Aspy Global Services<\/strong>, con presencia tambi\u00e9n en los \u00e1mbitos de la educaci\u00f3n y las telecomunicaciones.<\/p>\n<p>La libertad financiera de Jos\u00e9 El\u00edas<\/p>\n<p class=\"ft-text\">Gracias a este entramado empresarial, Jos\u00e9 El\u00edas ha logrado un patrimonio elevado que le permite centrarse m\u00e1s en la estrategia, la inversi\u00f3n y la divulgaci\u00f3n que en la gesti\u00f3n operativa diaria. \u00ab<strong>Poder decidir cada d\u00eda lo que quieres hacer es el punto m\u00e1s alto de felicidad que puede alcanzar el ser humano\u201d<\/strong>, afirma, una idea que repite con frecuencia cuando habla de \u00e9xito y bienestar.<\/p>\n<p class=\"ft-text\">Estas reflexiones las comparte habitualmente en su p\u00f3dcast <strong>BLV<\/strong>, donde aborda temas econ\u00f3micos, empresariales y de actualidad sin filtros, explicando tanto sus logros como los obst\u00e1culos que ha encontrado en el camino. <strong>\u201cYo me estoy pegando una vida\u2026 el d\u00eda que no est\u00e9 aqu\u00ed, ir\u00e9is a mi entierro y dir\u00e9is: este tipo ha vivido muy bien. Soy un privilegiado porque puedo escoger cada d\u00eda lo que quiera\u201d<\/strong>, dice.<\/p>\n<p class=\"ft-text\">El empresario explica que esa libertad se basa en no depender de la obligaci\u00f3n diaria de trabajar. <strong>\u201cSi me quiero levantar para ir a trabajar, me levanto; si no quiero ir a trabajar, no voy. Y si voy, es porque me apetece, no porque tenga ninguna necesidad\u201d<\/strong>, se\u00f1ala, subrayando que su situaci\u00f3n actual es fruto de a\u00f1os de esfuerzo empresarial y de una estructura de negocios ya consolidada.<\/p>\n<p>Cr\u00edtico con las balizas<\/p>\n<p class=\"ft-text\">En ese mismo p\u00f3dcast, Jos\u00e9 El\u00edas tambi\u00e9n ha opinado sobre cuestiones regulatorias, como la obligatoriedad de las balizas V-16. Sobre este tipo de cambios normativos afirma: <strong>\u201cEstos cambios, en los que todo el mundo tiene que acabar comprando un producto\u2026 alg\u00fan iluminado de la administraci\u00f3n dice: \u2018Esto va a pasar por aqu\u00ed\u2019\u201d<\/strong>, dec\u00eda, cr\u00edtico ante determinadas decisiones administrativas.<\/p>\n<p class=\"ft-text\">Asimismo, ha denunciado pr\u00e1cticas poco \u00e9ticas relacionadas con estos procesos: <strong>\u201cNos vinieron a ofrecer la posibilidad de acelerar el proceso a cambio de mordidas, evidentemente. Dijimos que no. Es m\u00e1s, hay montados ciertos negocios legales que se dedican a esto, y los hemos rechazado\u201d, <\/strong>concluye<strong>.<\/strong><\/p>\n","protected":false},"excerpt":{"rendered":"Jos\u00e9 El\u00edas reflexion\u00f3 abiertamente sobre su estilo de vida y su concepto del \u00e9xito personal, siempre desde una&hellip;\n","protected":false},"author":2,"featured_media":344587,"comment_status":"","ping_status":"","sticky":false,"template":"","format":"standard","meta":{"footnotes":""},"categories":[174],"tags":[255,15279,146,147,25,24,10386,256,2313,2467,18787,23,2606],"class_list":{"0":"post-344586","1":"post","2":"type-post","3":"status-publish","4":"format-standard","5":"has-post-thumbnail","7":"category-famosos","8":"tag-celebrities","9":"tag-elias","10":"tag-entertainment","11":"tag-entretenimiento","12":"tag-es","13":"tag-espana","14":"tag-estilo","15":"tag-famosos","16":"tag-fuera-de-juego","17":"tag-jose","18":"tag-multimillonario","19":"tag-spain","20":"tag-vida"},"share_on_mastodon":{"url":"https:\/\/pubeurope.com\/@es\/115906581821939168","error":""},"_links":{"self":[{"href":"https:\/\/www.europesays.com\/es\/wp-json\/wp\/v2\/posts\/344586","targetHints":{"allow":["GET"]}}],"collection":[{"href":"https:\/\/www.europesays.com\/es\/wp-json\/wp\/v2\/posts"}],"about":[{"href":"https:\/\/www.europesays.com\/es\/wp-json\/wp\/v2\/types\/post"}],"author":[{"embeddable":true,"href":"https:\/\/www.europesays.com\/es\/wp-json\/wp\/v2\/users\/2"}],"replies":[{"embeddable":true,"href":"https:\/\/www.europesays.com\/es\/wp-json\/wp\/v2\/comments?post=344586"}],"version-history":[{"count":0,"href":"https:\/\/www.europesays.com\/es\/wp-json\/wp\/v2\/posts\/344586\/revisions"}],"wp:featuredmedia":[{"embeddable":true,"href":"https:\/\/www.europesays.com\/es\/wp-json\/wp\/v2\/media\/344587"}],"wp:attachment":[{"href":"https:\/\/www.europesays.com\/es\/wp-json\/wp\/v2\/media?parent=344586"}],"wp:term":[{"taxonomy":"category","embeddable":true,"href":"https:\/\/www.europesays.com\/es\/wp-json\/wp\/v2\/categories?post=344586"},{"taxonomy":"post_tag","embeddable":true,"href":"https:\/\/www.europesays.com\/es\/wp-json\/wp\/v2\/tags?post=344586"}],"curies":[{"name":"wp","href":"https:\/\/api.w.org\/{rel}","templated":true}]}}