{"id":344603,"date":"2026-01-16T20:17:07","date_gmt":"2026-01-16T20:17:07","guid":{"rendered":"https:\/\/www.europesays.com\/es\/344603\/"},"modified":"2026-01-16T20:17:07","modified_gmt":"2026-01-16T20:17:07","slug":"ultimas-noticias-de-venezuela-en-directo-la-cia-distribuye-la-imagen-de-su-reunion-con-delcy-rodriguez-internacional","status":"publish","type":"post","link":"https:\/\/www.europesays.com\/es\/344603\/","title":{"rendered":"\u00daltimas noticias de Venezuela, en directo | La CIA distribuye la imagen de su reuni\u00f3n con Delcy Rodr\u00edguez | Internacional"},"content":{"rendered":"<p class=\"ev-title\">31 ONG venezolanas y espa\u00f1olas condenan los \u201ccr\u00edmenes\u201d chavistas y exigen que se castiguen<\/p>\n<p>Una treintena de asociaciones y ONG venezolanas y espa\u00f1olas se han unido para condenar de manera \u201ccateg\u00f3rica\u201d los \u201ccr\u00edmenes de odio promovidos o tolerados por el r\u00e9gimen venezolano\u201d contra opositores pol\u00edticos, defensores de derechos humanos, periodistas, activistas sociales y sectores vulnerables de la poblaci\u00f3n.\u00a0<\/p>\n<p>\u201cExigimos justicia, verdad y reparaci\u00f3n integral para todas las v\u00edctimas de estos cr\u00edmenes, as\u00ed como la investigaci\u00f3n y sanci\u00f3n de los responsables materiales e intelectuales sin impunidad\u201d, seg\u00fan un manifiesto conjunto publicado este viernes en Madrid por organizaciones sociales y de los derechos humanos de varias partes de Espa\u00f1a.<\/p>\n<p>Demandan, por ello, el \u201ccierre inmediato y definitivo de todos los centros de tortura y detenci\u00f3n clandestina del r\u00e9gimen, utilizados como instrumentos de terror y represi\u00f3n pol\u00edtica\u201d. Y reclaman el acceso irrestricto de organismos internacionales de derechos humanos para verificar la situaci\u00f3n de los detenidos.<\/p>\n<p>Igualmente, la disoluci\u00f3n inmediata de los \u201cgrupos armados\u201d responsables de acciones de \u201cterrorismo\u201d contra el pueblo venezolano y el procesamiento de sus miembros por tribunales democr\u00e1ticos.<\/p>\n<p>En esta l\u00ednea, hacen un llamamiento en defensa de la libertad, de la dignidad humana y de todas las v\u00edctimas de la represi\u00f3n, la persecuci\u00f3n pol\u00edtica y los cr\u00edmenes de odio \u201cejercidos desde el poder\u201d en el pa\u00eds sudamericano.<\/p>\n<p>Suscriben Plataforma Ayuda Venezuela, Alianza Ciudadana por la Libertad de Venezuela, Coordinadora Iberoamericana Contra el Racismo, el Antisemitismo y la Intolerancia, Movimiento Contra la Intolerancia y Organizaci\u00f3n Geopol\u00edtica Am\u00e9rica Latina, entre otras entidades.<\/p>\n<p>\u201cDenunciamos ante la comunidad internacional \u2014prosiguen\u2014 la existencia de presos pol\u00edticos, detenidos arbitrariamente por motivos de conciencia, opini\u00f3n o participaci\u00f3n c\u00edvica, sometidos a procesos judiciales sin garant\u00edas, tratos crueles, inhumanos y degradantes, as\u00ed como a la separaci\u00f3n forzada de sus familias. Exigimos su liberaci\u00f3n plena, inmediata e incondicional\u201d.<\/p>\n<p>Demandan tambi\u00e9n que cese \u201ctoda forma de criminalizaci\u00f3n de la disidencia\u201d. Y reafirman el compromiso con los principios universales de los derechos humanos, la justicia, la verdad y la reparaci\u00f3n para las v\u00edctimas.\u00a0 \u201cLa memoria de quienes han sufrido persecuci\u00f3n, exilio, c\u00e1rcel o muerte nos obliga a no guardar silencio\u201d, argumentan en el manifiesto.<\/p>\n<p>Tambi\u00e9n instan a los gobiernos democr\u00e1ticos del mundo, a las instituciones europeas, a los organismos internacionales y a la sociedad civil a no aceptar ni normalizar la represi\u00f3n, a vigilar de manera \u201cactiva\u201d la situaci\u00f3n del pa\u00eds y a acompa\u00f1ar al pueblo venezolano en su leg\u00edtima aspiraci\u00f3n de libertad, justicia, democracia y pleno respeto de los derechos humanos. Y todo ello porque \u201cla libertad no se negocia, la dignidad no se persigue, los derechos humanos no prescriben\u201d.<\/p>\n<p>Finalmente, respaldan de manera \u201cclara y p\u00fablica\u201d a los opositores Mar\u00eda Corina Machado y Edmundo Gonz\u00e1lez Urrutia como \u201cl\u00edderes leg\u00edtimos del proceso de transici\u00f3n democr\u00e1tica en Venezuela\u201d. (Efe)<\/p>\n","protected":false},"excerpt":{"rendered":"31 ONG venezolanas y espa\u00f1olas condenan los \u201ccr\u00edmenes\u201d chavistas y exigen que se castiguen Una treintena de asociaciones&hellip;\n","protected":false},"author":2,"featured_media":344604,"comment_status":"","ping_status":"","sticky":false,"template":"","format":"standard","meta":{"footnotes":""},"categories":[42],"tags":[74750,8738,17,18,6191,74823,70,72,41094,2496,352,629,700,13,14,29392,11,61,62,63,64,19,20,9,1194,10,15,16,12,21,22,1192,65,66,67],"class_list":{"0":"post-344603","1":"post","2":"type-post","3":"status-publish","4":"format-standard","5":"has-post-thumbnail","7":"category-internacional","8":"tag-ataque-estados-unidos-a-venezuela","9":"tag-ataques-militares","10":"tag-breaking-news","11":"tag-breakingnews","12":"tag-caracas","13":"tag-cilia-flores","14":"tag-conflictos","15":"tag-conflictos-internacionales","16":"tag-derecho-internacional","17":"tag-dinamarca","18":"tag-donald-trump","19":"tag-estados-unidos","20":"tag-europa","21":"tag-featured-news","22":"tag-featurednews","23":"tag-groenlandia","24":"tag-headlines","25":"tag-internacional","26":"tag-international","27":"tag-international-news","28":"tag-internationalnews","29":"tag-latest-news","30":"tag-latestnews","31":"tag-news","32":"tag-nicolas-maduro","33":"tag-noticias","34":"tag-noticias-destacadas","35":"tag-noticiasdestacadas","36":"tag-titulares","37":"tag-ultimas-noticias","38":"tag-ultimasnoticias","39":"tag-venezuela","40":"tag-world","41":"tag-world-news","42":"tag-worldnews"},"share_on_mastodon":{"url":"","error":"Validation failed: Text character limit of 500 exceeded"},"_links":{"self":[{"href":"https:\/\/www.europesays.com\/es\/wp-json\/wp\/v2\/posts\/344603","targetHints":{"allow":["GET"]}}],"collection":[{"href":"https:\/\/www.europesays.com\/es\/wp-json\/wp\/v2\/posts"}],"about":[{"href":"https:\/\/www.europesays.com\/es\/wp-json\/wp\/v2\/types\/post"}],"author":[{"embeddable":true,"href":"https:\/\/www.europesays.com\/es\/wp-json\/wp\/v2\/users\/2"}],"replies":[{"embeddable":true,"href":"https:\/\/www.europesays.com\/es\/wp-json\/wp\/v2\/comments?post=344603"}],"version-history":[{"count":0,"href":"https:\/\/www.europesays.com\/es\/wp-json\/wp\/v2\/posts\/344603\/revisions"}],"wp:featuredmedia":[{"embeddable":true,"href":"https:\/\/www.europesays.com\/es\/wp-json\/wp\/v2\/media\/344604"}],"wp:attachment":[{"href":"https:\/\/www.europesays.com\/es\/wp-json\/wp\/v2\/media?parent=344603"}],"wp:term":[{"taxonomy":"category","embeddable":true,"href":"https:\/\/www.europesays.com\/es\/wp-json\/wp\/v2\/categories?post=344603"},{"taxonomy":"post_tag","embeddable":true,"href":"https:\/\/www.europesays.com\/es\/wp-json\/wp\/v2\/tags?post=344603"}],"curies":[{"name":"wp","href":"https:\/\/api.w.org\/{rel}","templated":true}]}}