{"id":344605,"date":"2026-01-16T20:18:08","date_gmt":"2026-01-16T20:18:08","guid":{"rendered":"https:\/\/www.europesays.com\/es\/344605\/"},"modified":"2026-01-16T20:18:08","modified_gmt":"2026-01-16T20:18:08","slug":"la-audiencia-nacional-condena-a-seis-anos-y-medio-de-carcel-a-dos-hombres-por-exaltar-el-terrorismo-yihadista-en-melilla-espana","status":"publish","type":"post","link":"https:\/\/www.europesays.com\/es\/344605\/","title":{"rendered":"La Audiencia Nacional condena a seis a\u00f1os y medio de c\u00e1rcel a dos hombres por exaltar el terrorismo yihadista en Melilla | Espa\u00f1a"},"content":{"rendered":"<p class=\"\">Dos hombres se dedicaron, entre 2015 y 2022, a adoctrinar a j\u00f3venes en reuniones que se celebraron en Melilla; tambi\u00e9n se dedicaron a difundir en redes sociales im\u00e1genes, v\u00eddeos y audios de \u201calto contenido violento\u201d, en los que invitaban a \u201ccombatir a los enemigos del Islam\u201d y defend\u00edan que las mujeres con burka estaban \u201cm\u00e1s cerca del para\u00edso que las que no se tapan\u201d. La Audiencia Nacional les ha condenado a seis a\u00f1os y medio de prisi\u00f3n por su \u201cintensa labor\u201d de <a href=\"https:\/\/elpais.com\/noticias\/yihad\/\" target=\"_self\" rel=\"nofollow noopener\" title=\"https:\/\/elpais.com\/noticias\/yihad\/\">exaltaci\u00f3n del terrorismo isl\u00e1mico<\/a> en Espa\u00f1a.<\/p>\n<p class=\"\">Los magistrados consideran que Rachid Akouad y El Ourdani Zaroith, de nacionalidad marroqu\u00ed, actuaron como \u201cvector de la ideolog\u00eda radical yihadista\u201d entre 2015 y 2022. Por ello, les condenan como autores de un delito de adoctrinamiento terrorista para la incorporaci\u00f3n a una organizaci\u00f3n o grupo terrorista.<\/p>\n<p class=\"\">Seg\u00fan recoge la sentencia, ambos asumieron y exaltaron los postulados del ideario del Estado Isl\u00e1mico y la \u201cvisi\u00f3n ultraortodoxa del Islam\u201d. Y, poco a poco, invitaron \u201ca terceros\u201d a sumarse. <\/p>\n<p class=\"\">Zarioh empez\u00f3 en Facebook, con un perfil que \u201clleg\u00f3 a contar con 267 seguidores\u201d. Publicaba contenido en abierto \u201cen favor del ideario terrorista\u201d: combatientes con banderas, im\u00e1genes belicistas contra Occidente e Israel. Culpaba a \u201cOccidente\u201d de \u201clos males que sufre la poblaci\u00f3n musulmana\u201d. <\/p>\n<p class=\"\">En la lista de mensajes que difund\u00eda constan tambi\u00e9n fotos de cuerpos desmembrados o decapitados y v\u00eddeos en los que se criticaba la vestimenta de las mujeres, a la que atribu\u00eda \u201cla culpa del aumento de los ni\u00f1os frutos del adulterio\u201d. Adem\u00e1s de valerse de la red social creada por Mark Zuckerberg, compart\u00eda las publicaciones por WhatsApp y Telegram. <\/p>\n<p class=\"\">En su casa en Melilla, encontraron \u201cnumerosos discursos o sermones\u201d de predicadores del \u201csalafismo radical\u201d, una rama del Islam en consonancia con los postulados de organizaciones terroristas. Tambi\u00e9n hallaron v\u00eddeos sobre combates, entrenamientos militares y ataques, e incluso grabaciones en las que figuran personas que fueron condenadas por terrorismo yihadista por la propia Audiencia Nacional.<\/p>\n<p class=\"\">Los magistrados tambi\u00e9n destacan que Zarioh mantuvo conversaciones con su sobrino menor de edad, de 12 a\u00f1os. Se\u00f1alan que se prevali\u00f3 de su \u201crelaci\u00f3n de parentesco\u201d y de su \u201cascendencia\u201d sobre \u00e9l para formarle en los postulados propios de organizaciones de terrorismo yihadista. <\/p>\n<p>Clases de artes marciales a j\u00f3venes de Melilla<\/p>\n<p class=\"\">Por su parte, consta que Akoudad se vali\u00f3 de internet para estudiar los postulados del Estado Isl\u00e1mico y para obtener material que luego utiliz\u00f3 para \u201cformar\u201d a j\u00f3venes que viven en Melilla a trav\u00e9s de WhatsApp y Telegram. Seg\u00fan la sentencia, el condenado llev\u00f3 a varios de estos seguidores a vivir en su casa para que vieran los v\u00eddeos de adoctrinamiento. En su domicilio, ten\u00eda dos salas de reuniones que prepar\u00f3 con un atril y una televisi\u00f3n. <\/p>\n<p class=\"\">Adem\u00e1s de estos encuentros, los magistrados destacan que Akoudad se reun\u00eda con estos j\u00f3venes en sitios p\u00fablicos de Melilla y les ense\u00f1aba artes marciales. Varias de estas reuniones fueron grabadas por el acusado y los asistentes. <\/p>\n<p class=\"\">La Audiencia Nacional condena a ambos a seis a\u00f1os y medio de prisi\u00f3n \u2212la Fiscal\u00eda ped\u00eda siete a\u00f1os de prisi\u00f3n para cada uno\u2212 debido a la cantidad y calidad del material difundido y los canales utilizados para su publicaci\u00f3n. Adem\u00e1s, les inhabilita durante 12 a\u00f1os para trabajar en oficios educativos o deportivos. Tambi\u00e9n les impone una multa de 5.700 euros a cada uno.<\/p>\n","protected":false},"excerpt":{"rendered":"Dos hombres se dedicaron, entre 2015 y 2022, a adoctrinar a j\u00f3venes en reuniones que se celebraron en&hellip;\n","protected":false},"author":2,"featured_media":344606,"comment_status":"","ping_status":"","sticky":false,"template":"","format":"standard","meta":{"footnotes":""},"categories":[8],"tags":[6543,17,18,25,24,13,14,11,19,20,10255,9,10,15,16,1922,6932,23,592,12,21,22,18553],"class_list":{"0":"post-344605","1":"post","2":"type-post","3":"status-publish","4":"format-standard","5":"has-post-thumbnail","7":"category-espana","8":"tag-audiencia-nacional","9":"tag-breaking-news","10":"tag-breakingnews","11":"tag-es","12":"tag-espana","13":"tag-featured-news","14":"tag-featurednews","15":"tag-headlines","16":"tag-latest-news","17":"tag-latestnews","18":"tag-melilla","19":"tag-news","20":"tag-noticias","21":"tag-noticias-destacadas","22":"tag-noticiasdestacadas","23":"tag-redes-sociales","24":"tag-sentencias-condenatorias","25":"tag-spain","26":"tag-terrorismo","27":"tag-titulares","28":"tag-ultimas-noticias","29":"tag-ultimasnoticias","30":"tag-yihadismo"},"share_on_mastodon":{"url":"https:\/\/pubeurope.com\/@es\/115906629120026171","error":""},"_links":{"self":[{"href":"https:\/\/www.europesays.com\/es\/wp-json\/wp\/v2\/posts\/344605","targetHints":{"allow":["GET"]}}],"collection":[{"href":"https:\/\/www.europesays.com\/es\/wp-json\/wp\/v2\/posts"}],"about":[{"href":"https:\/\/www.europesays.com\/es\/wp-json\/wp\/v2\/types\/post"}],"author":[{"embeddable":true,"href":"https:\/\/www.europesays.com\/es\/wp-json\/wp\/v2\/users\/2"}],"replies":[{"embeddable":true,"href":"https:\/\/www.europesays.com\/es\/wp-json\/wp\/v2\/comments?post=344605"}],"version-history":[{"count":0,"href":"https:\/\/www.europesays.com\/es\/wp-json\/wp\/v2\/posts\/344605\/revisions"}],"wp:featuredmedia":[{"embeddable":true,"href":"https:\/\/www.europesays.com\/es\/wp-json\/wp\/v2\/media\/344606"}],"wp:attachment":[{"href":"https:\/\/www.europesays.com\/es\/wp-json\/wp\/v2\/media?parent=344605"}],"wp:term":[{"taxonomy":"category","embeddable":true,"href":"https:\/\/www.europesays.com\/es\/wp-json\/wp\/v2\/categories?post=344605"},{"taxonomy":"post_tag","embeddable":true,"href":"https:\/\/www.europesays.com\/es\/wp-json\/wp\/v2\/tags?post=344605"}],"curies":[{"name":"wp","href":"https:\/\/api.w.org\/{rel}","templated":true}]}}