{"id":344621,"date":"2026-01-16T20:33:11","date_gmt":"2026-01-16T20:33:11","guid":{"rendered":"https:\/\/www.europesays.com\/es\/344621\/"},"modified":"2026-01-16T20:33:11","modified_gmt":"2026-01-16T20:33:11","slug":"trevor-noah-sera-el-anfitrion-de-los-grammy-por-ultima-vez","status":"publish","type":"post","link":"https:\/\/www.europesays.com\/es\/344621\/","title":{"rendered":"Trevor Noah ser\u00e1 el anfitri\u00f3n de los Grammy por \u00faltima vez"},"content":{"rendered":"<p>Trevor Noah ser\u00e1 el anfitri\u00f3n de los Premios Grammy por sexto a\u00f1o consecutivo, pero esta vez se anuncia como un espect\u00e1culo de despedida.<\/p>\n<p>La Academia de la Grabaci\u00f3n anunci\u00f3 que el comediante sudafricano regresar\u00e1 \u201cuna \u00faltima vez\u201d para el espect\u00e1culo del 1 de febrero, en el que tambi\u00e9n ser\u00e1 productor ejecutivo. Solo el cantante Andy Williams, quien fue anfitri\u00f3n de los Grammy siete veces en la d\u00e9cada de 1970, lo supera.<\/p>\n<p>Noah, quien ha sido nominado al Grammy en cuatro ocasiones, compite este a\u00f1o en la categor\u00eda de mejor audiolibro, narraci\u00f3n y grabaci\u00f3n de cuentos por \u201cInto The Uncut Grass\u201d, una historia para ni\u00f1os.<\/p>\n<p>Kendrick Lamar, Lady Gaga y Jack Antonoff est\u00e1n entre los principales nominados para la 68\u00aa edici\u00f3n anual de los Grammy, que se transmitir\u00e1 en vivo por CBS y Paramount+ desde el Crypto.com Arena en Los \u00c1ngeles.<\/p>\n<p>\u00a0<\/p>\n","protected":false},"excerpt":{"rendered":"Trevor Noah ser\u00e1 el anfitri\u00f3n de los Premios Grammy por sexto a\u00f1o consecutivo, pero esta vez se anuncia&hellip;\n","protected":false},"author":2,"featured_media":344622,"comment_status":"","ping_status":"","sticky":false,"template":"","format":"standard","meta":{"footnotes":""},"categories":[170],"tags":[44037,1568,15701,146,147,25,24,2791,184,185,532,23,77664,78210],"class_list":{"0":"post-344621","1":"post","2":"type-post","3":"status-publish","4":"format-standard","5":"has-post-thumbnail","7":"category-musica","8":"tag-anfitrion","9":"tag-categoria","10":"tag-cbs","11":"tag-entertainment","12":"tag-entretenimiento","13":"tag-es","14":"tag-espana","15":"tag-grammy","16":"tag-music","17":"tag-musica","18":"tag-premios","19":"tag-spain","20":"tag-trevor-noah","21":"tag-ultima-vez"},"share_on_mastodon":{"url":"https:\/\/pubeurope.com\/@es\/115906688136614625","error":""},"_links":{"self":[{"href":"https:\/\/www.europesays.com\/es\/wp-json\/wp\/v2\/posts\/344621","targetHints":{"allow":["GET"]}}],"collection":[{"href":"https:\/\/www.europesays.com\/es\/wp-json\/wp\/v2\/posts"}],"about":[{"href":"https:\/\/www.europesays.com\/es\/wp-json\/wp\/v2\/types\/post"}],"author":[{"embeddable":true,"href":"https:\/\/www.europesays.com\/es\/wp-json\/wp\/v2\/users\/2"}],"replies":[{"embeddable":true,"href":"https:\/\/www.europesays.com\/es\/wp-json\/wp\/v2\/comments?post=344621"}],"version-history":[{"count":0,"href":"https:\/\/www.europesays.com\/es\/wp-json\/wp\/v2\/posts\/344621\/revisions"}],"wp:featuredmedia":[{"embeddable":true,"href":"https:\/\/www.europesays.com\/es\/wp-json\/wp\/v2\/media\/344622"}],"wp:attachment":[{"href":"https:\/\/www.europesays.com\/es\/wp-json\/wp\/v2\/media?parent=344621"}],"wp:term":[{"taxonomy":"category","embeddable":true,"href":"https:\/\/www.europesays.com\/es\/wp-json\/wp\/v2\/categories?post=344621"},{"taxonomy":"post_tag","embeddable":true,"href":"https:\/\/www.europesays.com\/es\/wp-json\/wp\/v2\/tags?post=344621"}],"curies":[{"name":"wp","href":"https:\/\/api.w.org\/{rel}","templated":true}]}}