{"id":344661,"date":"2026-01-16T21:04:07","date_gmt":"2026-01-16T21:04:07","guid":{"rendered":"https:\/\/www.europesays.com\/es\/344661\/"},"modified":"2026-01-16T21:04:07","modified_gmt":"2026-01-16T21:04:07","slug":"alertas-de-la-aemet-por-fuertes-nevadas-y-frio-en-directo-carreteras-cortadas-pueblos-incomunicados-y-ultima-hora-en-castilla-y-leon-galicia-o-cataluna-la-razon","status":"publish","type":"post","link":"https:\/\/www.europesays.com\/es\/344661\/","title":{"rendered":"Alertas de la AEMET por fuertes nevadas y fr\u00edo, en directo: carreteras cortadas, pueblos incomunicados y \u00faltima hora en Castilla y Le\u00f3n, Galicia o Catalu\u00f1a &#8211; La Raz\u00f3n"},"content":{"rendered":"<ol>\n<li><a href=\"https:\/\/news.google.com\/rss\/articles\/CBMipAJBVV95cUxOd3haZkZpZTRtUmFxT1hOdmhWVnQ1eU8yamhaY2k0cHhIY2x2UjFkeDk1VllDZTZsMXN1Yy1PVGtuLWxnN2d3R0dOdTdQQUlFWmNCbjZiX201ZGxMME9RWWZwem1NTWFDU1NNSExYMzltVXlhN2tnRlE3Q3ZLYTRkWXEzcUhOaFdXR1hQTGJaRDMzakVteUdldnM2b3ZmZGYxeFJCZDRaUERkT3lSbmtZMk5ORElHeVpLUFp2ZnJmY0YwNTI3bWo2aEhCNUNUNl9US3c1Q2F6VnhiSDNtYmU5QldjYWZOX3RMbWpEd1F1MGw4UkRBY0t6Mkk3ZWFNZnJqYjVRMDNTTWF6RlpDMGxXR0pna0dkcFZSajMtelBaVU41Y0Ny?oc=5\" target=\"_blank\" rel=\"nofollow noopener\">Alertas de la AEMET por fuertes nevadas y fr\u00edo, en directo: carreteras cortadas, pueblos incomunicados y \u00faltima hora en Castilla y Le\u00f3n, Galicia o Catalu\u00f1a<\/a>&nbsp;&nbsp;La Raz\u00f3n<\/li>\n<li><a href=\"https:\/\/news.google.com\/rss\/articles\/CBMivwFBVV95cUxPQUJEaEo3NmI4ajl4QUFiUDkxWWd2M2hxcEZ6bk1QRWhidllDcjNLZnlpS29QODJVZDl3WHhwZmJ4QW1hZGo5aUNLTE5PaTFtNTJkOXotWmkwYVdGVlQzYjNvRldtUDJ0Mno1QkdRdEFwbGpTaGdaT1R1dXdteG5Ld21GZUFybnAwTzRDTDFRLXNjQnJMbGFmUVNUOGJWT3dncUhraWo2V3BWYUtfSy0ySUYtYXlrZTdzcVBBR1hpSQ?oc=5\" target=\"_blank\" rel=\"nofollow noopener\">\u00daltima hora: la borrasca Harry se planta en el este y abre varios d\u00edas de lluvias muy intensas<\/a>&nbsp;&nbsp;El Tiempo<\/li>\n<li><a href=\"https:\/\/news.google.com\/rss\/articles\/CBMinAFBVV95cUxPdHRYam1YQzF3aDNhZWFPcktXVTFMc3ZtaGpiRWJ2VFp4bWJ4RUJYZlU0OVBRYmFLdUxhVHR4VlNYdFRRWEhNWnI2NVd3cHI2bDlrQkQxS2dCV1B1bENtb21Ram9zNWswWjdCMTNqQTEtdnpuOXBDX240OTE2YWdEd3V6a2N3T3hLSVdpeUdSS1NBcm5LSW9rd2xyZk4?oc=5\" target=\"_blank\" rel=\"nofollow noopener\">Roberto Brasero pone en alerta a Espa\u00f1a por lo que va a pasar con el tiempo de manera inminente: \u00abEste jueves entra otro nuevo frente y viene con fuerza\u00bb<\/a>&nbsp;&nbsp;ABC<\/li>\n<li><a href=\"https:\/\/news.google.com\/rss\/articles\/CBMi0wFBVV95cUxPbVoyVzQtcHk2cENnU3NVRFVOMEV1RVEwNmlxYnpZWlBhbmM5YUVJNGpXLWdROHJNYmpxVEUtUjRCWjdBSGg5RHc5N0dDQVdiLVNNZUFDa0R5aTM0SkwxdEdqSXBhaXQ1OXlTOU8zQ0oyMWo2S3ZHTVFndjU0V1JmSndUdVNIdk1lc1p4UGRzRDB5ZDktWkdyTlRZcU5wUEZwRk5GQUllakF6d0ZkRHZPbnZocWROV0tON0lFWnRxXzBaY0JBbWFDWGhRNnNKSGRsY3ow0gHTAUFVX3lxTE5TSTBZcTY5UnIyeW1EcFRzeVFqWFRFbGh2aTB4ZkhCWkZBUFpHcjZrU0NSUERhcUY1VHVsem9abzNqbXQ2MHRDcVNkaU5LZi1rRWg1dHdvTTFINHN2N0NnTjBuUWJ6Snl0MEhOR0l1ZEEtTmViYUE0MWdBeF9jM25IWnBxV09MUVZXcFNmdzZVb3ZHMWxkUjJXay1PZXVNWGVoQXJMZ2RTSmZSWU5WZWtaNnpyT09hQmxDcFRqOEp3RzN6Wk9JZ0FwUTNGR3E5YVdYUFE?oc=5\" target=\"_blank\" rel=\"nofollow noopener\">El tiempo de este viernes 16 de enero: lluvias, nieve y nieblas ser\u00e1n la t\u00f3nica en buena parte del pa\u00eds<\/a>&nbsp;&nbsp;RTVE.es<\/li>\n<li><a href=\"https:\/\/news.google.com\/rss\/articles\/CBMinAFBVV95cUxNdXBmOXdPLWx1MVVkTHJBQ1BsMm9OYXgzcW5TRUpDam01Z1VYU2dNZU1QSWxQazM2ZjlRUlJzRnZBaWlQSW5lQWFMSTVobVQ5TDNCWEJNcWtadnNfRGZIaFBWbDBzc2xrMjFKZHRUNlplZlltak9PcXNHQWlCSzdLUzM2RDA5ZVlyY2t5WUdZLUtXS2lETVpaUFdiTVo?oc=5\" target=\"_blank\" rel=\"nofollow noopener\">La AEMET avisa: vuelve la nieve en cotas bajas y el fr\u00edo se instala en casi toda Espa\u00f1a<\/a>&nbsp;&nbsp;HOLA<\/li>\n<\/ol>\n","protected":false},"excerpt":{"rendered":"Alertas de la AEMET por fuertes nevadas y fr\u00edo, en directo: carreteras cortadas, pueblos incomunicados y \u00faltima hora&hellip;\n","protected":false},"author":2,"featured_media":344662,"comment_status":"","ping_status":"","sticky":false,"template":"","format":"standard","meta":{"footnotes":""},"categories":[8],"tags":[17,18,25,24,13,14,11,19,20,9,10,15,16,23,12,21,22],"class_list":{"0":"post-344661","1":"post","2":"type-post","3":"status-publish","4":"format-standard","5":"has-post-thumbnail","7":"category-espana","8":"tag-breaking-news","9":"tag-breakingnews","10":"tag-es","11":"tag-espana","12":"tag-featured-news","13":"tag-featurednews","14":"tag-headlines","15":"tag-latest-news","16":"tag-latestnews","17":"tag-news","18":"tag-noticias","19":"tag-noticias-destacadas","20":"tag-noticiasdestacadas","21":"tag-spain","22":"tag-titulares","23":"tag-ultimas-noticias","24":"tag-ultimasnoticias"},"share_on_mastodon":{"url":"https:\/\/pubeurope.com\/@es\/115906809944882588","error":""},"_links":{"self":[{"href":"https:\/\/www.europesays.com\/es\/wp-json\/wp\/v2\/posts\/344661","targetHints":{"allow":["GET"]}}],"collection":[{"href":"https:\/\/www.europesays.com\/es\/wp-json\/wp\/v2\/posts"}],"about":[{"href":"https:\/\/www.europesays.com\/es\/wp-json\/wp\/v2\/types\/post"}],"author":[{"embeddable":true,"href":"https:\/\/www.europesays.com\/es\/wp-json\/wp\/v2\/users\/2"}],"replies":[{"embeddable":true,"href":"https:\/\/www.europesays.com\/es\/wp-json\/wp\/v2\/comments?post=344661"}],"version-history":[{"count":0,"href":"https:\/\/www.europesays.com\/es\/wp-json\/wp\/v2\/posts\/344661\/revisions"}],"wp:featuredmedia":[{"embeddable":true,"href":"https:\/\/www.europesays.com\/es\/wp-json\/wp\/v2\/media\/344662"}],"wp:attachment":[{"href":"https:\/\/www.europesays.com\/es\/wp-json\/wp\/v2\/media?parent=344661"}],"wp:term":[{"taxonomy":"category","embeddable":true,"href":"https:\/\/www.europesays.com\/es\/wp-json\/wp\/v2\/categories?post=344661"},{"taxonomy":"post_tag","embeddable":true,"href":"https:\/\/www.europesays.com\/es\/wp-json\/wp\/v2\/tags?post=344661"}],"curies":[{"name":"wp","href":"https:\/\/api.w.org\/{rel}","templated":true}]}}