{"id":344687,"date":"2026-01-16T21:27:10","date_gmt":"2026-01-16T21:27:10","guid":{"rendered":"https:\/\/www.europesays.com\/es\/344687\/"},"modified":"2026-01-16T21:27:10","modified_gmt":"2026-01-16T21:27:10","slug":"bertin-osborne-sufre-un-nuevo-bache-en-su-salud-y-pospone-sus-compromisos-profesionales","status":"publish","type":"post","link":"https:\/\/www.europesays.com\/es\/344687\/","title":{"rendered":"Bert\u00edn Osborne sufre un nuevo bache en su salud y pospone sus compromisos profesionales"},"content":{"rendered":"<p>B<strong>ert\u00edn Osborne<\/strong> (71 a\u00f1os) ha sufrido un nuevo e inesperado bache en su salud. El cantante, que en 2024 regresaba a los escenarios tras superar los estragos del Covid persistente, se ha visto obligado a cancelar sus compromisos profesionales esta semana por un <strong>problema de salud<\/strong> del que, por el momento, se desconocen los detalles.<\/p>\n<p>El artista ten\u00eda previsto protagonizar este domingo 18 de enero el preg\u00f3n de las Fiestas de la Virgen de la Paz en el municipio madrile\u00f1o de Alcobendas. Sin embargo, el Ayuntamiento de la localidad <strong>ha emitido un comunicado<\/strong> en el que cancela el acto debido al contratiempo sufrido por Bert\u00edn.<\/p>\n<p><img loading=\"lazy\" decoding=\"async\"   src=\"https:\/\/www.europesays.com\/es\/wp-content\/uploads\/2026\/01\/bertin-osborne_fbc9c8c3_260116155325_1200x768.webp.webp\" alt=\"Bert\u00edn Osborne\" class=\"lazyload\" width=\"1200\" height=\"768\" data-aspectratio=\"1200\/768\"\/><\/p>\n<p>El cantante ten\u00eda previsto dar el preg\u00f3n de las fiestas de Alcobendas el domingo 18 de enero.<\/p>\n<p>&#13;Gtres<\/p>\n<p>\u00abLamentablemente, por motivos de salud del cantante Bert\u00edn Osborne, la celebraci\u00f3n del preg\u00f3n de las Fiestas de la Virgen de la Paz y todo el programa festivo previsto para este domingo 18 de enero en la Plaza del Pueblo, <strong>se aplaza al pr\u00f3ximo jueves 22 de enero<\/strong>, a la misma hora\u00bb, reza el escrito de la Corporaci\u00f3n.<\/p>\n<p>La salud de Bert\u00edn Osborne<\/p>\n<p>Por el momento, el int\u00e9rprete de &#8216;Como un vagabundo&#8217; no se ha pronunciado sobre su problema de salud ni se conocen m\u00e1s detalles al respecto, aunque todo parece indicar de que la situaci\u00f3n no reviste gravedad y en unos d\u00edas el cantante <strong>podr\u00e1 retomar su agenda<\/strong> y cumplir con ese y otros compromisos laborales.<\/p>\n<p>Esta no es la primera vez que Bert\u00edn se ve obligado a parar moment\u00e1neamente su trabajo por motivos de salud. A principios de 2024, meses despu\u00e9s de convertirse en padre junto a Gabriela Guill\u00e9n, el artista abandon\u00f3 los escenarios aquejado de agotamiento extremo y otros s\u00edntomas del<strong> Covid persistente<\/strong>.<\/p>\n<p><img loading=\"lazy\" decoding=\"async\"   src=\"https:\/\/www.europesays.com\/es\/wp-content\/uploads\/2026\/01\/bertin-osborne-e-hijos_cbbf1d0d_260116155453_1200x675.webp.webp\" alt=\"Bert\u00edn Osborne e hijos\" class=\"lazyload\" width=\"1200\" height=\"675\" data-aspectratio=\"1200\/675\"\/><\/p>\n<p>Las hijas de Bert\u00edn Osborne se convirtieron en su mayor apoyo en su peor momento de salud.<\/p>\n<p>&#13;GTRES<\/p>\n<p>Tras un per\u00edodo apartado de los escenarios y de la vida p\u00fablica, en pleno hurac\u00e1n medi\u00e1tico por el conflicto con la madre de su sexto hijo, Bert\u00edn reaparec\u00eda y confesaba p\u00fablicamente c\u00f3mo hab\u00eda vivido la enfermedad: \u00abEsto me ha ense\u00f1ado a m\u00ed muchas cosas y que lo \u00fanico importante en esta vida es la salud\u00bb, confesaba en su programa, &#8216;El show de Bert\u00edn&#8217;.\u00a0 \u00ab<strong>He estado dos meses malo como un perro. <\/strong>He adelgazado, cuando est\u00e1s sano puedes con todo, pero cuando est\u00e1s malo, dices \u2018dios m\u00edo de mi vida\u2019\u201d, agregaba en su charla con Mar\u00eda del Monte.<\/p>\n<p>Sus hijas, su mayor apoyo<\/p>\n<p>Ante este nuevo contratiempo f\u00edsico, el cantante contar\u00e1 con<strong> un importante apoyo<\/strong> familiar: sus hijas. Ya en la anterior ocasi\u00f3n habl\u00f3 del papel de cuidadoras que adquirieron Alejandra, Claudia y Eugenia durante su convalecencia: \u00abCuando alguien se encuentra mal f\u00edsicamente y te encuentras mal, se te cae el mundo encima. He aprendido que soy humano, era invulnerable y ahora s\u00e9 que lo soy, que soy vulnerable, y eso me ha generado un shock mental y a mis hijas, m\u00e1s\u00bb, explic\u00f3 en su formato televisivo.<\/p>\n<p><img decoding=\"async\" src=\"https:\/\/www.europesays.com\/es\/wp-content\/uploads\/2026\/01\/irene-de-grecia_5e83d578_260115182003_800x800.webp.webp\" alt=\"Irene de Grecia\" class=\"image lazyload\"\/><img loading=\"lazy\" decoding=\"async\" src=\"https:\/\/www.europesays.com\/es\/wp-content\/uploads\/2026\/01\/irene-de-grecia_5e83d578_260115182011_1280x720.webp.webp\" alt=\"Pilar Eyre, sobre Irene de Grecia: &quot;Ha tenido una vida muy singular y muy desgraciada, siempre a remolque de sus hermanos&quot;\" class=\"image lazyload\" width=\"1280\" height=\"720\" data-aspectratio=\"1280\/720\"\/><\/p>\n<p>Pese a la preocupaci\u00f3n que gener\u00f3 en su entorno, la enfermedad le sirvi\u00f3 para llevarse un gran aprendizaje y estrechar lazos familiares: \u201c<strong>Esto me ha acercado mucho a mis hijas<\/strong>, porque para mis ni\u00f1as yo era como Superman y se han dado cuenta que no soy tan Superman y est\u00e1n m\u00e1s preocupadas que yo\u201d, concluy\u00f3.<\/p>\n","protected":false},"excerpt":{"rendered":"Bert\u00edn Osborne (71 a\u00f1os) ha sufrido un nuevo e inesperado bache en su salud. El cantante, que en&hellip;\n","protected":false},"author":2,"featured_media":344688,"comment_status":"","ping_status":"","sticky":false,"template":"","format":"standard","meta":{"footnotes":""},"categories":[8],"tags":[17,18,25,24,13,14,11,19,20,9,10,15,16,23,12,21,22],"class_list":{"0":"post-344687","1":"post","2":"type-post","3":"status-publish","4":"format-standard","5":"has-post-thumbnail","7":"category-espana","8":"tag-breaking-news","9":"tag-breakingnews","10":"tag-es","11":"tag-espana","12":"tag-featured-news","13":"tag-featurednews","14":"tag-headlines","15":"tag-latest-news","16":"tag-latestnews","17":"tag-news","18":"tag-noticias","19":"tag-noticias-destacadas","20":"tag-noticiasdestacadas","21":"tag-spain","22":"tag-titulares","23":"tag-ultimas-noticias","24":"tag-ultimasnoticias"},"share_on_mastodon":{"url":"https:\/\/pubeurope.com\/@es\/115906900475982420","error":""},"_links":{"self":[{"href":"https:\/\/www.europesays.com\/es\/wp-json\/wp\/v2\/posts\/344687","targetHints":{"allow":["GET"]}}],"collection":[{"href":"https:\/\/www.europesays.com\/es\/wp-json\/wp\/v2\/posts"}],"about":[{"href":"https:\/\/www.europesays.com\/es\/wp-json\/wp\/v2\/types\/post"}],"author":[{"embeddable":true,"href":"https:\/\/www.europesays.com\/es\/wp-json\/wp\/v2\/users\/2"}],"replies":[{"embeddable":true,"href":"https:\/\/www.europesays.com\/es\/wp-json\/wp\/v2\/comments?post=344687"}],"version-history":[{"count":0,"href":"https:\/\/www.europesays.com\/es\/wp-json\/wp\/v2\/posts\/344687\/revisions"}],"wp:featuredmedia":[{"embeddable":true,"href":"https:\/\/www.europesays.com\/es\/wp-json\/wp\/v2\/media\/344688"}],"wp:attachment":[{"href":"https:\/\/www.europesays.com\/es\/wp-json\/wp\/v2\/media?parent=344687"}],"wp:term":[{"taxonomy":"category","embeddable":true,"href":"https:\/\/www.europesays.com\/es\/wp-json\/wp\/v2\/categories?post=344687"},{"taxonomy":"post_tag","embeddable":true,"href":"https:\/\/www.europesays.com\/es\/wp-json\/wp\/v2\/tags?post=344687"}],"curies":[{"name":"wp","href":"https:\/\/api.w.org\/{rel}","templated":true}]}}