{"id":344689,"date":"2026-01-16T21:28:15","date_gmt":"2026-01-16T21:28:15","guid":{"rendered":"https:\/\/www.europesays.com\/es\/344689\/"},"modified":"2026-01-16T21:28:15","modified_gmt":"2026-01-16T21:28:15","slug":"toni-perez-afirma-que-colaboracion-formacion-innovacion-y-recursos-son-esenciales-para-afianzar-la-seguridad-de-los-destinos-ciudadano-benidorm","status":"publish","type":"post","link":"https:\/\/www.europesays.com\/es\/344689\/","title":{"rendered":"Toni P\u00e9rez afirma que \u201ccolaboraci\u00f3n, formaci\u00f3n, innovaci\u00f3n y recursos\u201d son \u201cesenciales\u201d para afianzar la seguridad de los destinos &#8211; Ciudadano | Benidorm"},"content":{"rendered":"<ol>\n<li><a href=\"https:\/\/news.google.com\/rss\/articles\/CBMi_wFBVV95cUxNTGxrRzBUdlhjanc1UVpWMWp5ZHR3eGI3anVOM1FoWm5vQ3Z5WW5QVHBnbEhOTjRZejZlNWJ6NHZzelNSRTVYN0hfWURfRHVuVTY2N1R0RUFpQzF0M0p1OXpScW55Y1JvY29Idm91MktZNHJVU2JIVUNnWE5ZX3lpb1pPcGtGclh6ZzY0ZnhicmlMVWEwTGNfQkFDLXEwai1YOEVxeWNxU1JGN25Gb0hncDFrQmJDUzRtcHNOQTY1NURVc1JMemxyVnpGb2FTdzZWZ3ZzdHA5eHg2UHN1OVJEVzZPcXFfN29MM0VDOHE0QmNsRlN0MEx0WjlTWm5yc0k?oc=5\" target=\"_blank\" rel=\"nofollow noopener\">Toni P\u00e9rez afirma que \u201ccolaboraci\u00f3n, formaci\u00f3n, innovaci\u00f3n y recursos\u201d son \u201cesenciales\u201d para afianzar la seguridad de los destinos<\/a>&nbsp;&nbsp;Ciudadano | Benidorm<\/li>\n<li><a href=\"https:\/\/news.google.com\/rss\/articles\/CBMi1AJBVV95cUxPbFhNdll4aFQyNjhZcjNCN0tHdk95UVFkSmRnUzFHMXJ6VU9YNWV5NWdWS2d6ZnhCcHIwZm9MVk03SUxGWmF5VldwbkdvUTc5N0QzMmJleXhCUmpUZjR3NzJMaHROQnBZZ192X29qbWtyUGdWOHJ2cXh0THlld0FoU3ZrU0RWOHNBSjdwekVPWnhjQ014V2ZWa0RrOG9heDZXSG1rbDQtTjdfQk5qb3ZDSTFHbEdrOUxjNGNrYXJtUDNmT3lWRE81OHVmdWYxZ0xHWTh4NUpPTDJiSVVwSHJkYl9DakVEdW1tTlNDT0pNVWpiRmJTQ2pncjVIaEJac0dxOGJ1S24zOTdhb29weGtndnhMeTBRQXNMVGpjanBzM2lsTzczdzh0WDA0QmVRSnRsQU05ZzFOTDBTZmdlOURNaHRpRE5JU3FSTHhuOE53bGxJdTF50gHUAkFVX3lxTFBKSEc0WTE3OGY1YjYySFk0YTk0ZkJiRV8yOE5rTEZtYTR6b2tZTXdHcENoRFZaWVVQeUJqVXRLQlZRa0xPdGZoM0xxckkyQlgtekM4aFcwMHA4eDdIc0JTNVVvRWlNM1RTel9mTUZYeXJlMTQtRWx3cVJyOXZNcmNiRUwtMV95MG9WaS0yOUxOYjEwVGF4QXFDYmdiajk1ZW5uSjJwT3pWRVlGOTJRSEVHN2xVZnFCOXFYTFNaMjlvZHp0dVNiUDNRd1FhVUtUdl9DYWlNSU94RUY3WHdTTmMzenVRclZUXzBwQ1RXeE95MFFOMXNlNEFmM0RIV0FYSTJldWd4a2hkNGV0UEJKZTFBeUprN2hQWHM3T0hwQVBFVU1LMDJlTUNkYTc1NGhLaURJZ3V6WFpTbl9KdTYyaVYtZVBTakgzWnpIVGJVbU5GRWFhZGk?oc=5\" target=\"_blank\" rel=\"nofollow noopener\">M\u00e1s de 350 agentes, oficiales y jefes de la Polic\u00eda Local, junto a representantes del sector tur\u00edstico de<\/a>&nbsp;&nbsp;Onda Cero Radio<\/li>\n<li><a href=\"https:\/\/news.google.com\/rss\/articles\/CBMi3wFBVV95cUxNd2YyZjNOQUdIemZNWS1wTEFGekpIVDNvRXBPQ0psNU8wOVkzVGJpVDdSa2FaM0V4OXJUMmtMZTZ0TTIyMHVhd0l0dTFzZm8zXzZsUnBIWkdmRnhvaHlTeHQtWk1odUppRXF5N2h3cDdJVWVTYzVMalFuUV8yRGZ5MWc4cUpTXzQxRzR5V3lmR3JFTDNMRDZ0c2U1ZUVVVjdkeHo0WlIxR1ZEVTR5YVNiT3V6dHAtcHpDSnVBRFVZMU41cnUwSkpEa0MwbE0ySnV3eE9xV1AzeFVJUWFlMWxJ?oc=5\" target=\"_blank\" rel=\"nofollow noopener\">L\u2019Alf\u00e0s del Pi se convierte ma\u00f1ana en punto de referencia nacional sobre seguridad tur\u00edstica<\/a>&nbsp;&nbsp;lalfas.es<\/li>\n<li><a href=\"https:\/\/news.google.com\/rss\/articles\/CBMigwJBVV95cUxPVF8tc1NhSVoxOURBX3liaFIybWd0a01Wd2pOY0h1RWM3OC1iZHA0SDZVbXplTVphTjVyN2xnN29VWDN2ZlIzaktCVHZ0a0hWVzl2cUJyU2VldFI5NHhKR2xfUXg1aFU3TW1oeS1IWVZDNW9fdE9JVG1SYjJqR3ZYSFBZOXB6bHpKNUlEb2xiWHRYVklDY1FEcUdvVlc1YUVTWEduSjdYNXE4RFBxTU53YS1mQXRJUEFHZmZNbThRQUFZMk5FU2FNMEZDR3pjQWtXNlpmdWd4T05pS2daaHQybW0xbVVtUml1U1JpLTgxX3VwSFFYcE1Eei1CM1dFTVVnTkxn?oc=5\" target=\"_blank\" rel=\"nofollow noopener\">Emergencias incorporar\u00e1 \u00abformaci\u00f3n espec\u00edfica\u00bb a la oferta del IVASPE para polic\u00edas locales de municipios tur\u00edsticos<\/a>&nbsp;&nbsp;Europa Press<\/li>\n<li><a href=\"https:\/\/news.google.com\/rss\/articles\/CBMiuwFBVV95cUxNTTFJVlJ1cmZoUnBPYnFpV25reWhHVVpzRHJNX0hnR29qWDBNUTJ0OXpJTzRPdnRrOXdiSlhXdGJjWUpUSTdHYVlWVzRNeGZkRXNvaEkxc1g0Z3NoVjVYbTlrS2s0UDQ2dGs4LWtCanR6aGVnUmFYd295VWNSWnBaOVdmS0hqRkdzNVBEQWQ5UHc3UzdSOHU5WFE4bFEzQXBXaExlX1hHV0xna183SGV0Y1o5cFZFdHJKa25v?oc=5\" target=\"_blank\" rel=\"nofollow noopener\">M\u00e1s de 350 expertos participan en l&#8217;Alf\u00e0s del Pi en el I Foro Polic\u00eda Local y Turismo<\/a>&nbsp;&nbsp;Todo Alicante<\/li>\n<\/ol>\n","protected":false},"excerpt":{"rendered":"Toni P\u00e9rez afirma que \u201ccolaboraci\u00f3n, formaci\u00f3n, innovaci\u00f3n y recursos\u201d son \u201cesenciales\u201d para afianzar la seguridad de los destinos&nbsp;&nbsp;Ciudadano&hellip;\n","protected":false},"author":2,"featured_media":338026,"comment_status":"","ping_status":"","sticky":false,"template":"","format":"standard","meta":{"footnotes":""},"categories":[5],"tags":[17,18,25,24,13,14,11,19,20,9,10,15,16,23,12,21,22],"class_list":{"0":"post-344689","1":"post","2":"type-post","3":"status-publish","4":"format-standard","5":"has-post-thumbnail","7":"category-titulares","8":"tag-breaking-news","9":"tag-breakingnews","10":"tag-es","11":"tag-espana","12":"tag-featured-news","13":"tag-featurednews","14":"tag-headlines","15":"tag-latest-news","16":"tag-latestnews","17":"tag-news","18":"tag-noticias","19":"tag-noticias-destacadas","20":"tag-noticiasdestacadas","21":"tag-spain","22":"tag-titulares","23":"tag-ultimas-noticias","24":"tag-ultimasnoticias"},"share_on_mastodon":{"url":"https:\/\/pubeurope.com\/@es\/115906904195129844","error":""},"_links":{"self":[{"href":"https:\/\/www.europesays.com\/es\/wp-json\/wp\/v2\/posts\/344689","targetHints":{"allow":["GET"]}}],"collection":[{"href":"https:\/\/www.europesays.com\/es\/wp-json\/wp\/v2\/posts"}],"about":[{"href":"https:\/\/www.europesays.com\/es\/wp-json\/wp\/v2\/types\/post"}],"author":[{"embeddable":true,"href":"https:\/\/www.europesays.com\/es\/wp-json\/wp\/v2\/users\/2"}],"replies":[{"embeddable":true,"href":"https:\/\/www.europesays.com\/es\/wp-json\/wp\/v2\/comments?post=344689"}],"version-history":[{"count":0,"href":"https:\/\/www.europesays.com\/es\/wp-json\/wp\/v2\/posts\/344689\/revisions"}],"wp:featuredmedia":[{"embeddable":true,"href":"https:\/\/www.europesays.com\/es\/wp-json\/wp\/v2\/media\/338026"}],"wp:attachment":[{"href":"https:\/\/www.europesays.com\/es\/wp-json\/wp\/v2\/media?parent=344689"}],"wp:term":[{"taxonomy":"category","embeddable":true,"href":"https:\/\/www.europesays.com\/es\/wp-json\/wp\/v2\/categories?post=344689"},{"taxonomy":"post_tag","embeddable":true,"href":"https:\/\/www.europesays.com\/es\/wp-json\/wp\/v2\/tags?post=344689"}],"curies":[{"name":"wp","href":"https:\/\/api.w.org\/{rel}","templated":true}]}}