{"id":344713,"date":"2026-01-16T21:51:09","date_gmt":"2026-01-16T21:51:09","guid":{"rendered":"https:\/\/www.europesays.com\/es\/344713\/"},"modified":"2026-01-16T21:51:09","modified_gmt":"2026-01-16T21:51:09","slug":"detenido-el-monje-vidente-de-first-dates-uno-de-los-fugitivos-mas-buscados-por-la-policia-espanola","status":"publish","type":"post","link":"https:\/\/www.europesays.com\/es\/344713\/","title":{"rendered":"Detenido el &#8216;Monje vidente&#8217; de &#8216;First Dates&#8217;, uno de los fugitivos m\u00e1s buscados por la Polic\u00eda espa\u00f1ola"},"content":{"rendered":"<p class=\"article-text\">\n        La Polic\u00eda nicaraguense ha detenido al espa\u00f1ol <strong>Juan Herrera Guerrero<\/strong>, uno de los <strong>10 fugitivos m\u00e1s buscados<\/strong> por las fuerzas de seguridad espa\u00f1olas. La fotograf\u00eda de Herrera estaba en todas las comisar\u00edas del pa\u00eds desde hace pocos meses, pero \u00e9l se hizo &#8216;famoso&#8217; mucho antes, en abril de 2022, cuando acudi\u00f3 al programa <strong>First Dates<\/strong> (Cuatro) present\u00e1ndose a s\u00ed mismo como el <strong>Monje Vidente<\/strong>.\n    <\/p>\n<p>    <a href=\"https:\/\/www.eldiario.es\/vertele\/noticias\/jorge-javier-celebro-agitacion-casa-gh-duo-echaba-peleas-callejon_1_12912714.html\" data-mrf-recirculation=\"saber-mas\" data-dl-event=\"saber-mas\" rel=\"nofollow noopener\" target=\"_blank\"><\/p>\n<p class=\"know-more__title\">Jorge Javier celebr\u00f3 la agitaci\u00f3n de la casa de &#8216;GH D\u00fao&#8217;: \u00ab\u00a1C\u00f3mo echaba de menos estas peleas de callej\u00f3n!\u00bb<\/p>\n<p>            <img decoding=\"async\" class=\"lazy\" loading=\"lazy\" data-src=\"https:\/\/static.eldiario.es\/clip\/46e7880b-d9f4-4b3f-8603-edcf3469d30f_16-9-aspect-ratio_default_0.jpg\" src=\"data:image\/svg+xml,%3Csvg xmlns=\" http:=\"\" viewbox=\"0 0 880 495\" alt=\"Jorge Javier celebr\u00f3 la agitaci\u00f3n de la casa de 'GH D\u00fao': &quot;\u00a1C\u00f3mo echaba de menos estas peleas de callej\u00f3n!&quot;\"\/><\/p>\n<p>                        <\/a><\/p>\n<p class=\"article-text\">\n        Natural de la localidad cordobesa de Puente Genil, Herrera est\u00e1 acusado de haber cometido presuntos delitos de extorsi\u00f3n y corrupci\u00f3n de menores, informa <a href=\"https:\/\/cordopolis.eldiario.es\/cordoba-hoy\/sucesos\/detenido-vecino-puente-genil-fugitivos-buscados-policia_1_12913162.html\" target=\"_blank\" data-mrf-recirculation=\"links-noticia\" class=\"link\" rel=\"nofollow noopener\">Cord\u00f3polis<\/a>. Se enfrenta a una pena de prisi\u00f3n de 10 a\u00f1os.\n    <\/p>\n<p class=\"article-text\">\n        Seg\u00fan el <a href=\"https:\/\/www.interior.gob.es\/opencms\/es\/detalle\/articulo\/Detenido-en-Nicaragua-uno-de-los-fugitivos-incluidos-en-la-lista-Los-diez-mas-buscados-por-la-Policia-Nacional\/\" target=\"_blank\" data-mrf-recirculation=\"links-noticia\" class=\"link\" rel=\"nofollow noopener\">Ministerio de Interior<\/a>, acumula desde 2003 \u201cun amplio historial de antecedentes por diversos delitos\u201d. En 2010, presuntamente, simul\u00f3 ser agente de la autoridad y, junto a otro hombre, retuvieron en la v\u00eda p\u00fablica a tres menores de edad a las que realizaron tocamientos de \u00edndole sexual con el pretexto de realizar supuestos cacheos de seguridad. Tambi\u00e9n se le atribuye el <strong>presunto liderazgo de una red de &#8216;sextorsion&#8217; relacionada con hechos de \u00edndole sexual con menores.<\/strong>\n    <\/p>\n<p class=\"article-text\">\n        Ante el riesgo de fuga, se emiti\u00f3 una <strong>orden internacional de detenci\u00f3n<\/strong>, pero Juan Herrera Guerro ya hab\u00eda salido de Espa\u00f1a y \u201chab\u00eda dise\u00f1ado un itinerario por distintos pa\u00edses con el objetivo de dificultar la trazabilidad de su huida\u201d.\n    <\/p>\n<p class=\"article-text\">\n        La orden internacional de detenci\u00f3n facilit\u00f3 la cooperaci\u00f3n entre los cuerpos policiales de varios pa\u00edses, desde el FBI estadounidense hasta la Polic\u00eda de Nicaragua. Gracias a un control fronterizo se logr\u00f3 determinar que el fugitivo estaba en Nicaragua. La operaci\u00f3n concluy\u00f3 con su detenci\u00f3n y traslado al Centro de Internamiento de Extranjeros de Managua, <strong>donde se encuentra detenido<\/strong>.\n    <\/p>\n<p>    <a href=\"https:\/\/www.eldiario.es\/vertele\/noticias\/no-nadie-anuncia-final-ten-pone-fecha-ultima-emision-crear-formatos-inercias-pasadas_1_12913167.html\" data-mrf-recirculation=\"saber-mas-abajo\" data-dl-event=\"saber-mas-abajo\" rel=\"nofollow noopener\" target=\"_blank\"><\/p>\n<p class=\"know-more__title\">&#8216;No somos nadie&#8217; anuncia su final en Ten y pone fecha a su \u00faltima emisi\u00f3n para crear formatos \u201csin inercias pasadas\u201d<\/p>\n<p>            <img decoding=\"async\" class=\"lazy\" loading=\"lazy\" data-src=\"https:\/\/static.eldiario.es\/clip\/cc78c275-0ba0-4364-bbab-90537c7ea494_16-9-aspect-ratio_default_0.jpg\" src=\"data:image\/svg+xml,%3Csvg xmlns=\" http:=\"\" viewbox=\"0 0 880 495\" alt=\"'No somos nadie' anuncia su final en Ten y pone fecha a su \u00faltima emisi\u00f3n para crear formatos &quot;sin inercias pasadas&quot;\"\/><\/p>\n<p>                        <\/a><\/p>\n<p class=\"article-text\">\n        Hace casi cuatro a\u00f1os que particip\u00f3 en First Dates, donde exhibi\u00f3 su carta de presentaci\u00f3n ante cientos de miles de espectadores: \u201cYo soy vidente, m\u00e9dium, hipn\u00f3logo, hago hipnosis, y soy brujo. Algunos me piden que invoque esp\u00edritus famosos, como Lola Flores o Franco, y yo lo invoco\u201d, dijo ante la mirada ant\u00f3nita de <strong>Carlos Sobera<\/strong>. Es as\u00ed como supuestamente pretend\u00eda encontrar a su \u201cmedia naranja\u201d, a una mujer \u201cinteligente, culta y que crea en la magia negra\u201d.\n    <\/p>\n","protected":false},"excerpt":{"rendered":"La Polic\u00eda nicaraguense ha detenido al espa\u00f1ol Juan Herrera Guerrero, uno de los 10 fugitivos m\u00e1s buscados por&hellip;\n","protected":false},"author":2,"featured_media":344714,"comment_status":"","ping_status":"","sticky":false,"template":"","format":"standard","meta":{"footnotes":""},"categories":[5],"tags":[17,18,78229,2721,8838,25,24,2501,13,14,2720,31687,11,78228,19,20,1179,78227,9,10,15,16,586,23,12,21,22,71483],"class_list":{"0":"post-344713","1":"post","2":"type-post","3":"status-publish","4":"format-standard","5":"has-post-thumbnail","7":"category-titulares","8":"tag-breaking-news","9":"tag-breakingnews","10":"tag-buscados","11":"tag-dates","12":"tag-detenido","13":"tag-es","14":"tag-espana","15":"tag-espanola","16":"tag-featured-news","17":"tag-featurednews","18":"tag-first","19":"tag-fugitivos","20":"tag-headlines","21":"tag-juan-herrera-guerrero","22":"tag-latest-news","23":"tag-latestnews","24":"tag-mas","25":"tag-monje","26":"tag-news","27":"tag-noticias","28":"tag-noticias-destacadas","29":"tag-noticiasdestacadas","30":"tag-policia","31":"tag-spain","32":"tag-titulares","33":"tag-ultimas-noticias","34":"tag-ultimasnoticias","35":"tag-vidente"},"share_on_mastodon":{"url":"https:\/\/pubeurope.com\/@es\/115906994656294448","error":""},"_links":{"self":[{"href":"https:\/\/www.europesays.com\/es\/wp-json\/wp\/v2\/posts\/344713","targetHints":{"allow":["GET"]}}],"collection":[{"href":"https:\/\/www.europesays.com\/es\/wp-json\/wp\/v2\/posts"}],"about":[{"href":"https:\/\/www.europesays.com\/es\/wp-json\/wp\/v2\/types\/post"}],"author":[{"embeddable":true,"href":"https:\/\/www.europesays.com\/es\/wp-json\/wp\/v2\/users\/2"}],"replies":[{"embeddable":true,"href":"https:\/\/www.europesays.com\/es\/wp-json\/wp\/v2\/comments?post=344713"}],"version-history":[{"count":0,"href":"https:\/\/www.europesays.com\/es\/wp-json\/wp\/v2\/posts\/344713\/revisions"}],"wp:featuredmedia":[{"embeddable":true,"href":"https:\/\/www.europesays.com\/es\/wp-json\/wp\/v2\/media\/344714"}],"wp:attachment":[{"href":"https:\/\/www.europesays.com\/es\/wp-json\/wp\/v2\/media?parent=344713"}],"wp:term":[{"taxonomy":"category","embeddable":true,"href":"https:\/\/www.europesays.com\/es\/wp-json\/wp\/v2\/categories?post=344713"},{"taxonomy":"post_tag","embeddable":true,"href":"https:\/\/www.europesays.com\/es\/wp-json\/wp\/v2\/tags?post=344713"}],"curies":[{"name":"wp","href":"https:\/\/api.w.org\/{rel}","templated":true}]}}