{"id":344739,"date":"2026-01-16T22:14:17","date_gmt":"2026-01-16T22:14:17","guid":{"rendered":"https:\/\/www.europesays.com\/es\/344739\/"},"modified":"2026-01-16T22:14:17","modified_gmt":"2026-01-16T22:14:17","slug":"menos-regulacion-y-subvenciones-mas-seguridad-industria-y-autonomia","status":"publish","type":"post","link":"https:\/\/www.europesays.com\/es\/344739\/","title":{"rendered":"menos regulaci\u00f3n y subvenciones; m\u00e1s seguridad, industria y autonom\u00eda"},"content":{"rendered":"<p>Puso el Partido Popular Europeo la ciudad de Valladolid en su punto de mira para organizar unas jornadas sobre automoci\u00f3n en las que hoy particip\u00f3 el l\u00edder de la formaci\u00f3n en Espa\u00f1a: <b>Alberto N\u00fa\u00f1ez Feij\u00f3o. <\/b>Antes, eso s\u00ed, particip\u00f3 en Motauros, la concentraci\u00f3n de motoristas internacionales que se celebra por estas fechas en Tordesillas. Y hasta se fotografi\u00f3 en un buen b\u00f3lido con una chupa negra.<\/p>\n<p>Despu\u00e9s, encorbatado y trajeado, ya con un atuendo mucho menos desenfadado, se dirigi\u00f3 a sus colegas comunitarios con un discurso en el que esboz\u00f3 la Europa que anhela, <b>con menos regulaci\u00f3n, trabas, burocracia, subvenciones<\/b>; y m\u00e1s seguridad, industria y autonom\u00eda. Tambi\u00e9n hizo alusi\u00f3n a Mercosur,<a title=\" el gran acuerdo comercial con Hispanoam\u00e9rica\" href=\"https:\/\/www.larazon.es\/economia\/acuerdo-uemercosur-enfrenta-tensiones-tambien-sector-carnico-b50m_20260116696a34abbe7ae37724c981f2.html\" target=\"_blank\" rel=\"nofollow noopener\"> el gran acuerdo comercial con Hispanoam\u00e9rica<\/a> que Vox ha convertido en su nueva bestia negra a batir. Por los posibles efectos adversos que podr\u00eda tener (o no) en el campo espa\u00f1ol.<\/p>\n<p>A modo de pre\u00e1mbulo, Feij\u00f3o hizo alusi\u00f3n a los valores europeos: \u00abLibertad, paz, democracia, respeto al Estado de derecho, tradici\u00f3n cristiana\u00bb. En un momento en el que sigue en auge el euroescepticismo, ensalz\u00f3 que la Uni\u00f3n Europea<b> \u00abha tra\u00eddo a Europa el mayor periodo de paz, prosperidad y libertad de todos los siglos\u00bb<\/b>. Gracias al impulso de \u00abuna comunidad pol\u00edtica, econ\u00f3mica y social fundada en valores\u00bb.<\/p>\n<p>Y para no solo garantizar su supervivencia, sino fortalecerla, se hizo la siguiente pregunta: \u00ab\u00bfCu\u00e1l es el mejor servicio que podemos hacer?\u00bb. Que respondi\u00f3: \u00abMantener nuestro reformismo cr\u00edtico. O lo que es lo mismo, nuestra autocr\u00edtica\u00bb. A partir de ah\u00ed, comparti\u00f3 un dec\u00e1logo de aportaciones.<\/p>\n<p>La primera: <b>\u00abAcabar con la m\u00e1xima de que s\u00f3lo regulamos\u00bb.<\/b> Prioridad del PP, \u00absimplificar para competir\u00bb. Asimilar que el liderazgo de \u00abla sostenibilidad o la regulaci\u00f3n es tanto como liquidar\u00bb el \u00abbienestar\u00bb de los europeos. En el t\u00e9rmino medio se encuentra la virtud. \u00abHay que apostar por la sostenibilidad y la electrificaci\u00f3n, desde el equilibrio\u00bb. Por eso, \u00abque se puedan seguir vendiendo coches\u00bb de combusti\u00f3n en 2035, a juicio de Feij\u00f3o, \u00abes una buena noticia\u00bb.<\/p>\n<p>En su discurso, asegur\u00f3 que la \u00abcompetividad\u00bb debe ser \u00abla gu\u00eda\u00bb de la acci\u00f3n europea. Hasta <b>\u00abcrear un sistema econ\u00f3mico que favorezca la industria<\/b>, que genere puestos de calidad\u00bb. A contrario sensu, afirm\u00f3: \u00abNo estoy de acuerdo con mantener econom\u00edas subvencionadas, tenemos potencial y hay que desarrollarlo\u00bb.<\/p>\n<p>Cuesti\u00f3n aparte: la seguridad. \u00abEs una prioridad\u00bb. Otra m\u00e1s. Y recalc\u00f3 el l\u00edder popular: <b>\u00abEuropa debe prepararse para defenderse de todas sus amenazas.<\/b> Sin falsos discursos pacifistas que s\u00f3lo sirven para intereses externos\u00bb. Sin obviar tampoco \u00abninguno de los peligros que nos rodean\u00bb. No quiso mentar, eso s\u00ed, dos palabras: Trump y Groenlandia.<\/p>\n<p>En el campo de las oportunidades de Europa, prosigui\u00f3 con la importancia de tener una \u00abautonom\u00eda estrat\u00e9gica\u00bb, tambi\u00e9n la energ\u00eda. A lo que lanz\u00f3 un dardo contra Pedro S\u00e1nchez: \u00abMantener el calendario de cierre nuclear por parte del Gobierno socialista<b> es un suicidio econ\u00f3mico para Espa\u00f1a\u00bb. <\/b><\/p>\n<p>Sobre Mercosur, la gran alianza comercial con el Mercado Com\u00fan del Sur del continente americano, celebr\u00f3 que la Uni\u00f3n Europea gana as\u00ed \u00abinfluencia\u00bb y abre \u00abnuevos horizontes\u00bb. Con <b>\u00abm\u00e1s aliados y m\u00e1s mercados\u00bb <\/b>que, a la postre, ser\u00e1n favorables. Eso s\u00ed, reclam\u00f3 \u00abresponsabilidad\u00bb. Porque puede ser \u00abuna oportunidad econ\u00f3mica y pol\u00edtica\u00bb, pero son claves las \u00abcl\u00e1usulas de protecci\u00f3n para salvaguardar al sector agrario\u00bb.<\/p>\n<p>Antes de la entrada en vigor de Mercosur, Feij\u00f3o asegur\u00f3 que faltan tres imprescindibles que su partido pelear\u00e1, en Bruselas y en Madrid: \u00abLa Comisi\u00f3n Europea tiene que asegurar que la aplicaci\u00f3n de las cl\u00e1usulas de protecci\u00f3n debe ser autom\u00e1tica. El Gobierno debe garantizar un control de frontera que garantice la inspecci\u00f3n y el respeto de aduanas. Y la Comisi\u00f3n Europea y el Gobierno<b> tienen que liberar al sector primario de tantas exigencias europeas en vigor\u00bb.<\/b><\/p>\n","protected":false},"excerpt":{"rendered":"Puso el Partido Popular Europeo la ciudad de Valladolid en su punto de mira para organizar unas jornadas&hellip;\n","protected":false},"author":2,"featured_media":344740,"comment_status":"","ping_status":"","sticky":false,"template":"","format":"standard","meta":{"footnotes":""},"categories":[5],"tags":[17,18,25,24,13,14,11,19,20,9,10,15,16,23,12,21,22],"class_list":{"0":"post-344739","1":"post","2":"type-post","3":"status-publish","4":"format-standard","5":"has-post-thumbnail","7":"category-titulares","8":"tag-breaking-news","9":"tag-breakingnews","10":"tag-es","11":"tag-espana","12":"tag-featured-news","13":"tag-featurednews","14":"tag-headlines","15":"tag-latest-news","16":"tag-latestnews","17":"tag-news","18":"tag-noticias","19":"tag-noticias-destacadas","20":"tag-noticiasdestacadas","21":"tag-spain","22":"tag-titulares","23":"tag-ultimas-noticias","24":"tag-ultimasnoticias"},"share_on_mastodon":{"url":"https:\/\/pubeurope.com\/@es\/115907085113964777","error":""},"_links":{"self":[{"href":"https:\/\/www.europesays.com\/es\/wp-json\/wp\/v2\/posts\/344739","targetHints":{"allow":["GET"]}}],"collection":[{"href":"https:\/\/www.europesays.com\/es\/wp-json\/wp\/v2\/posts"}],"about":[{"href":"https:\/\/www.europesays.com\/es\/wp-json\/wp\/v2\/types\/post"}],"author":[{"embeddable":true,"href":"https:\/\/www.europesays.com\/es\/wp-json\/wp\/v2\/users\/2"}],"replies":[{"embeddable":true,"href":"https:\/\/www.europesays.com\/es\/wp-json\/wp\/v2\/comments?post=344739"}],"version-history":[{"count":0,"href":"https:\/\/www.europesays.com\/es\/wp-json\/wp\/v2\/posts\/344739\/revisions"}],"wp:featuredmedia":[{"embeddable":true,"href":"https:\/\/www.europesays.com\/es\/wp-json\/wp\/v2\/media\/344740"}],"wp:attachment":[{"href":"https:\/\/www.europesays.com\/es\/wp-json\/wp\/v2\/media?parent=344739"}],"wp:term":[{"taxonomy":"category","embeddable":true,"href":"https:\/\/www.europesays.com\/es\/wp-json\/wp\/v2\/categories?post=344739"},{"taxonomy":"post_tag","embeddable":true,"href":"https:\/\/www.europesays.com\/es\/wp-json\/wp\/v2\/tags?post=344739"}],"curies":[{"name":"wp","href":"https:\/\/api.w.org\/{rel}","templated":true}]}}