{"id":344793,"date":"2026-01-16T22:58:11","date_gmt":"2026-01-16T22:58:11","guid":{"rendered":"https:\/\/www.europesays.com\/es\/344793\/"},"modified":"2026-01-16T22:58:11","modified_gmt":"2026-01-16T22:58:11","slug":"el-hijo-exiliado-del-ultimo-shah-reclama-ayuda-internacional-para-acabar-con-el-regimen-de-iran-internacional","status":"publish","type":"post","link":"https:\/\/www.europesays.com\/es\/344793\/","title":{"rendered":"El hijo exiliado del \u00faltimo shah reclama ayuda internacional para acabar con el r\u00e9gimen de Ir\u00e1n | Internacional"},"content":{"rendered":"<p class=\"\">Reza Pahlevi, <a href=\"https:\/\/elpais.com\/internacional\/2026-01-15\/reza-pahlevi-el-principe-destronado-aupado-por-la-desesperacion-de-los-iranies.html\" target=\"_self\" rel=\"nofollow noopener\" title=\"https:\/\/elpais.com\/internacional\/2026-01-15\/reza-pahlevi-el-principe-destronado-aupado-por-la-desesperacion-de-los-iranies.html\">el hijo del derrocado shah<\/a> de Ir\u00e1n, ha reclamado este viernes m\u00e1s apoyo internacional para derrocar al r\u00e9gimen de los ayatol\u00e1s. Pese a que las protestas sociales en el pa\u00eds de Oriente Pr\u00f3ximo parecen sofocadas tras <a href=\"https:\/\/elpais.com\/internacional\/2026-01-14\/el-horror-de-la-represion-en-iran-cortan-la-luz-matan-a-la-gente-con-ametralladoras-y-se-llevan-los-cuerpos.html\" target=\"_self\" rel=\"nofollow noopener\" title=\"https:\/\/elpais.com\/internacional\/2026-01-14\/el-horror-de-la-represion-en-iran-cortan-la-luz-matan-a-la-gente-con-ametralladoras-y-se-llevan-los-cuerpos.html\">la dura represi\u00f3n militar<\/a> por parte del Gobierno de Teher\u00e1n, Pahlevi, quien vive exiliado en Estados Unidos desde hace algo m\u00e1s de cuatro d\u00e9cadas, ha asegurado durante una conferencia de prensa celebrada en Washington: \u201cEl pueblo iran\u00ed est\u00e1 tomando medidas decisivas sobre el terreno. Es hora de que la comunidad internacional se una plenamente a ellos\u201d.<\/p>\n<p class=\"\">Pahlevi ha reclamado ataques quir\u00fargicos contra la Guardia Revolucionaria, el ej\u00e9rcito paralelo destinado a proteger <a href=\"https:\/\/elpais.com\/internacional\/2026-01-15\/iran-atrapado-entre-jamenei-y-trump.html\" target=\"_self\" rel=\"nofollow noopener\" title=\"https:\/\/elpais.com\/internacional\/2026-01-15\/iran-atrapado-entre-jamenei-y-trump.html\">al r\u00e9gimen del l\u00edder supremo de Ir\u00e1n, el ayatol\u00e1 Al\u00ed Jamene\u00ed<\/a>. Ha insistido en que no es necesaria una operaci\u00f3n militar a gran escala en Ir\u00e1n, <a href=\"https:\/\/elpais.com\/internacional\/2026-01-13\/trump-alienta-las-protestas-y-llama-a-los-manifestantes-a-tomar-las-instituciones-en-iran.html\" target=\"_self\" rel=\"nofollow noopener\" title=\"https:\/\/elpais.com\/internacional\/2026-01-13\/trump-alienta-las-protestas-y-llama-a-los-manifestantes-a-tomar-las-instituciones-en-iran.html\">como se ha especulado durante los \u00faltimos d\u00edas<\/a> que podr\u00eda hacer Estados Unidos. La ayuda para los manifestantes \u201cno requiere poner tropas extranjeras sobre el terreno. El pueblo iran\u00ed ya est\u00e1 en el terreno. Son ellos quienes marchan, se sacrifican y luchan por su libertad cada d\u00eda\u201d.<\/p>\n<p class=\"\">En ese punto, ha reclamado el apoyo de la comunidad internacional para \u201cproteger al pueblo iran\u00ed, degradando la capacidad represiva del r\u00e9gimen, incluyendo los ataques contra el liderazgo de la Guardia Revolucionaria Isl\u00e1mica y su infraestructura de comando y control\u201d.<\/p>\n<p class=\"\">Durante m\u00e1s de dos semanas, miles de ciudadanos <a href=\"https:\/\/elpais.com\/internacional\/2026-01-14\/iran-un-regimen-agotado-y-en-decadencia-dispuesto-a-resistir-hasta-el-final.html\" target=\"_blank\" rel=\"nofollow noopener\" title=\"https:\/\/elpais.com\/internacional\/2026-01-14\/iran-un-regimen-agotado-y-en-decadencia-dispuesto-a-resistir-hasta-el-final.html\">se han manifestado contra el r\u00e9gimen iran\u00ed<\/a> por la asfixiante crisis econ\u00f3mica, la subida de precios, y las acusaciones de casos de corrupci\u00f3n entre el estamento en el poder. \u201cLa Rep\u00fablica Isl\u00e1mica caer\u00e1, no es cuesti\u00f3n de si, sino de cu\u00e1ndo\u201d, ha manifestado el pr\u00edncipe de la \u00faltima dinast\u00eda de Ir\u00e1n. El Gobierno iran\u00ed orden\u00f3 a la Guardia Republicana reprimir las protestas. Miles de personas han muerto durante las manifestaciones como consecuencia de las fuerzas militares. El Ejecutivo iran\u00ed insiste en calificar las protestas sociales como simples \u201cdisturbios\u201d respaldados por los enemigos de Ir\u00e1n.<\/p>\n<p class=\"\">El \u00faltimo shah de Ir\u00e1n, Mohamed Reza Pahlevi, fue derrocado en febrero de 1979 tras las revueltas sociales por los excesos de su reinado, marcado por violaciones de derechos humanos. Ahora su hijo, Reza Pahlevi, que cuenta con el apoyo de Israel y Estados Unidos, ha subrayado: \u201cRegresar\u00e9 a Ir\u00e1n\u201d.<\/p>\n<p>Cara visible de la oposici\u00f3n<\/p>\n<p class=\"\">Convertido en la \u00fanica cara visible de una oposici\u00f3n que ha sido silenciada o encarcelada por el r\u00e9gimen iran\u00ed, Pahlevi carece de grandes apoyos dentro de Ir\u00e1n. A pesar de ello, ha manifestado durante su intervenci\u00f3n que cuenta con el respaldo de miembros del ej\u00e9rcito y de las fuerzas de seguridad iran\u00edes.<\/p>\n<p class=\"\"><a href=\"https:\/\/elpais.com\/internacional\/2026-01-14\/pagar-el-aceite-a-plazos-o-dormir-en-las-azoteas-el-colapso-economico-la-chispa-que-ha-incendiado-iran.html\" target=\"_self\" rel=\"nofollow noopener\" title=\"https:\/\/elpais.com\/internacional\/2026-01-14\/pagar-el-aceite-a-plazos-o-dormir-en-las-azoteas-el-colapso-economico-la-chispa-que-ha-incendiado-iran.html\">La crisis econ\u00f3mica<\/a> ha sido la espita que ha desencadenado un movimiento social en el pa\u00eds. Washington est\u00e1 presionando para un cambio de r\u00e9gimen. El presidente de Estados Unidos, Donald Trump, ha amenazado con intervenir en el pa\u00eds. Y ha ordenado enviar a la regi\u00f3n algunos destacamentos a\u00e9reos. Pero tras escuchar los consejos de sus principales asesores, ha decidido bajar el diapas\u00f3n: este jueves despej\u00f3 cualquier atisbo de operaci\u00f3n militar al asegurar que ha recibido garant\u00edas de Teher\u00e1n de que \u201clas matanzas han terminado\u201d.<\/p>\n<p class=\"\">\u201cEl mundo encontrar\u00e1 una naci\u00f3n que abraza a Estados Unidos como un verdadero amigo\u201d, ha pronunciado Pahlevi. \u201cEl presidente Trump negoci\u00f3 los Acuerdos de Abraham, trayendo la paz entre las naciones \u00e1rabes e Israel. Veo extender esta idea a un Ir\u00e1n libre\u201d. <\/p>\n<p class=\"\">El heredero del \u00faltimo shah, que durante a\u00f1os ha sido m\u00e1s conocido por sus apariciones en las revistas del coraz\u00f3n, que por sus aspiraciones pol\u00edticas, ha defendido un cambio de r\u00e9gimen para organizar una transici\u00f3n democr\u00e1tica y unas elecciones libres. \u201cLas posibilidades son infinitas. Habr\u00e1 una transici\u00f3n pac\u00edfica, estable y ordenada\u201d. <\/p>\n<p class=\"\">Ha asegurado que cuenta con un equipo de expertos que ha dise\u00f1ado un programa de estabilizaci\u00f3n para los primeros 100 d\u00edas para \u201cla reconstrucci\u00f3n y estabilizaci\u00f3n a largo plazo de nuestro pa\u00eds\u201d. Y ha precisado: \u201cCuenta con el respaldo de l\u00edderes empresariales y ofrece una hoja de ruta detallada para la recuperaci\u00f3n nacional, restaurando la confianza econ\u00f3mica, garantizando la continuidad de los servicios esenciales y sentando las bases para la prosperidad en un Ir\u00e1n libre\u201d. <\/p>\n<p class=\"\">Pese a presentarse como una figura de consenso dentro de la oposici\u00f3n iran\u00ed, no son pocas las cr\u00edticas que recibe desde la Rep\u00fablica Isl\u00e1mica, un pa\u00eds con una edad media de menos de 40 a\u00f1os, que no guarda recuerdos de los tiempos de reinado de su padre y apenas lo conoce. Pese a ello, defiende su protagonismo para una transici\u00f3n en la que \u00e9l desempe\u00f1ar\u00eda la figura de una monarqu\u00eda constitucional: \u201cSe seguir\u00e1 un proceso constitucional bajo observaci\u00f3n internacional, que permitir\u00e1 a los iran\u00edes determinar finalmente su propio destino mediante elecciones libres y justas. Un Ir\u00e1n libre y democr\u00e1tico que emerja vivir\u00e1 en paz con nuestros vecinos. Ser\u00e1 un motor de crecimiento y oportunidades en la regi\u00f3n y el mundo. Hay momentos en la historia en los que el imperativo moral de actuar es tan fuerte que el peso de la inacci\u00f3n se vuelve insoportable\u201d. Y agreg\u00f3: \u201cEs el pueblo iran\u00ed quien debe decidir\u201d.<\/p>\n","protected":false},"excerpt":{"rendered":"Reza Pahlevi, el hijo del derrocado shah de Ir\u00e1n, ha reclamado este viernes m\u00e1s apoyo internacional para derrocar&hellip;\n","protected":false},"author":2,"featured_media":344794,"comment_status":"","ping_status":"","sticky":false,"template":"","format":"standard","meta":{"footnotes":""},"categories":[42],"tags":[17,18,9827,13,14,11,61,62,63,64,3137,74,19,20,9,10,15,16,77,77307,36993,12,21,22,65,66,67],"class_list":{"0":"post-344793","1":"post","2":"type-post","3":"status-publish","4":"format-standard","5":"has-post-thumbnail","7":"category-internacional","8":"tag-breaking-news","9":"tag-breakingnews","10":"tag-crisis-economica","11":"tag-featured-news","12":"tag-featurednews","13":"tag-headlines","14":"tag-internacional","15":"tag-international","16":"tag-international-news","17":"tag-internationalnews","18":"tag-iran","19":"tag-israel","20":"tag-latest-news","21":"tag-latestnews","22":"tag-news","23":"tag-noticias","24":"tag-noticias-destacadas","25":"tag-noticiasdestacadas","26":"tag-oriente-proximo","27":"tag-protestas-iran","28":"tag-revueltas-sociales","29":"tag-titulares","30":"tag-ultimas-noticias","31":"tag-ultimasnoticias","32":"tag-world","33":"tag-world-news","34":"tag-worldnews"},"share_on_mastodon":{"url":"","error":"Validation failed: Text character limit of 500 exceeded"},"_links":{"self":[{"href":"https:\/\/www.europesays.com\/es\/wp-json\/wp\/v2\/posts\/344793","targetHints":{"allow":["GET"]}}],"collection":[{"href":"https:\/\/www.europesays.com\/es\/wp-json\/wp\/v2\/posts"}],"about":[{"href":"https:\/\/www.europesays.com\/es\/wp-json\/wp\/v2\/types\/post"}],"author":[{"embeddable":true,"href":"https:\/\/www.europesays.com\/es\/wp-json\/wp\/v2\/users\/2"}],"replies":[{"embeddable":true,"href":"https:\/\/www.europesays.com\/es\/wp-json\/wp\/v2\/comments?post=344793"}],"version-history":[{"count":0,"href":"https:\/\/www.europesays.com\/es\/wp-json\/wp\/v2\/posts\/344793\/revisions"}],"wp:featuredmedia":[{"embeddable":true,"href":"https:\/\/www.europesays.com\/es\/wp-json\/wp\/v2\/media\/344794"}],"wp:attachment":[{"href":"https:\/\/www.europesays.com\/es\/wp-json\/wp\/v2\/media?parent=344793"}],"wp:term":[{"taxonomy":"category","embeddable":true,"href":"https:\/\/www.europesays.com\/es\/wp-json\/wp\/v2\/categories?post=344793"},{"taxonomy":"post_tag","embeddable":true,"href":"https:\/\/www.europesays.com\/es\/wp-json\/wp\/v2\/tags?post=344793"}],"curies":[{"name":"wp","href":"https:\/\/api.w.org\/{rel}","templated":true}]}}