{"id":34481,"date":"2025-08-08T19:25:09","date_gmt":"2025-08-08T19:25:09","guid":{"rendered":"https:\/\/www.europesays.com\/es\/34481\/"},"modified":"2025-08-08T19:25:09","modified_gmt":"2025-08-08T19:25:09","slug":"2a-volta-portugal-pau-marti-lider-y-dominante","status":"publish","type":"post","link":"https:\/\/www.europesays.com\/es\/34481\/","title":{"rendered":"2\u00aa Volta Portugal: Pau Mart\u00ed l\u00edder y dominante"},"content":{"rendered":"<p><strong>2\u00aa: Viernes 8 agosto. Felgueiras (14:00) \u2013 Fafe (18:20) (167,9 km)<\/strong><\/p>\n<p><a href=\"https:\/\/www.europesays.com\/es\/wp-content\/uploads\/2025\/08\/Pau-Marti-domina-y-lidera-la-Volta-a-Portugal-c-Podium-Events-Sergio-Henriques.jpg\" target=\"_blank\" rel=\"noopener\"><img fetchpriority=\"high\" decoding=\"async\" aria-describedby=\"caption-attachment-443651\" class=\"wp-image-443651 size-full lazy\" src=\"data:image\/svg+xml,%3Csvg%20xmlns=\" http:=\"\" data-src=\"https:\/\/www.europesays.com\/es\/wp-content\/uploads\/2025\/08\/Pau-Marti-domina-y-lidera-la-Volta-a-Portugal-c-Podium-Events-Sergio-Henriques.jpg\" alt=\"\" width=\"2048\" height=\"1366\" data- data-\/><\/a><\/p>\n<p id=\"caption-attachment-443651\" class=\"wp-caption-text\">Pau Mart\u00ed domina y lidera la Volta a Portugal (c) Podium Events \u2013 Sergio Henriques<\/p>\n<p><strong>Redacci\u00f3n \/\u00a0<a href=\"https:\/\/www.ciclo21.com\/whatsapp-telegram-2025\/\" target=\"_blank\" rel=\"noopener nofollow\">Ciclo 21<\/a><\/strong><\/p>\n<p style=\"text-align: justify;\">La segunda etapa en l\u00ednea de la <strong>86\u00aa Volta a Portugal<\/strong>, disputada entre <strong>Felgueiras y Fafe (168 km)<\/strong>, ofrec\u00eda un atractivo a\u00f1adido: el paso por el c\u00e9lebre sector de tierra de la Casa do Penedo (1,6 km al 7,3%), habitual en el Rally de Portugal. En \u00e9l, el joven espa\u00f1ol <strong>Pau Mart\u00ed (Israe) dio un golpe de autoridad, conquistando la victoria y el liderato de la general<\/strong> con apenas 20 a\u00f1os.<\/p>\n<p style=\"text-align: justify;\">La jornada comenz\u00f3 con<strong> intentos de fuga protagonizados por Samuel Boardman, Matthew King y Andr\u00e9 Ribeiro<\/strong>, pero una ca\u00edda dej\u00f3 fuera al portugu\u00e9s y la ofensiva fue neutralizada por Aviludo \u2013 Louletano, equipo del l\u00edder Nicol\u00e1s Tivani, que control\u00f3 la carrera en las primeras horas. T<strong>ras 64 km, se form\u00f3 la escapada buena con Andrii Ponomar, Boardman, Juan Roca y Conn McDunphy<\/strong>, aunque las diferencias nunca fueron excesivas.<\/p>\n<p style=\"text-align: justify;\">El guion cambi\u00f3 en la aproximaci\u00f3n a la Casa do Penedo donde <strong>Ponomar resist\u00eda en solitario con un minuto de renta, pero el fuerte ritmo de Anicolor e Illes Balears Arabay redujo la ventaja y seleccion\u00f3 el pelot\u00f3n<\/strong>. La subida parti\u00f3 el grupo, dejando a Artem Nych (Glassdrive\u2013Q8\u2013Anicolor), Mart\u00ed y Alexis Guerin en cabeza, con Tivani cediendo terreno. Pe\u00f1a se sum\u00f3 poco despu\u00e9s, y finalmente tambi\u00e9n Edgar Cadena (Petrolike) lleg\u00f3 a enlazar. La Anicolor intent\u00f3 aprovechar su superioridad num\u00e9rica con ataques de Nych, que Cadena neutraliz\u00f3 con esfuerzo. A falta de 6 km, en la subida de Gol\u00e3es, el quinteto apenas manten\u00eda 15 segundos sobre un pelot\u00f3n muy reducido. Pese a los intentos de Caja Rural por romper desde atr\u00e1s, la fuga lleg\u00f3 viva a las calles empedradas de Fafe.<\/p>\n<p style=\"text-align: justify;\">En el \u00faltimo medio kil\u00f3metro, <strong>Nych lanz\u00f3 el primer ataque, pero Mart\u00ed, s\u00f3lido y con gran explosividad, le super\u00f3 con autoridad para levantar los brazos.<\/strong> Segundo triunfo del a\u00f1o para el espa\u00f1ol, tras la Carrera de la Paz sub-23, y salto al liderato de la general. Nych fue segundo, Jes\u00fas David Pe\u00f1a tercero, y Tiago Antunes, octavo, mejor portugu\u00e9s del d\u00eda.<\/p>\n<p><strong>PR\u00d3XIMA ETAPA<\/strong><\/p>\n<p><strong>3\u00aa: S\u00e1bado 9 agosto. Boticas (13:30) \u2013 Bragan\u00e7a (18:20) (185,2 km)<\/strong><\/p>\n<p><a href=\"https:\/\/www.europesays.com\/es\/wp-content\/uploads\/2025\/08\/Portugal-3.webp.webp\" target=\"_blank\" rel=\"noopener\"><img loading=\"lazy\" decoding=\"async\" aria-describedby=\"caption-attachment-441691\" class=\"wp-image-441691 size-full lazy\" src=\"data:image\/svg+xml,%3Csvg%20xmlns=\" http:=\"\" data-src=\"https:\/\/www.europesays.com\/es\/wp-content\/uploads\/2025\/08\/Portugal-3.webp.webp\" alt=\"\" width=\"1000\" height=\"563\" data- data-\/><\/a><\/p>\n<p id=\"caption-attachment-441691\" class=\"wp-caption-text\">Perfil de la 3\u00aa etapa \u00a9 Volta Portugal<\/p>\n<p><a style=\"font-size: 16px;\" href=\"https:\/\/www.rtp.pt\/play\/direto\/rtp1\" target=\"_blank\" rel=\"noopener nofollow\"><strong>DIRECTO TV (RTP 1)<\/strong><\/a><\/p>\n<p><a href=\"https:\/\/www.ciclo21.com\/volta-portugal-2025-dorsales-oficiales\/\" target=\"_blank\" rel=\"noopener nofollow\"><strong>TODAS LAS ETAPAS<\/strong><\/a><\/p>\n<p><a href=\"https:\/\/www.ciclo21.com\/10a-volta-portugal-2024-nych\/\" target=\"_blank\" rel=\"noopener nofollow\"><strong>Edici\u00f3n 2024: Artem Nych<\/strong><\/a><\/p>\n<p><strong>DECLARACIONES<\/strong><\/p>\n<p style=\"text-align: justify;\"><strong>Pau Mart\u00ed (Israel)<\/strong>: \u00abConseguir mi primera victoria para el equipo es incre\u00edble.<strong> Sab\u00eda que ten\u00eda buenas piernas y el equipo ha estado fant\u00e1stico durante todo el d\u00eda<\/strong>. Tengo que dar las gracias a los chicos por c\u00f3mo han corrido hoy. En el final me sent\u00ed fuerte y consegu\u00ed lanzar mi sprint exactamente como quer\u00eda. \u00a1Qu\u00e9 d\u00eda! Todav\u00eda nos queda una larga carrera por delante, as\u00ed que por ahora solo quiero disfrutar del momento y luego ya veremos cu\u00e1nto tiempo podemos mantener el maillot. El equipo es muy fuerte y estamos motivados para seguir as\u00ed\u00bb.<\/p>\n<p><a href=\"https:\/\/www.europesays.com\/es\/wp-content\/uploads\/2025\/08\/Pau-Marti-domina-y-lidera-la-Volta-a-Portugal-c-Podium-Events-Matias-Novo.jpg\" target=\"_blank\" rel=\"noopener\"><img loading=\"lazy\" decoding=\"async\" aria-describedby=\"caption-attachment-443660\" class=\"wp-image-443660 size-full lazy\" src=\"data:image\/svg+xml,%3Csvg%20xmlns=\" http:=\"\" data-src=\"https:\/\/www.europesays.com\/es\/wp-content\/uploads\/2025\/08\/Pau-Marti-domina-y-lidera-la-Volta-a-Portugal-c-Podium-Events-Matias-Novo.jpg\" alt=\"\" width=\"2048\" height=\"1365\" data- data-\/><\/a><\/p>\n<p id=\"caption-attachment-443660\" class=\"wp-caption-text\">Pau Mart\u00ed domina y lidera la Volta a Portugal (c) Podium Events \u2013 Matias Novo<\/p>\n<p><a href=\"https:\/\/www.ciclo21.com\/1a-volta-portugal-2025-reis\/\" target=\"_blank\" rel=\"noopener nofollow\"><strong>1\u00aa: Reis (Reis)<\/strong><\/a>\u00a0\/ <strong><a href=\"https:\/\/www.ciclo21.com\/1a-volta-portugal-2025-tivani\/\" target=\"_blank\" rel=\"noopener nofollow\">2\u00aa: Tivani<\/a>\u00a0<\/strong><\/p>\n<p><strong>CLASIFICACI\u00d3N 2\u00aa ETAPA<\/strong><\/p>\n<tr class=\"rider nates team39271 odd\" role=\"row\">\n<td>1<\/td>\n<td>\u00a0<\/td>\n<td>\u00a0<\/td>\n<td>Marti\u00a0Pau<\/td>\n<td>Israel Premier Tech Academy<\/td>\n<td class=\"grey\" align=\"center\">\u00a0<\/td>\n<td align=\"right\">04:00:33<\/td>\n<\/tr>\n<tr class=\"rider natru team40312 even\" role=\"row\">\n<td>2<\/td>\n<td>\u00a0<\/td>\n<td>\u00a0<\/td>\n<td>Nych\u00a0Artem<\/td>\n<td>Anicolor \u2013 Tien21 Cycling Team<\/td>\n<td class=\"grey\" align=\"center\">\u00a0<\/td>\n<td align=\"right\">+ 00<\/td>\n<\/tr>\n<tr class=\"rider natco team47300 odd\" role=\"row\">\n<td>3<\/td>\n<td>\u00a0<\/td>\n<td>\u00a0<\/td>\n<td>Pe\u00f1a\u00a0Jesus David<\/td>\n<td>AP Hotels &amp; Resorts \u2013 Tavira \u2013 SC Farense<\/td>\n<td class=\"grey\" align=\"center\">\u00a0<\/td>\n<td align=\"right\">+ 00<\/td>\n<\/tr>\n<tr class=\"rider natmx team47187 even\" role=\"row\">\n<td>4<\/td>\n<td>\u00a0<\/td>\n<td>\u00a0<\/td>\n<td>Cadena\u00a0Edgar<\/td>\n<td>Petrolike<\/td>\n<td class=\"grey\" align=\"center\">\u00a0<\/td>\n<td align=\"right\">+ 02<\/td>\n<\/tr>\n<tr class=\"rider natfr team40312 odd\" role=\"row\">\n<td>5<\/td>\n<td>\u00a0<\/td>\n<td>\u00a0<\/td>\n<td>Gu\u00e9rin\u00a0Alexis<\/td>\n<td>Anicolor \u2013 Tien21 Cycling Team<\/td>\n<td class=\"grey\" align=\"center\">\u00a0<\/td>\n<td align=\"right\">+ 02<\/td>\n<\/tr>\n<tr class=\"rider natde team39271 even\" role=\"row\">\n<td>6<\/td>\n<td>\u00a0<\/td>\n<td>\u00a0<\/td>\n<td>Kretschy\u00a0Moritz<\/td>\n<td>Israel Premier Tech Academy<\/td>\n<td class=\"grey\" align=\"center\">\u00a0<\/td>\n<td align=\"right\">+ 11<\/td>\n<\/tr>\n<tr class=\"rider natve team39101 odd\" role=\"row\">\n<td>7<\/td>\n<td>\u00a0<\/td>\n<td>\u00a0<\/td>\n<td>Pe\u00f1uela\u00a0Francisco<\/td>\n<td>Caja Rural-Seguros RGA<\/td>\n<td class=\"grey\" align=\"center\">\u00a0<\/td>\n<td align=\"right\">+ 11<\/td>\n<\/tr>\n<tr class=\"rider natpt team39526 even\" role=\"row\">\n<td>8<\/td>\n<td>\u00a0<\/td>\n<td>\u00a0<\/td>\n<td>Antunes\u00a0Tiago<\/td>\n<td>Efapel Cycling<\/td>\n<td class=\"grey\" align=\"center\">\u00a0<\/td>\n<td align=\"right\">+ 11<\/td>\n<\/tr>\n<tr class=\"rider natpt team40312 odd vin\" role=\"row\">\n<td>9<\/td>\n<td>\u00a0<\/td>\n<td>\u00a0<\/td>\n<td>Silva\u00a0Pedro<\/td>\n<td>Anicolor \u2013 Tien21 Cycling Team<\/td>\n<td class=\"grey\" align=\"center\">\u00a0<\/td>\n<td align=\"right\">+ 11<\/td>\n<\/tr>\n<p><strong>DORSALES OFICIALES<\/strong><\/p>\n","protected":false},"excerpt":{"rendered":"2\u00aa: Viernes 8 agosto. Felgueiras (14:00) \u2013 Fafe (18:20) (167,9 km) Pau Mart\u00ed domina y lidera la Volta&hellip;\n","protected":false},"author":2,"featured_media":34482,"comment_status":"","ping_status":"","sticky":false,"template":"","format":"standard","meta":{"footnotes":""},"categories":[273],"tags":[313,312,168,25,24,17586,17587,17588,17589,23,167,17590],"class_list":{"0":"post-34481","1":"post","2":"type-post","3":"status-publish","4":"format-standard","5":"has-post-thumbnail","7":"category-ciclismo","8":"tag-ciclismo","9":"tag-cycling","10":"tag-deportes","11":"tag-es","12":"tag-espana","13":"tag-marti-israel","14":"tag-pau-marti","15":"tag-pau-marti-israel-academy","16":"tag-pau-marti-lider-portugal","17":"tag-spain","18":"tag-sports","19":"tag-volta-portugal"},"share_on_mastodon":{"url":"","error":""},"_links":{"self":[{"href":"https:\/\/www.europesays.com\/es\/wp-json\/wp\/v2\/posts\/34481","targetHints":{"allow":["GET"]}}],"collection":[{"href":"https:\/\/www.europesays.com\/es\/wp-json\/wp\/v2\/posts"}],"about":[{"href":"https:\/\/www.europesays.com\/es\/wp-json\/wp\/v2\/types\/post"}],"author":[{"embeddable":true,"href":"https:\/\/www.europesays.com\/es\/wp-json\/wp\/v2\/users\/2"}],"replies":[{"embeddable":true,"href":"https:\/\/www.europesays.com\/es\/wp-json\/wp\/v2\/comments?post=34481"}],"version-history":[{"count":0,"href":"https:\/\/www.europesays.com\/es\/wp-json\/wp\/v2\/posts\/34481\/revisions"}],"wp:featuredmedia":[{"embeddable":true,"href":"https:\/\/www.europesays.com\/es\/wp-json\/wp\/v2\/media\/34482"}],"wp:attachment":[{"href":"https:\/\/www.europesays.com\/es\/wp-json\/wp\/v2\/media?parent=34481"}],"wp:term":[{"taxonomy":"category","embeddable":true,"href":"https:\/\/www.europesays.com\/es\/wp-json\/wp\/v2\/categories?post=34481"},{"taxonomy":"post_tag","embeddable":true,"href":"https:\/\/www.europesays.com\/es\/wp-json\/wp\/v2\/tags?post=34481"}],"curies":[{"name":"wp","href":"https:\/\/api.w.org\/{rel}","templated":true}]}}