{"id":344882,"date":"2026-01-17T00:07:09","date_gmt":"2026-01-17T00:07:09","guid":{"rendered":"https:\/\/www.europesays.com\/es\/344882\/"},"modified":"2026-01-17T00:07:09","modified_gmt":"2026-01-17T00:07:09","slug":"machado-descarta-alguna-tension-o-decision-con-delcy-rodriguez-y-confia-en-una-transicion-con-la-ayuda-de-trump-tras-entregarle-su-nobel","status":"publish","type":"post","link":"https:\/\/www.europesays.com\/es\/344882\/","title":{"rendered":"Machado descarta alguna \u00abtensi\u00f3n o decisi\u00f3n\u00bb con Delcy Rodr\u00edguez y conf\u00eda en una transici\u00f3n \u00abcon la ayuda\u00bb de Trump tras entregarle su Nobel"},"content":{"rendered":"<p class=\"L6-news-detail__text\"><b>Mar\u00eda Corina Machado<\/b> conf\u00eda en que <b><a title=\"Donald Trump apoyar\u00e1 la transici\u00f3n en Venezuela\" href=\"https:\/\/www.lasexta.com\/noticias\/internacional\/machado-confia-trump-libertad-venezuela-reunion-que-entregado-nobel-paz-pese-respaldo-eeuu-delcy_202601156969680c384d9f038d8c0df4.html\" target=\"_blank\" rel=\"nofollow noopener\">Donald Trump apoyar\u00e1 la transici\u00f3n en Venezuela<\/a><\/b>. As\u00ed lo ha reiterado este viernes en una rueda de prensa, un d\u00eda despu\u00e9s de su reuni\u00f3n en la Casa Blanca, en la que <b><a title=\"entreg\u00f3 su Premio Nobel de la Paz\" href=\"https:\/\/www.lasexta.com\/programas\/al-rojo-vivo\/explicacion-maria-corina-machado-entrega-premio-nobel-paz-trump-merece_20260116696a1d9cbe7ae37724c94d50.html\" target=\"_blank\" rel=\"nofollow noopener\">entreg\u00f3 su Premio Nobel de la Paz<\/a><\/b> al presidente estadounidense.<\/p>\n<p class=\"L6-news-detail__text\">\u00abComo venezolanos, estamos sumamente agradecidos a Trump y su Administraci\u00f3n, porque necesitaba mucha valent\u00eda para hacer lo que hizo. <b>Lo hizo porque a \u00e9l s\u00ed le importa el pueblo venezolano. Me lo dijo ayer.<\/b> Es el mensaje m\u00e1s importante. El presidente de EEUU realmente quiere ver el bienestar y el futuro positivo para Venezuela\u00bb, ha declarado.<\/p>\n<p class=\"L6-news-detail__text\">En esta l\u00ednea, ha elogiado la actitud de Trump, asegurando que le impact\u00f3 \u00abla preocupaci\u00f3n que \u00e9l me transmit\u00eda sobre la situaci\u00f3n de los venezolanos\u00bb. \u00abYo ayer <b>pude tener una conversaci\u00f3n con un ser humano<\/b> al que le preocupa y le duele lo que ocurre\u00bb, ha sostenido, en referencia a una imagen nada habitual del presidente estadounidense.<\/p>\n<p class=\"L6-news-detail__text\">La l\u00edder opositora <b><a title=\"cedi\u00f3 su premio a Trump de manera simb\u00f3lica\" href=\"https:\/\/www.lasexta.com\/noticias\/internacional\/instituto-nobel-recuerda-maria-corina-machado-que-puede-entregarle-premio-trump-puede-revocarse-compartirse-transferirse_20260116696a03d1be7ae37724c91718.html\" target=\"_blank\" rel=\"nofollow noopener\">cedi\u00f3 su premio a Trump de manera simb\u00f3lica<\/a><\/b>, a pesar de que EEUU respalda a la chavista <b><a title=\"Delcy Rodr\u00edguez\" href=\"https:\/\/www.lasexta.com\/noticias\/internacional\/delcy-rodriguez-reunio-director-cia-caracas-segun-medios-eeuu_20260116696a56ca5b0f02269968a5ce.html\" target=\"_blank\" rel=\"nofollow noopener\">Delcy Rodr\u00edguez<\/a><\/b> como presidenta encargada de Venezuela. En este sentido, Machado ha asegurado que <b>\u00abesto no tiene nada que ver con alguna tensi\u00f3n o decisi\u00f3n entre Delcy Rodr\u00edguez y yo<\/b>. Se trata del c\u00e1rtel y el mandato del pueblo venezolano\u00bb. \u00abEs lo que est\u00e1 en juego ahora\u00bb, ha subrayado.<\/p>\n<p class=\"L6-news-detail__text\">Adem\u00e1s, ha acusado a la presidenta encargada de \u00abser la<b> mayor aliada y representante de los reg\u00edmenes ruso e iran\u00ed\u00bb<\/b>. Machado ha asumido la narrativa de Trump, afirmando que gracias al ataque del tres de enero \u00abEEUU es un pa\u00eds m\u00e1s seguro\u00bb, y ha mostrado su confianza en lograr una transici\u00f3n.<\/p>\n<p class=\"L6-news-detail__text\">\u00abLo \u00fanico que puedo decir es que Venezuela ser\u00e1 libre. Que nadie lo dude. Lo vamos a lograr con el apoyo de EEUU y del presidente Donald Trump\u00bb, ha insistido.<\/p>\n<p class=\"L6-news-detail__text\">Asimismo, seg\u00fan ha dicho, no pidi\u00f3 a Trump la detenci\u00f3n del ministro<b> Diosdado Cabello <\/b>o que la ponga a ella como presienta. \u00ab\u00c9l sabe lo que tiene que hacer. Compartimos nuestras posturas sobre las implicaciones en varias acciones y solamente quiero avisarles que me impresion\u00f3 mucho el grado de informaci\u00f3n que ya tiene sobre Venezuela\u00bb, ha comentado.<\/p>\n<p>Camino hacia unas elecciones<\/p>\n<p class=\"L6-news-detail__text\">La Casa Blanca garantiz\u00f3 el jueves que el republicano est\u00e1 \u00abcomprometido\u00bb con la celebraci\u00f3n de unas elecciones en Venezuela, pero no dio plazos. De la misma manera, Machado se ha mostrado convencida de que<b> \u00abtendremos las elecciones libres y justas\u00bb<\/b>, pero ha rechazado hacer p\u00fablicos m\u00e1s detalles sobre la conversaci\u00f3n con Trump.<\/p>\n<p class=\"L6-news-detail__text\">Para ello, ha expresado su deseo de<b> volver \u00ablo antes posible\u00bb a Venezuela<\/b>. \u00abCreo que hay mucha gente en el mundo prepar\u00e1ndose para ir a Venezuela porque sabemos que esto es un proceso irreversible\u00bb, ha a\u00f1adido.<\/p>\n<p class=\"L6-news-detail__text\">Sobre el proceso de transici\u00f3n, la opositora ha apuntado que antes de llegar a un proceso electoral, deben atravesar \u00abuna fase compleja\u00bb que pasa por <b>\u00abdesmantelar la estructura criminal del r\u00e9gimen\u00bb<\/b> porque Venezuela \u00abest\u00e1 en el \u00faltimo lugar del mundo a nivel de estado de derecho\u00bb.<\/p>\n<p class=\"L6-news-detail__text\">\u00abSi la Constituci\u00f3n se respetara no tendr\u00edamos un presidente en el exilio, no habr\u00eda presos pol\u00edticos ni exiliados. A fin de cuentas se trata de la fuerza. El r\u00e9gimen se dio cuenta de que enfrentan la fuerza del pueblo, pero tambi\u00e9n la fuerza de los aliados democr\u00e1ticos preocupados por la estructura de r\u00e9gimen criminal de Venezuela\u00bb, ha aseverado.<\/p>\n<p class=\"L6-news-detail__text\">Por esa raz\u00f3n, antes de plantear unas elecciones <b>\u00abel r\u00e9gimen est\u00e1 obligado a desmantelarse a s\u00ed mismo<\/b> y algunas estructuras que lo han mantenido, como la represi\u00f3n\u00bb. En este sentido, Machado ha aprovechado para denunciar la represi\u00f3n que todav\u00eda sufren los <b><a title=\"presos pol\u00edticos excarcelados\" href=\"https:\/\/www.lasexta.com\/noticias\/internacional\/venezuela-libera-espanol-alejandro-gonzalez-canales_202601126964ce5bbe7ae37724c01324.html\" target=\"_blank\" rel=\"nofollow noopener\">presos pol\u00edticos excarcelados<\/a><\/b> que \u00abtodav\u00eda viven en terror\u00bb y que han salido de prisi\u00f3n bajo medidas cautelares.<\/p>\n<p class=\"L6-news-detail__text\"><b><a title=\"*Sigue a laSexta en Google. Toda la actualidad y el mejor contenido aqu\u00ed.\" href=\"https:\/\/profile.google.com\/cp\/CgkvbS8wZG5xejA\" target=\"_blank\" rel=\"nofollow noopener\">*Sigue a laSexta en Google. Toda la actualidad y el mejor contenido aqu\u00ed.<\/a><\/b><\/p>\n<p class=\"L6-support-news-video__title\">Un regalo para Trump<\/p>\n<p>            <a href=\"https:\/\/www.lasexta.com\/noticias\/internacional\/trump-tiene-nobel-pero-tambien-podria-querer-grammy-oscar-lasexta-recrea-deseos-trump_20260116696aa1995b0f022699692e24.html\" class=\"L6-news__link\" rel=\"nofollow noopener\" target=\"_blank\"><br \/>\n                Trump ya &#8216;tiene&#8217; su Nobel, pero tambi\u00e9n podr\u00eda querer un Grammy o un Oscar: laSexta recrea con IA los deseos de Trump<\/p>\n<p class=\"recirculation-video-desc\">El contexto El presidente de Estados Unidos (EEUU) recibi\u00f3 este jueves durante su encuentro con Mar\u00eda Corina Machado su Premio Nobel de la Paz.<\/p>\n<p>            <\/a><\/p>\n","protected":false},"excerpt":{"rendered":"Mar\u00eda Corina Machado conf\u00eda en que Donald Trump apoyar\u00e1 la transici\u00f3n en Venezuela. As\u00ed lo ha reiterado este&hellip;\n","protected":false},"author":2,"featured_media":344883,"comment_status":"","ping_status":"","sticky":false,"template":"","format":"standard","meta":{"footnotes":""},"categories":[42],"tags":[17,18,13,14,11,61,62,63,64,19,20,9,10,15,16,12,21,22,65,66,67],"class_list":{"0":"post-344882","1":"post","2":"type-post","3":"status-publish","4":"format-standard","5":"has-post-thumbnail","7":"category-internacional","8":"tag-breaking-news","9":"tag-breakingnews","10":"tag-featured-news","11":"tag-featurednews","12":"tag-headlines","13":"tag-internacional","14":"tag-international","15":"tag-international-news","16":"tag-internationalnews","17":"tag-latest-news","18":"tag-latestnews","19":"tag-news","20":"tag-noticias","21":"tag-noticias-destacadas","22":"tag-noticiasdestacadas","23":"tag-titulares","24":"tag-ultimas-noticias","25":"tag-ultimasnoticias","26":"tag-world","27":"tag-world-news","28":"tag-worldnews"},"share_on_mastodon":{"url":"https:\/\/pubeurope.com\/@es\/115907529524096057","error":""},"_links":{"self":[{"href":"https:\/\/www.europesays.com\/es\/wp-json\/wp\/v2\/posts\/344882","targetHints":{"allow":["GET"]}}],"collection":[{"href":"https:\/\/www.europesays.com\/es\/wp-json\/wp\/v2\/posts"}],"about":[{"href":"https:\/\/www.europesays.com\/es\/wp-json\/wp\/v2\/types\/post"}],"author":[{"embeddable":true,"href":"https:\/\/www.europesays.com\/es\/wp-json\/wp\/v2\/users\/2"}],"replies":[{"embeddable":true,"href":"https:\/\/www.europesays.com\/es\/wp-json\/wp\/v2\/comments?post=344882"}],"version-history":[{"count":0,"href":"https:\/\/www.europesays.com\/es\/wp-json\/wp\/v2\/posts\/344882\/revisions"}],"wp:featuredmedia":[{"embeddable":true,"href":"https:\/\/www.europesays.com\/es\/wp-json\/wp\/v2\/media\/344883"}],"wp:attachment":[{"href":"https:\/\/www.europesays.com\/es\/wp-json\/wp\/v2\/media?parent=344882"}],"wp:term":[{"taxonomy":"category","embeddable":true,"href":"https:\/\/www.europesays.com\/es\/wp-json\/wp\/v2\/categories?post=344882"},{"taxonomy":"post_tag","embeddable":true,"href":"https:\/\/www.europesays.com\/es\/wp-json\/wp\/v2\/tags?post=344882"}],"curies":[{"name":"wp","href":"https:\/\/api.w.org\/{rel}","templated":true}]}}