{"id":344886,"date":"2026-01-17T00:09:22","date_gmt":"2026-01-17T00:09:22","guid":{"rendered":"https:\/\/www.europesays.com\/es\/344886\/"},"modified":"2026-01-17T00:09:22","modified_gmt":"2026-01-17T00:09:22","slug":"la-ugr-se-suma-a-la-candidatura-de-granada-para-acoger-la-agencia-estatal-de-salud-publica","status":"publish","type":"post","link":"https:\/\/www.europesays.com\/es\/344886\/","title":{"rendered":"La UGR se suma a la candidatura de Granada para acoger la Agencia Estatal de Salud P\u00fablica"},"content":{"rendered":"<p>La Universidad de Granada se suma a la candidatura de la ciudad para acoger la Agencia Estatal de Salud P\u00fablica. La UGR, de hecho, ha participado de manera activa en la elaboraci\u00f3n de esa candidatura de Granada para albergar la sede de la Agencia Estatal de Salud P\u00fablica, presentada este jueves 15 de enero ante el Gobierno de Espa\u00f1a. La instituci\u00f3n universitaria aporta al ecosistema cient\u00edfico y tecnol\u00f3gico en torno a la salud que conformar\u00e1 esta agencia todo su potencial investigador en salud, Inteligencia Artificial, an\u00e1lisis de datos, etc., \u00e1reas donde cuenta con con grupos de referencia nacional e internacional.<\/p>\n<p><a href=\"https:\/\/canal.ugr.es\/noticia\/ugr-candidatura-granada-agencia-estatal-salud-publica\/\" rel=\"nofollow noopener\" target=\"_blank\">Seguir leyendo<\/a><\/p>\n","protected":false},"excerpt":{"rendered":"La Universidad de Granada se suma a la candidatura de la ciudad para acoger la Agencia Estatal de&hellip;\n","protected":false},"author":2,"featured_media":344887,"comment_status":"","ping_status":"","sticky":false,"template":"","format":"standard","meta":{"footnotes":""},"categories":[5],"tags":[17,18,25,24,13,14,11,19,20,9,10,15,16,23,12,21,22],"class_list":{"0":"post-344886","1":"post","2":"type-post","3":"status-publish","4":"format-standard","5":"has-post-thumbnail","7":"category-titulares","8":"tag-breaking-news","9":"tag-breakingnews","10":"tag-es","11":"tag-espana","12":"tag-featured-news","13":"tag-featurednews","14":"tag-headlines","15":"tag-latest-news","16":"tag-latestnews","17":"tag-news","18":"tag-noticias","19":"tag-noticias-destacadas","20":"tag-noticiasdestacadas","21":"tag-spain","22":"tag-titulares","23":"tag-ultimas-noticias","24":"tag-ultimasnoticias"},"share_on_mastodon":{"url":"https:\/\/pubeurope.com\/@es\/115907537303931305","error":""},"_links":{"self":[{"href":"https:\/\/www.europesays.com\/es\/wp-json\/wp\/v2\/posts\/344886","targetHints":{"allow":["GET"]}}],"collection":[{"href":"https:\/\/www.europesays.com\/es\/wp-json\/wp\/v2\/posts"}],"about":[{"href":"https:\/\/www.europesays.com\/es\/wp-json\/wp\/v2\/types\/post"}],"author":[{"embeddable":true,"href":"https:\/\/www.europesays.com\/es\/wp-json\/wp\/v2\/users\/2"}],"replies":[{"embeddable":true,"href":"https:\/\/www.europesays.com\/es\/wp-json\/wp\/v2\/comments?post=344886"}],"version-history":[{"count":0,"href":"https:\/\/www.europesays.com\/es\/wp-json\/wp\/v2\/posts\/344886\/revisions"}],"wp:featuredmedia":[{"embeddable":true,"href":"https:\/\/www.europesays.com\/es\/wp-json\/wp\/v2\/media\/344887"}],"wp:attachment":[{"href":"https:\/\/www.europesays.com\/es\/wp-json\/wp\/v2\/media?parent=344886"}],"wp:term":[{"taxonomy":"category","embeddable":true,"href":"https:\/\/www.europesays.com\/es\/wp-json\/wp\/v2\/categories?post=344886"},{"taxonomy":"post_tag","embeddable":true,"href":"https:\/\/www.europesays.com\/es\/wp-json\/wp\/v2\/tags?post=344886"}],"curies":[{"name":"wp","href":"https:\/\/api.w.org\/{rel}","templated":true}]}}