{"id":344913,"date":"2026-01-17T00:32:13","date_gmt":"2026-01-17T00:32:13","guid":{"rendered":"https:\/\/www.europesays.com\/es\/344913\/"},"modified":"2026-01-17T00:32:13","modified_gmt":"2026-01-17T00:32:13","slug":"trump-amenaza-con-imponer-aranceles-a-los-paises-que-se-opongan-a-su-plan-para-apoderarse-de-groenlandia","status":"publish","type":"post","link":"https:\/\/www.europesays.com\/es\/344913\/","title":{"rendered":"Trump amenaza con imponer aranceles a los pa\u00edses que se opongan a su plan para apoderarse de Groenlandia"},"content":{"rendered":"<p><img fetchpriority=\"high\" decoding=\"async\" src=\"https:\/\/www.europesays.com\/es\/wp-content\/uploads\/2026\/01\/74a6e9f0-f329-11f0-8e42-51b387dac743.jpg.webp.webp\"   alt=\"Trump\" loading=\"eager\" width=\"1016\" height=\"572\" style=\"aspect-ratio:1016 \/ 572\" class=\"css-1seqhu9\"\/><\/p>\n<p class=\"css-by8ykd\" role=\"text\">Fuente de la imagen, Getty Images<\/p>\n<p><strong id=\"article-byline\" aria-hidden=\"true\" class=\"css-2ozlq5\">Informaci\u00f3n del art\u00edculo<\/strong><\/p>\n<ul class=\"css-1dlgp3z\">\n<li class=\"css-1s1df59\">\n<ul role=\"list\" class=\"css-z50d25\">\n<li class=\"css-0\">Autor, Paul Kirby<\/li>\n<li class=\"css-k1irjw\">T\u00edtulo del autor,  Editor digital de la BBC para Europa<\/li>\n<\/ul>\n<\/li>\n<li>16 enero 2026\n<p>Actualizado 1 hora<\/p>\n<\/li>\n<li>\n<p>Tiempo de lectura: 6 min<\/p>\n<\/li>\n<\/ul>\n<p dir=\"ltr\" class=\"css-s4cjt0 e1yuyadm0\"><b>El presidente de Estados Unidos, Donald Trump, amenaz\u00f3 este viernes con imponer aranceles a las naciones que no colaboren con sus ambiciones de hacerse con Groenlandia.<\/b><\/p>\n<p dir=\"ltr\" class=\"css-s4cjt0 e1yuyadm0\">Trump declar\u00f3 en una reuni\u00f3n en la Casa Blanca que \u00abpodr\u00eda imponer aranceles a los pa\u00edses que no colaboren\u00bb con la cuesti\u00f3n de Groenlandia, un territorio aut\u00f3nomo controlado por Dinamarca.<\/p>\n<p dir=\"ltr\" class=\"css-s4cjt0 e1yuyadm0\">No especific\u00f3 qu\u00e9 pa\u00edses podr\u00edan verse afectados por los aranceles ni qu\u00e9 autoridad invocar\u00eda para utilizar dichos impuestos a la importaci\u00f3n con el fin de lograr su objetivo.<\/p>\n<p dir=\"ltr\" class=\"css-s4cjt0 e1yuyadm0\">Adem\u00e1s de Dinamarca y Groenlandia, otros pa\u00edses se oponen a sus planes, y muchos en Estados Unidos han expresado su escepticismo sobre una posible adquisici\u00f3n de la isla. Mientras Trump hablaba, una delegaci\u00f3n bipartidista del Congreso de EE.UU. visitaba Groenlandia para mostrar su apoyo al territorio.<\/p>\n<p dir=\"ltr\" class=\"css-s4cjt0 e1yuyadm0\">El grupo de 11 legisladores inclu\u00eda a republicanos que expresaron su preocupaci\u00f3n por las peticiones del presidente para que Estados Unidos adquiera Groenlandia por razones de seguridad nacional. Se reunieron con parlamentarios, as\u00ed como con la primera ministra danesa, Mette Frederiksen, y su hom\u00f3logo groenland\u00e9s, Jens-Frederik Nielsen.<\/p>\n<p dir=\"ltr\" class=\"css-s4cjt0 e1yuyadm0\">El l\u00edder del grupo, el senador dem\u00f3crata Chris Coons, dijo que su viaje era para escuchar a los lugare\u00f1os y llevar sus opiniones a Washington \u00abpara bajar la temperatura\u00bb.<\/p>\n<p><img decoding=\"async\" src=\"https:\/\/www.europesays.com\/es\/wp-content\/uploads\/2026\/01\/3126fb20-f202-11f0-b5f7-49f0357294ff.jpg.webp.webp\"   alt=\"Un avi\u00f3n con los coloeres del a Real Fuerza A\u00e9rea danesa est\u00e1 parado en la pista del aeropuerto de Nuuk  \" loading=\"lazy\" width=\"1000\" height=\"563\" style=\"aspect-ratio:1000 \/ 563\" class=\"css-1seqhu9\"\/><\/p>\n<p class=\"css-by8ykd\" role=\"text\">Fuente de la imagen, Reuters<\/p>\n<p>Pie de foto, Varios pa\u00edses, entre ellos Francia, Alemania, Suecia, Noruega, Finlandia, Pa\u00edses Bajos y Reino Unido, han enviado esta semana un peque\u00f1o n\u00famero de tropas a Groenlandia en una supuesta misi\u00f3n de reconocimiento.<\/p>\n<p>\u00abPor las buenas o por las malas\u00bb,<\/p>\n<p dir=\"ltr\" class=\"css-s4cjt0 e1yuyadm0\">Trump ha afirmado que Groenlandia es vital para la seguridad estadounidense y que Washington la obtendr\u00eda \u00abpor las buenas o por las malas\u00bb, en una aparente referencia a la compra de la isla o a su toma por la fuerza.<\/p>\n<p dir=\"ltr\" class=\"css-s4cjt0 e1yuyadm0\">\u00abPodr\u00eda imponer aranceles a los pa\u00edses que no acepten Groenlandia, porque la necesitamos para la seguridad nacional\u00bb, declar\u00f3 Trump el viernes en la reuni\u00f3n de la Casa Blanca.<\/p>\n<p dir=\"ltr\" class=\"css-s4cjt0 e1yuyadm0\">Groenlandia est\u00e1 escasamente poblada, pero es rica en recursos, y su ubicaci\u00f3n entre Norteam\u00e9rica y el \u00c1rtico la sit\u00faa en una posici\u00f3n privilegiada para los sistemas de alerta temprana en caso de ataques con misiles y para la vigilancia de buques en la regi\u00f3n.<\/p>\n<p dir=\"ltr\" class=\"css-s4cjt0 e1yuyadm0\">Estados Unidos ya cuenta con m\u00e1s de 100 militares estacionados permanentemente en su base de Pituffik, una estaci\u00f3n de monitorizaci\u00f3n de misiles en el extremo noroeste de Groenlandia, operada por Estados Unidos desde la Segunda Guerra Mundial.<\/p>\n<p dir=\"ltr\" class=\"css-s4cjt0 e1yuyadm0\">En virtud de los acuerdos vigentes con Dinamarca, Estados Unidos tiene la facultad de desplegar tantas tropas como desee en Groenlandia.<\/p>\n<p dir=\"ltr\" class=\"css-s4cjt0 e1yuyadm0\">Pero Trump ha afirmado que Estados Unidos necesita \u00abapropiarse\u00bb de la regi\u00f3n para defenderla adecuadamente de posibles ataques rusos o chinos.<\/p>\n<p dir=\"ltr\" class=\"css-s4cjt0 e1yuyadm0\">Dinamarca ha advertido que una acci\u00f3n militar significar\u00eda el fin de la OTAN, la alianza de defensa transatl\u00e1ntica en la que Estados Unidos es el socio m\u00e1s influyente.<\/p>\n<p dir=\"ltr\" class=\"css-s4cjt0 e1yuyadm0\">La OTAN se basa en el principio de que los aliados deben ayudarse mutuamente en caso de ataque externo; nunca se ha enfrentado a la opci\u00f3n de que un miembro use la fuerza contra otro.<\/p>\n<p dir=\"ltr\" class=\"css-s4cjt0 e1yuyadm0\">Los aliados europeos se han unido al apoyo de Dinamarca.<\/p>\n<p dir=\"ltr\" class=\"css-s4cjt0 e1yuyadm0\">Tambi\u00e9n han afirmado que la regi\u00f3n \u00e1rtica es igualmente importante para ellos y que su seguridad deber\u00eda ser responsabilidad conjunta de la OTAN, con la participaci\u00f3n de Estados Unidos.<\/p>\n<p dir=\"ltr\" class=\"css-s4cjt0 e1yuyadm0\">Varios pa\u00edses, entre ellos Francia, Alemania, Suecia, Noruega, Finlandia, Pa\u00edses Bajos y Reino Unido, han enviado esta semana un peque\u00f1o n\u00famero de tropas a Groenlandia en una supuesta misi\u00f3n de reconocimiento.<\/p>\n<p dir=\"ltr\" class=\"css-s4cjt0 e1yuyadm0\">El presidente franc\u00e9s, Emmanuel Macron, anunci\u00f3 el pronto env\u00edo de \u00abrecursos terrestres, a\u00e9reos y mar\u00edtimos\u00bb.<\/p>\n<p><img decoding=\"async\" src=\"https:\/\/www.europesays.com\/es\/wp-content\/uploads\/2026\/01\/0ba0b420-f21d-11f0-b385-5f48925de19a.jpg.webp.webp\"   alt=\"Los ministros de Relaciones Exteriores de Dinamarca, Lars Lokke Rasmussen (izq.), y de Groenlandia, Vivian Motzfeldt, en rueda de prensa durante su visita a Washington\" loading=\"lazy\" width=\"1024\" height=\"651\" style=\"aspect-ratio:1024 \/ 651\" class=\"css-1seqhu9\"\/><\/p>\n<p class=\"css-by8ykd\" role=\"text\">Fuente de la imagen, Getty Images<\/p>\n<p>Pie de foto, Los ministros de Relaciones Exteriores de Dinamarca, Lars Lokke Rasmussen (izq.), y de Groenlandia, Vivian Motzfeldt, visitaron Washington esta semana.<\/p>\n<p>\u00abNecesitamos amigos. Necesitamos aliados\u00bb<\/p>\n<p dir=\"ltr\" class=\"css-s4cjt0 e1yuyadm0\">La visita de la delegaci\u00f3n del Congreso estadounidense a Groenlandia se produce d\u00edas despu\u00e9s de que conversaciones de alto nivel en Washington de representantes de la isla y Dinamarca con miembros del gobierno de Trump no lograran disuadir a al mandatario de sus planes.<\/p>\n<p dir=\"ltr\" class=\"css-s4cjt0 e1yuyadm0\">En la delegaci\u00f3n hab\u00eda senadores y miembros de la C\u00e1mara de Representantes de Estados Unidos, fervientes partidarios de la OTAN.<\/p>\n<p dir=\"ltr\" class=\"css-s4cjt0 e1yuyadm0\">Aunque Coons y la mayor\u00eda del grupo son dem\u00f3cratas y ac\u00e9rrimos opositores de Trump, la delegaci\u00f3n tambi\u00e9n inclu\u00eda a los senadores republicanos moderados Thom Tillis y Lisa Murkowski.<\/p>\n<p dir=\"ltr\" class=\"css-s4cjt0 e1yuyadm0\">La diputada groenlandesa Aaja Chemnitz afirm\u00f3 que la reuni\u00f3n con legisladores estadounidenses le hab\u00eda dado esperanzas. Declar\u00f3 a la BBC: \u00abNecesitamos amigos. Necesitamos aliados\u00bb.<\/p>\n<p dir=\"ltr\" class=\"css-s4cjt0 e1yuyadm0\">Al ser preguntada sobre la gran diferencia entre la opini\u00f3n de la Casa Blanca y la postura de Groenlandia y Dinamarca, respondi\u00f3: \u00abEs una marat\u00f3n, no una carrera corta\u00bb.<\/p>\n<p dir=\"ltr\" class=\"css-s4cjt0 e1yuyadm0\">\u00abLa presi\u00f3n del lado estadounidense es algo que hemos visto desde 2019. Ser\u00eda ingenuo pensar que todo ha terminado\u00bb.<\/p>\n<p dir=\"ltr\" class=\"css-s4cjt0 e1yuyadm0\">\u00abEst\u00e1 cambiando casi hora tras hora\u00bb. As\u00ed que cuanto mayor sea el apoyo que podamos conseguir, mejor\u00bb, a\u00f1adi\u00f3-<\/p>\n<p dir=\"ltr\" class=\"css-s4cjt0 e1yuyadm0\">Murkowski es una de las patrocinadoras de un proyecto de ley bipartidista destinado a bloquear cualquier intento de anexar Groenlandia.<\/p>\n<p dir=\"ltr\" class=\"css-s4cjt0 e1yuyadm0\">Un congresista republicano tambi\u00e9n present\u00f3 un proyecto de ley rival que apoya la anexi\u00f3n de la isla.<\/p>\n<p><img decoding=\"async\" src=\"https:\/\/www.europesays.com\/es\/wp-content\/uploads\/2026\/01\/8eed86f0-f21d-11f0-b385-5f48925de19a.jpg.webp.webp\"   alt=\"Una manifestaci\u00f3n de groenlandeses en Nuuk agitan banderas de su pa\u00eds y sostienen pancartas en contra las intenciones de Donald Trump \" loading=\"lazy\" width=\"800\" height=\"450\" style=\"aspect-ratio:800 \/ 450\" class=\"css-1seqhu9\"\/><\/p>\n<p class=\"css-by8ykd\" role=\"text\">Fuente de la imagen, Getty Images<\/p>\n<p>Pie de foto, Los groenlandeses no quieren pertenecer ni ser parte de EE.UU., reiter\u00f3 el ministro de Exteriores de Dinamarca esta semana.<\/p>\n<p>\u00abEl presidente habla en serio\u00bb<\/p>\n<p dir=\"ltr\" class=\"css-s4cjt0 e1yuyadm0\">El enviado de Trump para Groenlandia, Jeff Landry, declar\u00f3 el viernes a Fox News que Estados Unidos deber\u00eda hablar con los l\u00edderes de Groenlandia, no con los de Dinamarca.<\/p>\n<p dir=\"ltr\" class=\"css-s4cjt0 e1yuyadm0\">\u00abCreo firmemente que hay un acuerdo que se alcanzar\u00e1 una vez que esto se resuelva\u00bb, afirm\u00f3.<\/p>\n<p dir=\"ltr\" class=\"css-s4cjt0 e1yuyadm0\">\u00abEl presidente habla en serio. Creo que ha sentado las bases.<\/p>\n<p dir=\"ltr\" class=\"css-s4cjt0 e1yuyadm0\">\u00abLe ha dicho a Dinamarca lo que busca, y ahora se trata de que el secretario de Estado Marco Rubio y el vicepresidente J.D. Vance lleguen a un acuerdo.<\/p>\n<p dir=\"ltr\" class=\"css-s4cjt0 e1yuyadm0\">\u00abEstados Unidos siempre ha sido acogedor. No entramos all\u00ed intentando conquistar a nadie ni apoder\u00e1ndonos del pa\u00eds de nadie.<\/p>\n<p dir=\"ltr\" class=\"css-s4cjt0 e1yuyadm0\">\u00abDecimos: &#8216;Escuchen. Representamos la libertad. Representamos la fortaleza econ\u00f3mica. Representamos la protecci\u00f3n'\u00bb, dijo Landry.<\/p>\n<p dir=\"ltr\" class=\"css-s4cjt0 e1yuyadm0\">Los ministros de Asuntos Exteriores de Dinamarca y Groenlandia se reunieron con Vance y Rubio en la Casa Blanca el mi\u00e9rcoles.<\/p>\n<p dir=\"ltr\" class=\"css-s4cjt0 e1yuyadm0\">Seg\u00fan un funcionario dan\u00e9s que habl\u00f3 con la BBC de forma an\u00f3nima sobre la reuni\u00f3n, el vicepresidente estadounidense propuso encontrar un punto medio que satisficiera a Trump, Dinamarca y Groenlandia.<\/p>\n<p dir=\"ltr\" class=\"css-s4cjt0 e1yuyadm0\">El funcionario afirm\u00f3 que la posibilidad de una toma de Groenlandia por parte de las fuerzas estadounidenses no se hab\u00eda planteado en la reuni\u00f3n en la Casa Blanca.<\/p>\n<p dir=\"ltr\" class=\"css-s4cjt0 e1yuyadm0\">\u00abNunca hemos mantenido conversaciones con ning\u00fan alto funcionario o ministro sobre la posibilidad de que Estados Unidos env\u00ede tropas a Groenlandia\u00bb, afirm\u00f3 el funcionario.<\/p>\n<p dir=\"ltr\" class=\"css-s4cjt0 e1yuyadm0\">Aun as\u00ed, afirm\u00f3 que Dinamarca se toma en serio el objetivo declarado de Trump de apoderarse de Groenlandia.<\/p>\n<p dir=\"ltr\" class=\"css-s4cjt0 e1yuyadm0\">\u00abNuestra hip\u00f3tesis de trabajo es que, en este asunto, lo que dice es lo que piensa\u00bb, concluy\u00f3 el funcionario.<\/p>\n<p><img decoding=\"async\" src=\"https:\/\/www.europesays.com\/es\/wp-content\/uploads\/2026\/01\/cbe581e0-f21b-11f0-a422-4ba8a094a8fa.png.webp.webp\"   alt=\"[]\" loading=\"lazy\" width=\"800\" height=\"100\" style=\"aspect-ratio:800 \/ 100\" class=\"css-1seqhu9\"\/><\/p>\n<p dir=\"ltr\" class=\"css-s4cjt0 e1yuyadm0\"><a href=\"https:\/\/www.bbc.com\/mundo\/send\/u184973209\" class=\"focusIndicatorReducedWidth css-n8oauk e1h2ur550\" rel=\"nofollow noopener\" target=\"_blank\">Suscr\u00edbete aqu\u00ed<\/a> a nuestro nuevo newsletter para recibir cada viernes una selecci\u00f3n de nuestro mejor contenido de la semana.<\/p>\n<p dir=\"ltr\" class=\"css-s4cjt0 e1yuyadm0\">Y recuerda que puedes recibir notificaciones en nuestra app. Descarga la \u00faltima versi\u00f3n y act\u00edvalas.<\/p>\n","protected":false},"excerpt":{"rendered":"Fuente de la imagen, Getty Images Informaci\u00f3n del art\u00edculo Autor, Paul Kirby T\u00edtulo del autor, Editor digital de&hellip;\n","protected":false},"author":2,"featured_media":344914,"comment_status":"","ping_status":"","sticky":false,"template":"","format":"standard","meta":{"footnotes":""},"categories":[5],"tags":[17,18,25,24,13,14,11,19,20,9,10,15,16,23,12,21,22],"class_list":{"0":"post-344913","1":"post","2":"type-post","3":"status-publish","4":"format-standard","5":"has-post-thumbnail","7":"category-titulares","8":"tag-breaking-news","9":"tag-breakingnews","10":"tag-es","11":"tag-espana","12":"tag-featured-news","13":"tag-featurednews","14":"tag-headlines","15":"tag-latest-news","16":"tag-latestnews","17":"tag-news","18":"tag-noticias","19":"tag-noticias-destacadas","20":"tag-noticiasdestacadas","21":"tag-spain","22":"tag-titulares","23":"tag-ultimas-noticias","24":"tag-ultimasnoticias"},"share_on_mastodon":{"url":"https:\/\/pubeurope.com\/@es\/115907627862492745","error":""},"_links":{"self":[{"href":"https:\/\/www.europesays.com\/es\/wp-json\/wp\/v2\/posts\/344913","targetHints":{"allow":["GET"]}}],"collection":[{"href":"https:\/\/www.europesays.com\/es\/wp-json\/wp\/v2\/posts"}],"about":[{"href":"https:\/\/www.europesays.com\/es\/wp-json\/wp\/v2\/types\/post"}],"author":[{"embeddable":true,"href":"https:\/\/www.europesays.com\/es\/wp-json\/wp\/v2\/users\/2"}],"replies":[{"embeddable":true,"href":"https:\/\/www.europesays.com\/es\/wp-json\/wp\/v2\/comments?post=344913"}],"version-history":[{"count":0,"href":"https:\/\/www.europesays.com\/es\/wp-json\/wp\/v2\/posts\/344913\/revisions"}],"wp:featuredmedia":[{"embeddable":true,"href":"https:\/\/www.europesays.com\/es\/wp-json\/wp\/v2\/media\/344914"}],"wp:attachment":[{"href":"https:\/\/www.europesays.com\/es\/wp-json\/wp\/v2\/media?parent=344913"}],"wp:term":[{"taxonomy":"category","embeddable":true,"href":"https:\/\/www.europesays.com\/es\/wp-json\/wp\/v2\/categories?post=344913"},{"taxonomy":"post_tag","embeddable":true,"href":"https:\/\/www.europesays.com\/es\/wp-json\/wp\/v2\/tags?post=344913"}],"curies":[{"name":"wp","href":"https:\/\/api.w.org\/{rel}","templated":true}]}}