{"id":344954,"date":"2026-01-17T01:16:15","date_gmt":"2026-01-17T01:16:15","guid":{"rendered":"https:\/\/www.europesays.com\/es\/344954\/"},"modified":"2026-01-17T01:16:15","modified_gmt":"2026-01-17T01:16:15","slug":"ee-uu-advierte-sobre-riesgos-potenciales-en-varios-puntos-del-espacio-aereo-de-america-latina-debido-a-actividad-militar","status":"publish","type":"post","link":"https:\/\/www.europesays.com\/es\/344954\/","title":{"rendered":"EE.UU. advierte sobre \u201criesgos potenciales\u201d en varios puntos del espacio a\u00e9reo de Am\u00e9rica Latina debido a actividad militar"},"content":{"rendered":"<p>      CNN<br \/>\n        \u00a0\u2014\u00a0<\/p>\n<p class=\"paragraph inline-placeholder vossi-paragraph\" data-uri=\"es.cms.cnn.com\/_components\/paragraph\/instances\/cmkhdyrk900033j6qrnmr5fkh@published\" data-editable=\"text\" data-component-name=\"paragraph\" data-article-gutter=\"true\">\n            La Administraci\u00f3n Federal de Aviaci\u00f3n de Estados Unidos (FAA, por sus siglas en ingl\u00e9s) advirti\u00f3 a aerol\u00edneas y pilotos estadounidenses que ejerzan precauci\u00f3n sobre un amplio tramo del espacio a\u00e9reo sobre el Oc\u00e9ano Pac\u00edfico cercano a Centroam\u00e9rica y Sudam\u00e9rica debido a actividad militar y posible interferencia con la navegaci\u00f3n satelital.\n    <\/p>\n<p class=\"paragraph inline-placeholder vossi-paragraph\" data-uri=\"es.cms.cnn.com\/_components\/paragraph\/instances\/cmkhdyrk900043j6qqrozho0h@published\" data-editable=\"text\" data-component-name=\"paragraph\" data-article-gutter=\"true\">\n            En <a href=\"https:\/\/www.faa.gov\/newsroom\/statements\/general-statements\" target=\"_blank\" rel=\"nofollow noopener\">una serie de avisos de seguridad emitidos este viernes<\/a>, la FAA dijo: \u201cExisten riesgos potenciales para las aeronaves a todas las altitudes, incluso durante el sobrevuelo y las fases de llegada y salida de los vuelos\u201d.\n    <\/p>\n<p class=\"paragraph inline-placeholder vossi-paragraph\" data-uri=\"es.cms.cnn.com\/_components\/paragraph\/instances\/cmkhdyrk900053j6qug1upnla@published\" data-editable=\"text\" data-component-name=\"paragraph\" data-article-gutter=\"true\">\n            La instituci\u00f3n cit\u00f3 operaciones militares e interferencia con los Sistemas de Navegaci\u00f3n Satelital Global (GNSS).\n    <\/p>\n<p class=\"paragraph inline-placeholder vossi-paragraph\" data-uri=\"es.cms.cnn.com\/_components\/paragraph\/instances\/cmkhdyrk900063j6q8zg06fy9@published\" data-editable=\"text\" data-component-name=\"paragraph\" data-article-gutter=\"true\">\n            Estas advertencias cubren el espacio a\u00e9reo sobre el Pac\u00edfico cerca del occidente de M\u00e9xico, as\u00ed como Centroam\u00e9rica, el norte de Sudam\u00e9rica y una porci\u00f3n del espacio a\u00e9reo oce\u00e1nico controlado por Estados Unidos.\n    <\/p>\n<p class=\"paragraph inline-placeholder vossi-paragraph\" data-uri=\"es.cms.cnn.com\/_components\/paragraph\/instances\/cmkhdyrk900073j6qgtatacp8@published\" data-editable=\"text\" data-component-name=\"paragraph\" data-article-gutter=\"true\">\n            Los avisos entraron en vigor la tarde del viernes y est\u00e1n programados para permanecer vigentes por 60 d\u00edas, es decir, al menos hasta el 17 de marzo.\n    <\/p>\n<p class=\"paragraph inline-placeholder vossi-paragraph\" data-uri=\"es.cms.cnn.com\/_components\/paragraph\/instances\/cmkhdyrk900083j6q8akm67wd@published\" data-editable=\"text\" data-component-name=\"paragraph\" data-article-gutter=\"true\">\n            La FAA describi\u00f3 el riesgo como interferencia GNSS, una categor\u00eda de interrupci\u00f3n de navegaci\u00f3n satelital que puede incluir bloqueo o suplantaci\u00f3n de se\u00f1al, pero no especific\u00f3 la fuente o los m\u00e9todos exactos.\n    <\/p>\n<p class=\"paragraph inline-placeholder vossi-paragraph\" data-uri=\"es.cms.cnn.com\/_components\/paragraph\/instances\/cmkhdyrk900093j6qscwa938r@published\" data-editable=\"text\" data-component-name=\"paragraph\" data-article-gutter=\"true\">\n            Un portavoz de la FAA dijo a CNN que los avisos no se emitieron a petici\u00f3n de las Fuerzas Armadas estadounidenses.\n    <\/p>\n","protected":false},"excerpt":{"rendered":"CNN \u00a0\u2014\u00a0 La Administraci\u00f3n Federal de Aviaci\u00f3n de Estados Unidos (FAA, por sus siglas en ingl\u00e9s) advirti\u00f3 a&hellip;\n","protected":false},"author":2,"featured_media":344955,"comment_status":"","ping_status":"","sticky":false,"template":"","format":"standard","meta":{"footnotes":""},"categories":[42],"tags":[24516,23825,17,18,629,13,14,11,61,62,63,64,19,20,9,10,15,16,12,21,22,65,66,67],"class_list":{"0":"post-344954","1":"post","2":"type-post","3":"status-publish","4":"format-standard","5":"has-post-thumbnail","7":"category-internacional","8":"tag-america-latina","9":"tag-aviacion","10":"tag-breaking-news","11":"tag-breakingnews","12":"tag-estados-unidos","13":"tag-featured-news","14":"tag-featurednews","15":"tag-headlines","16":"tag-internacional","17":"tag-international","18":"tag-international-news","19":"tag-internationalnews","20":"tag-latest-news","21":"tag-latestnews","22":"tag-news","23":"tag-noticias","24":"tag-noticias-destacadas","25":"tag-noticiasdestacadas","26":"tag-titulares","27":"tag-ultimas-noticias","28":"tag-ultimasnoticias","29":"tag-world","30":"tag-world-news","31":"tag-worldnews"},"share_on_mastodon":{"url":"https:\/\/pubeurope.com\/@es\/115907800871977233","error":""},"_links":{"self":[{"href":"https:\/\/www.europesays.com\/es\/wp-json\/wp\/v2\/posts\/344954","targetHints":{"allow":["GET"]}}],"collection":[{"href":"https:\/\/www.europesays.com\/es\/wp-json\/wp\/v2\/posts"}],"about":[{"href":"https:\/\/www.europesays.com\/es\/wp-json\/wp\/v2\/types\/post"}],"author":[{"embeddable":true,"href":"https:\/\/www.europesays.com\/es\/wp-json\/wp\/v2\/users\/2"}],"replies":[{"embeddable":true,"href":"https:\/\/www.europesays.com\/es\/wp-json\/wp\/v2\/comments?post=344954"}],"version-history":[{"count":0,"href":"https:\/\/www.europesays.com\/es\/wp-json\/wp\/v2\/posts\/344954\/revisions"}],"wp:featuredmedia":[{"embeddable":true,"href":"https:\/\/www.europesays.com\/es\/wp-json\/wp\/v2\/media\/344955"}],"wp:attachment":[{"href":"https:\/\/www.europesays.com\/es\/wp-json\/wp\/v2\/media?parent=344954"}],"wp:term":[{"taxonomy":"category","embeddable":true,"href":"https:\/\/www.europesays.com\/es\/wp-json\/wp\/v2\/categories?post=344954"},{"taxonomy":"post_tag","embeddable":true,"href":"https:\/\/www.europesays.com\/es\/wp-json\/wp\/v2\/tags?post=344954"}],"curies":[{"name":"wp","href":"https:\/\/api.w.org\/{rel}","templated":true}]}}