{"id":344956,"date":"2026-01-17T01:17:11","date_gmt":"2026-01-17T01:17:11","guid":{"rendered":"https:\/\/www.europesays.com\/es\/344956\/"},"modified":"2026-01-17T01:17:11","modified_gmt":"2026-01-17T01:17:11","slug":"de-baja-tras-un-nuevo-reves-medico","status":"publish","type":"post","link":"https:\/\/www.europesays.com\/es\/344956\/","title":{"rendered":"de baja tras un nuevo rev\u00e9s m\u00e9dico"},"content":{"rendered":"<p><b>La salud de <a title=\"Bert\u00edn Osborne\" href=\"https:\/\/www.larazon.es\/gente\/famosos\/lista-amigas-bertin-osborne-conoce-limites_202512306953ff41ea66eb735322711b.html\" target=\"_blank\" rel=\"nofollow noopener\">Bert\u00edn Osborne<\/a> vuelve a ser motivo de preocupaci\u00f3n<\/b>. Despu\u00e9s de unas semanas convulsas con <a title=\"Gabriela Guill\u00e9n\" href=\"https:\/\/www.larazon.es\/gente\/famosos\/gabriela-guillen-reproche-bertin-osborne-soy-padre-madre-nuestro-hijo_20251203693079836e5e5012dcd927c5.html\" target=\"_blank\" rel=\"nofollow noopener\">Gabriela Guill\u00e9n<\/a> removiendo en los plat\u00f3s sus diferencias por su hijo, el artista ha querido mantenerse en silencio. Esta es su principal estrategia, pues todo lo que dice termina siendo utilizado en su contra. Pero ahora <b>ha vuelto a dar se\u00f1ales de vida, tras un tiempo alejado del foco<\/b>. Y lo hace precisamente para explicar el motivo de su desaparici\u00f3n y la raz\u00f3n por la que tendr\u00e1 que permanecer un tiempo lejos de su p\u00fablico. <\/p>\n<p>A sus 71 a\u00f1os, los baches de salud del artista son cada vez m\u00e1s sonados. As\u00ed sucedi\u00f3 cuando <b>se contagi\u00f3 de coronavirus y las secuelas fueron persistentes. Tanto, que tuvo que bajarse de los escenarios<\/b> hasta sentirse con fuerzas para cumplir con sus fans. Pero parece cada vez m\u00e1s alejado de los escenarios, especialmente ahora que ha sufrido un nuevo rev\u00e9s de salud. Uno que le impide dar el <a title=\"preg\u00f3n de las Fiestas de la Virgen de la Paz en el municipio madrile\u00f1o de Alcobendas\" href=\"https:\/\/www.larazon.es\/madrid\/bertin-osborne-pregonero-fiestas-alcobendas_2026011369662559be7ae37724c1e3b4.html\" target=\"_blank\" rel=\"nofollow noopener\">preg\u00f3n de las Fiestas de la Virgen de la Paz en el municipio madrile\u00f1o de Alcobendas<\/a>. <\/p>\n<p>Un nuevo rev\u00e9s de salud para Bert\u00edn Osborne<\/p>\n<p>Han sido los responsables del Ayuntamiento quien han informado de este nuevo contratiempo m\u00e9dico del cantante. A trav\u00e9s de un comunicado, daban a conocer a sus vecinos de la cancelaci\u00f3n del tradicional preg\u00f3n: <b>\u201cLamentablemente, por motivos de salud del cantante Bert\u00edn Osborne, la celebraci\u00f3n del preg\u00f3n de las Fiestas de la Virgen de la Paz y todo el programa festivo previsto para este domingo 18 de enero en la Plaza del Pueblo, se aplaza al pr\u00f3ximo jueves 22 de enero, a la misma hora\u201d<\/b>, se puede leer en la nota informativa.<\/p>\n<p><img decoding=\"async\" loading=\"lazy\" src=\"https:\/\/www.europesays.com\/es\/wp-content\/uploads\/2026\/01\/bertin-osborne_58.jpg\" alt=\"Bert\u00edn Osborne \" width=\"1356\" height=\"867\"\/><b>Bert\u00edn Osborne <\/b>Gtres<\/p>\n<p>No se ofrecen m\u00e1s detalles sobre qu\u00e9 le sucede al artista y el motivo concreto de su baja. Esto es lo que m\u00e1s hace crecer la preocupaci\u00f3n por su estado, dando p\u00e1bulo a especulaciones, dimes y diretes. Por el momento, <b>el propio Bert\u00edn Osborne permanece callado, sin dar mayores explicaciones m\u00e1s all\u00e1 de las ofrecidas por el Ayuntamiento de Alcobendas<\/b> excusando su ausencia para este domingo. Se les arruin\u00f3 la fiesta a los vecinos, que tendr\u00e1n que esperar hasta el jueves para tener oportunidad de verle, de confirmarse de nuevo su asistencia en el preg\u00f3n. <\/p>\n<p>Todo hace indicar que la dolencia de Bert\u00edn Osborne no reviste gravedad. De ah\u00ed que hayan aplazado su momento de gloria ante los vecinos de Alcobendas, en vez de cancelarlo por estos comentados problemas de salud. Unos que se mantienen en la intimidad. Bien podr\u00eda tratarse de uno de los virus que pululan ahora entre nosotros, como tambi\u00e9n puede que los s\u00edntomas de Covid persistente hayan regresado. <b>El cantante ya se quejaba del cansancio extremo, la fatiga y otras secuelas de esta afecci\u00f3n, que limitaron su calidad de vida y le forzaron a bajar el ritmo<\/b>. Pero ahora considera que con cuatro d\u00edas en reposo, el jueves pueda cumplir en el preg\u00f3n de Alcobendas como ten\u00eda previsto. <\/p>\n","protected":false},"excerpt":{"rendered":"La salud de Bert\u00edn Osborne vuelve a ser motivo de preocupaci\u00f3n. Despu\u00e9s de unas semanas convulsas con Gabriela&hellip;\n","protected":false},"author":2,"featured_media":344957,"comment_status":"","ping_status":"","sticky":false,"template":"","format":"standard","meta":{"footnotes":""},"categories":[8],"tags":[17,18,25,24,13,14,11,19,20,9,10,15,16,23,12,21,22],"class_list":{"0":"post-344956","1":"post","2":"type-post","3":"status-publish","4":"format-standard","5":"has-post-thumbnail","7":"category-espana","8":"tag-breaking-news","9":"tag-breakingnews","10":"tag-es","11":"tag-espana","12":"tag-featured-news","13":"tag-featurednews","14":"tag-headlines","15":"tag-latest-news","16":"tag-latestnews","17":"tag-news","18":"tag-noticias","19":"tag-noticias-destacadas","20":"tag-noticiasdestacadas","21":"tag-spain","22":"tag-titulares","23":"tag-ultimas-noticias","24":"tag-ultimasnoticias"},"share_on_mastodon":{"url":"https:\/\/pubeurope.com\/@es\/115907804767762105","error":""},"_links":{"self":[{"href":"https:\/\/www.europesays.com\/es\/wp-json\/wp\/v2\/posts\/344956","targetHints":{"allow":["GET"]}}],"collection":[{"href":"https:\/\/www.europesays.com\/es\/wp-json\/wp\/v2\/posts"}],"about":[{"href":"https:\/\/www.europesays.com\/es\/wp-json\/wp\/v2\/types\/post"}],"author":[{"embeddable":true,"href":"https:\/\/www.europesays.com\/es\/wp-json\/wp\/v2\/users\/2"}],"replies":[{"embeddable":true,"href":"https:\/\/www.europesays.com\/es\/wp-json\/wp\/v2\/comments?post=344956"}],"version-history":[{"count":0,"href":"https:\/\/www.europesays.com\/es\/wp-json\/wp\/v2\/posts\/344956\/revisions"}],"wp:featuredmedia":[{"embeddable":true,"href":"https:\/\/www.europesays.com\/es\/wp-json\/wp\/v2\/media\/344957"}],"wp:attachment":[{"href":"https:\/\/www.europesays.com\/es\/wp-json\/wp\/v2\/media?parent=344956"}],"wp:term":[{"taxonomy":"category","embeddable":true,"href":"https:\/\/www.europesays.com\/es\/wp-json\/wp\/v2\/categories?post=344956"},{"taxonomy":"post_tag","embeddable":true,"href":"https:\/\/www.europesays.com\/es\/wp-json\/wp\/v2\/tags?post=344956"}],"curies":[{"name":"wp","href":"https:\/\/api.w.org\/{rel}","templated":true}]}}