{"id":344995,"date":"2026-01-17T02:03:12","date_gmt":"2026-01-17T02:03:12","guid":{"rendered":"https:\/\/www.europesays.com\/es\/344995\/"},"modified":"2026-01-17T02:03:12","modified_gmt":"2026-01-17T02:03:12","slug":"roberto-brasero-avisa-de-lo-que-llega-este-fin-de-semana-y-habla-de-nieve-nos-espera-un-cambio-de-patron","status":"publish","type":"post","link":"https:\/\/www.europesays.com\/es\/344995\/","title":{"rendered":"Roberto Brasero avisa de lo que llega este fin de semana y habla de nieve: \u00abNos espera un cambio de patr\u00f3n\u00bb"},"content":{"rendered":"<p class=\"v-mdl-ath__p v-mdl-ath__p--6\">\nViernes, 16 de enero 2026, 17:38<\/p>\n<p>| Actualizado 18:12h.<\/p>\n<p class=\"v-p\">Un fin de semana m\u00e1s toca mirar al cielo. Muchos de los planes para estos d\u00edas de descanso para mucha personas est\u00e1n condicionados al tiempo y el conocido meteor\u00f3logo <a href=\"https:\/\/www.lagacetadesalamanca.es\/nacional\/roberto-brasero-confirma-giro-radical-tiempo-frio-20260108092716-nt.html\" target=\"_blank\" data-voc-vtm-id=\"in-text-traffic\" title=\"Roberto Brasero\" rel=\"nofollow noopener\">Roberto Brasero<\/a> tiene la clave de la evoluci\u00f3n del frente fr\u00edo que est\u00e1 dejando lluvias en buena parte de la mitad norte, el oeste peninsular y zona centro. <\/p>\n<p class=\"v-p\">Brasero afirma que este frente provocar\u00e1 que <strong>nieve en las monta\u00f1as a partir de solo 1000 m<\/strong>, ya que ir\u00e1 bajando la cota y nevar\u00e1 de nuevo la cordillera cant\u00e1brica, donde ya lo ha hecho, as\u00ed como en el Sistema Central: <a href=\"https:\/\/www.lagacetadesalamanca.es\/nacional\/doce-provincias-aviso-ante-ciclogenesis-jueves-aemet-20260114183555-nt.html\" target=\"_blank\" data-voc-vtm-id=\"in-text-traffic\" title=\"sierras de Segovia y Madrid o en Sierra Nevada\" rel=\"nofollow noopener\">sierras de Segovia y Madrid o en Sierra Nevada<\/a>.<\/p>\n<p class=\"v-p\">La predicci\u00f3n del experto de Atresmedia avisa de que durante el s\u00e1bado este frente seguir\u00e1 avanzando y <strong>dejar\u00e1 tambi\u00e9n precipitaciones generalizadas<\/strong>, pero tender\u00e1n a menos con el transcurrir de las horas. <\/p>\n<p class=\"v-p\">Las temperaturas en descenso generalizado seguir\u00e1n bajando durante el domingo y adem\u00e1s el viento ser\u00e1 de norte, con lo que <strong>la sensaci\u00f3n de fr\u00edo volver\u00e1 a ser mayor<\/strong>. Pero el domingo cambia el patr\u00f3n meteorol\u00f3gico. <\/p>\n<p class=\"v-p\">Es probable que ese d\u00eda se forme una borrasca en el norte del Mediterr\u00e1neo alimentada con aire fr\u00edo de una peque\u00f1a Dana, que ir\u00e1 desembocando en un temporal durante los siguientes d\u00edas en algunas de provincias del este de Espa\u00f1a.<\/p>\n<p class=\"v-p\">La borrasca y el h\u00famedo flujo de levante ya podr\u00edan afectar con fuerza zonas de Catalu\u00f1a y Baleares, en forma de chubascos, y en Pirineos con <strong>una importante nevada<\/strong>. M\u00e1s d\u00e9bil ser\u00e1n las precipitaciones en el resto del noreste peninsular y poco probables en el resto de Espa\u00f1a, en un ambiente de domingo fr\u00edo, pero tambi\u00e9n con r<strong>atos de sol por el oeste de peninsular<\/strong>.<\/p>\n<p>Reporta un error<\/p>\n","protected":false},"excerpt":{"rendered":"Viernes, 16 de enero 2026, 17:38 | Actualizado 18:12h. Un fin de semana m\u00e1s toca mirar al cielo.&hellip;\n","protected":false},"author":2,"featured_media":344996,"comment_status":"","ping_status":"","sticky":false,"template":"","format":"standard","meta":{"footnotes":""},"categories":[8],"tags":[7994,19748,17,18,7556,25,24,4351,13,14,772,4596,11,19,20,5012,9,16248,10,15,16,19378,15613,773,23,12,21,22],"class_list":{"0":"post-344995","1":"post","2":"type-post","3":"status-publish","4":"format-standard","5":"has-post-thumbnail","7":"category-espana","8":"tag-avisa","9":"tag-brasero","10":"tag-breaking-news","11":"tag-breakingnews","12":"tag-cambio","13":"tag-es","14":"tag-espana","15":"tag-espera","16":"tag-featured-news","17":"tag-featurednews","18":"tag-fin","19":"tag-habla","20":"tag-headlines","21":"tag-latest-news","22":"tag-latestnews","23":"tag-llega","24":"tag-news","25":"tag-nieve","26":"tag-noticias","27":"tag-noticias-destacadas","28":"tag-noticiasdestacadas","29":"tag-patron","30":"tag-roberto","31":"tag-semana","32":"tag-spain","33":"tag-titulares","34":"tag-ultimas-noticias","35":"tag-ultimasnoticias"},"share_on_mastodon":{"url":"https:\/\/pubeurope.com\/@es\/115907985714422925","error":""},"_links":{"self":[{"href":"https:\/\/www.europesays.com\/es\/wp-json\/wp\/v2\/posts\/344995","targetHints":{"allow":["GET"]}}],"collection":[{"href":"https:\/\/www.europesays.com\/es\/wp-json\/wp\/v2\/posts"}],"about":[{"href":"https:\/\/www.europesays.com\/es\/wp-json\/wp\/v2\/types\/post"}],"author":[{"embeddable":true,"href":"https:\/\/www.europesays.com\/es\/wp-json\/wp\/v2\/users\/2"}],"replies":[{"embeddable":true,"href":"https:\/\/www.europesays.com\/es\/wp-json\/wp\/v2\/comments?post=344995"}],"version-history":[{"count":0,"href":"https:\/\/www.europesays.com\/es\/wp-json\/wp\/v2\/posts\/344995\/revisions"}],"wp:featuredmedia":[{"embeddable":true,"href":"https:\/\/www.europesays.com\/es\/wp-json\/wp\/v2\/media\/344996"}],"wp:attachment":[{"href":"https:\/\/www.europesays.com\/es\/wp-json\/wp\/v2\/media?parent=344995"}],"wp:term":[{"taxonomy":"category","embeddable":true,"href":"https:\/\/www.europesays.com\/es\/wp-json\/wp\/v2\/categories?post=344995"},{"taxonomy":"post_tag","embeddable":true,"href":"https:\/\/www.europesays.com\/es\/wp-json\/wp\/v2\/tags?post=344995"}],"curies":[{"name":"wp","href":"https:\/\/api.w.org\/{rel}","templated":true}]}}