{"id":345021,"date":"2026-01-17T02:28:26","date_gmt":"2026-01-17T02:28:26","guid":{"rendered":"https:\/\/www.europesays.com\/es\/345021\/"},"modified":"2026-01-17T02:28:26","modified_gmt":"2026-01-17T02:28:26","slug":"reunion-para-exigir-medidas-preventivas-que-eviten-desbordamientos","status":"publish","type":"post","link":"https:\/\/www.europesays.com\/es\/345021\/","title":{"rendered":"Reuni\u00f3n para exigir medidas preventivas que eviten desbordamientos"},"content":{"rendered":"<p>Los alcaldes de los municipios de San Roque, Jimena de la Frontera, San Mart\u00edn del Tesorillo y Casares, han mantenido en la ma\u00f1ana de este viernes una reuni\u00f3n en la que han decidido presentar, en cada uno de sus respectivos plenos municipales, una moci\u00f3n conjunta en la que se inste a la Junta de Andaluc\u00eda para que adopte las medidas necesarias destinadas a evitar los desbordamientos de los r\u00edos que provocaron las graves inundaciones del pasado 4 de enero.<\/p>\n<p>Entre las medidas, se solicitar\u00e1 la limpieza de los cauces de los r\u00edos, en concreto del Guadiaro y sus afluentes, Genal y Hozgarganta, que no se realiza desde hace m\u00e1s de 20 a\u00f1os, el arreglo de las zonas de las carreteras que se inundan y provocan el aislamiento de localidades como Jimena y Tesorillo, adem\u00e1s de solicitar una mejora en la comunicaci\u00f3n de la situaci\u00f3n de emergencia en tiempo real para lo que ser\u00eda necesario la instalaci\u00f3n de un medidor de caudal de los diferentes r\u00edos, el m\u00e1s pr\u00f3ximo est\u00e1 situado en Jubrique, junto a la petici\u00f3n de m\u00e1s medios y dotaciones de todo tipo para hacer frente a las posibles urgencias que se produzcan, entre ellas las ayudas econ\u00f3micas urgentes.<\/p>\n<p>Las inundaciones, provocadas por la borrasca Francis el pasado 4 de enero, han causado da\u00f1os por importe de 1,5 millones de euros en infraestructura p\u00fablica en Jimena y se contin\u00faan cuantificando las p\u00e9rdidas por los ciudadanos y agricultores en los cuatro municipios afectados.<\/p>\n<p>La iniciativa de esta acci\u00f3n conjunta proviene del alcalde accidental de San Roque, \u00d3scar Ledesma, que considera que es necesario solicitar medidas que eviten que se produzcan situaciones como las vividas recientemente, \u201cadem\u00e1s de la coordinaci\u00f3n en una emergencia se deben llevar a cabo actuaciones de prevenci\u00f3n de esa emergencia. Los episodios de fuertes lluvias cada vez son m\u00e1s habituales y vemos que no se adoptan soluciones posteriores, por lo que ante esta situaci\u00f3n y como todos los municipios que nos hemos dado cita aqu\u00ed tenemos los mismos problemas decidimos presentar una moci\u00f3n conjunta, solicitando limpieza de los cauces, encauzamiento de los r\u00edos y ayudas urgentes que palien los da\u00f1os causados.\u201d<\/p>\n<p>\u201cAqu\u00ed se han mencionado las cuencas del Guadiaro y del Genal, pero en San Roque contamos tambi\u00e9n con los problemas que causa el r\u00edo Guadarranque, especialmente con la barrera antinarcos y la falta de encauzamiento en la zona donde se producen los mayores da\u00f1os en la Estaci\u00f3n de San Roque\u201d ha a\u00f1adido Ledesma.<\/p>\n<p>Por su parte, el alcalde de Casares, Juan Luis Villal\u00f3n, ha destacado que en tan s\u00f3lo 9 meses hemos sufrido fuertes inundaciones por lo que es necesario, no solo la coordinaci\u00f3n de los municipios afectados si no tambi\u00e9n la responsabilidad de la administraci\u00f3n competente, la Junta de Andaluc\u00eda.<\/p>\n<p>\u201cEs necesario que la Junta adopte las medidas oportunas para la conservaci\u00f3n y mantenimiento de los cauces, as\u00ed como las consecuencias en comunicaciones ya que cuatro mill vecinos nos vimos aislados sin capacidad de reacci\u00f3n ante cualquier urgencia que se produjese, junto a la conectividad por internet que se interrumpi\u00f3 a\u00fan en la actualidad es deficiente por lo que nos vemos desamparados para dar respuesta a los vecinos ante estas situaciones\u201d ha se\u00f1alado Villal\u00f3n.<\/p>\n<p>En cuanto al alcalde de Jimena de la Frontera, Francisco G\u00f3mez, ha indicado que se ha solicitado la declaraci\u00f3n de zona catastr\u00f3fica para su municipio y \u201cque no se puede esperar continuamente a que la Junta de Andaluc\u00eda ejecute las promesas que hace, por lo que es necesario exponer ante la administraci\u00f3n auton\u00f3mica que ese fondo de emergencia es vital para paliar los da\u00f1os sufridos, no s\u00f3lo en las infraestructuras publicas sino tambi\u00e9n para los agricultores que han perdido cosechas y particulares con da\u00f1os en sus propiedades.\u201d<\/p>\n<p>Por su parte el alcalde de San Mart\u00edn del Tesorillo, Jes\u00fas Fern\u00e1ndez, ha resaltado que junto a Secadero se quedan aisladas por las inundaciones y que cuando se produce la situaci\u00f3n est\u00e1n todos los medios a disposici\u00f3n pero tras esas horas de emergencia no se contin\u00faa con medidas paliativas.<\/p>\n<p>\u201cEn el tema de carreteras venimos pidiendo el arreglo de estas v\u00edas, las dos de entrada y salida, que presentan varias zonas que se cortan en cuanto se producen inundaciones por lo que solicitamos que se realice un estudio que mejore las infraestructuras que evite este aislamiento\u201d ha se\u00f1alado Fern\u00e1ndez.<\/p>\n","protected":false},"excerpt":{"rendered":"Los alcaldes de los municipios de San Roque, Jimena de la Frontera, San Mart\u00edn del Tesorillo y Casares,&hellip;\n","protected":false},"author":2,"featured_media":345022,"comment_status":"","ping_status":"","sticky":false,"template":"","format":"standard","meta":{"footnotes":""},"categories":[5],"tags":[1250,17,18,2193,2191,25,24,13,14,2190,11,19,20,9,10,15,16,2186,2189,2185,2187,23,2192,12,2188,21,22],"class_list":{"0":"post-345021","1":"post","2":"type-post","3":"status-publish","4":"format-standard","5":"has-post-thumbnail","7":"category-titulares","8":"tag-ayuntamiento","9":"tag-breaking-news","10":"tag-breakingnews","11":"tag-cadiz","12":"tag-campamento","13":"tag-es","14":"tag-espana","15":"tag-featured-news","16":"tag-featurednews","17":"tag-guadiaro","18":"tag-headlines","19":"tag-latest-news","20":"tag-latestnews","21":"tag-news","22":"tag-noticias","23":"tag-noticias-destacadas","24":"tag-noticiasdestacadas","25":"tag-roque","26":"tag-san-enrique","27":"tag-san-roque","28":"tag-soto-grande","29":"tag-spain","30":"tag-taraguilla","31":"tag-titulares","32":"tag-torreguadiaro","33":"tag-ultimas-noticias","34":"tag-ultimasnoticias"},"share_on_mastodon":{"url":"https:\/\/pubeurope.com\/@es\/115908083903087267","error":""},"_links":{"self":[{"href":"https:\/\/www.europesays.com\/es\/wp-json\/wp\/v2\/posts\/345021","targetHints":{"allow":["GET"]}}],"collection":[{"href":"https:\/\/www.europesays.com\/es\/wp-json\/wp\/v2\/posts"}],"about":[{"href":"https:\/\/www.europesays.com\/es\/wp-json\/wp\/v2\/types\/post"}],"author":[{"embeddable":true,"href":"https:\/\/www.europesays.com\/es\/wp-json\/wp\/v2\/users\/2"}],"replies":[{"embeddable":true,"href":"https:\/\/www.europesays.com\/es\/wp-json\/wp\/v2\/comments?post=345021"}],"version-history":[{"count":0,"href":"https:\/\/www.europesays.com\/es\/wp-json\/wp\/v2\/posts\/345021\/revisions"}],"wp:featuredmedia":[{"embeddable":true,"href":"https:\/\/www.europesays.com\/es\/wp-json\/wp\/v2\/media\/345022"}],"wp:attachment":[{"href":"https:\/\/www.europesays.com\/es\/wp-json\/wp\/v2\/media?parent=345021"}],"wp:term":[{"taxonomy":"category","embeddable":true,"href":"https:\/\/www.europesays.com\/es\/wp-json\/wp\/v2\/categories?post=345021"},{"taxonomy":"post_tag","embeddable":true,"href":"https:\/\/www.europesays.com\/es\/wp-json\/wp\/v2\/tags?post=345021"}],"curies":[{"name":"wp","href":"https:\/\/api.w.org\/{rel}","templated":true}]}}