{"id":345040,"date":"2026-01-17T02:49:09","date_gmt":"2026-01-17T02:49:09","guid":{"rendered":"https:\/\/www.europesays.com\/es\/345040\/"},"modified":"2026-01-17T02:49:09","modified_gmt":"2026-01-17T02:49:09","slug":"trump-amenaza-a-la-ue-con-nuevos-aranceles-si-no-le-dan-groenlandia-expansion","status":"publish","type":"post","link":"https:\/\/www.europesays.com\/es\/345040\/","title":{"rendered":"Trump amenaza a la UE con nuevos aranceles si no le dan Groenlandia &#8211; Expansi\u00f3n"},"content":{"rendered":"<ol>\n<li><a href=\"https:\/\/news.google.com\/rss\/articles\/CBMigAFBVV95cUxNRGNjWTg2UFR2V0h3R0JrRzU1ZFVzN285UWV4M0luazFEZFozNjhkeXJtdzAtZlFCNklkVmNkRFJiaFM0Um5sQXJCYTJGZGtIX1F6dnJGa19FNTdwRE9fT21rV2pBVlNHT0hQam9hVmJiM1pwZU5BcEJILUFNZGh1dQ?oc=5\" target=\"_blank\" rel=\"nofollow noopener\">Trump amenaza a la UE con nuevos aranceles si no le dan Groenlandia<\/a>&nbsp;&nbsp;Expansi\u00f3n<\/li>\n<li><a href=\"https:\/\/news.google.com\/rss\/articles\/CBMigwFBVV95cUxPVEJXbG93OWN1dUVYNFJQU1M3Q1pfTTFWdHd3WnRtUk1nX2pPaDFmUXJHMDRwVTlNMC1jbnE4QUNybXc1S2pVck16Tmx4MjBKQVREd1VIQlZvMGpOelB0V1o5cEZETzR2RjZIRmloTEtzQ2dDWk5IeU5KcGlpNlBoODFESdIBgwFBVV95cUxQaEJQU3dVRTh4aG44SWRKazJ4S3VUSTNoN0tiY3k5WUp0d0JwQlhRbWZUQlRPMnBPbTBBUjlPdXY3RlRPalBBeFVscDNsd0dEdXljaDBpUl9XcVpfVGhqRThZaUFzNklXMmRfOE9YaGUwMHlzTm5fS2I1YUdKUUVZNGNONA?oc=5\" target=\"_blank\" rel=\"nofollow noopener\">Congresistas de EEUU afirman en Dinamarca que se enfrentar\u00e1n a Donald Trump<\/a>&nbsp;&nbsp;El Mundo<\/li>\n<li><a href=\"https:\/\/news.google.com\/rss\/articles\/CBMiqgFBVV95cUxNTGZVZVF1Tzg5QzlSdTRUUGJTSzBFcUNQUnlyTE54R0g4azBHcHpoMFc3bWxZM3JGZS1tcjFXT1pwYU1ySmpLUEN3OWtONEI4T0t6WG1rQ3VNTlNkNU9OdW10LURrSFkyaFpQY3lDUzVVck9WYU5RbDRjSU9TUTFRM0FkcWwwUnlVTkxYUGl6MFBlZzJNdzBMemQ1UGp5OGxMOS0zbklsdjliQQ?oc=5\" target=\"_blank\" rel=\"nofollow noopener\">Trump amenaza con aranceles a los pa\u00edses europeos en su asalto a Groenlandia<\/a>&nbsp;&nbsp;elDiario.es<\/li>\n<li><a href=\"https:\/\/news.google.com\/rss\/articles\/CBMi-gFBVV95cUxOT2ptaUJ4eHVnMjBrdVZxR21vTWNKRkMweUxXeEU2MUJudFh0UlZTdkMweFBYM29EVHY3SGJSMUtfdThFYTl4cDRHZTlhSXo0bjNiNFVXd0dLSll3NVJCSVFtazNvbUc0c2ZjLW9ZbmsxWGtLcHNPeERtSVVVT044ZjNvaUs5RU8xaE1ZUDlSREtlS01lSmlCT2NfYXJLVHNTX0hZNHZ4M1ZvY0k1Ylk4Z19wZ3AyZ0FHcFFwSHpHSU1peGNOckZ4VVRXUzVVWERuZ0hZSXY3enNxS053dTNISml4ZVRzOWF3LVQ5TE5VU2M5RktXTEF5ZzJn0gH6AUFVX3lxTE1tcW1PaEt1MGtFa2hJd2ZnS3Z1V0hUY3BXb0U2SFZVaDJ2RkIwSmlVTnpxLXVPa2EzSHVucVNndUtNcUVJQ2xuRUZZdkkyUGNSMEFVMmpteEdTb0hvenpwb2ZXUW9keWVjMGNhdmNuQ2xnQU5MNV80Mkc0NXlnWW10eEJPLURVeWN6Rlc0NkhuSXVtdmduLVBJNUNIM29TelZhLWRNM3FobXhFMnVLd2dQQ1pjRmFmMFAzT011Zlk3d2hESVQwOVN6a1J2WndURUQ4WVl1YmJGN2lHZDVMWmFOVEt4clBORzZxVVRpUXlIdDd6aV84RUVFYmc?oc=5\" target=\"_blank\" rel=\"nofollow noopener\">La econom\u00eda como arma por Groenlandia: la UE golpea a Trump donde m\u00e1s le duele y \u00e9l amenaza con m\u00e1s aranceles<\/a>&nbsp;&nbsp;LaSexta<\/li>\n<li><a href=\"https:\/\/news.google.com\/rss\/articles\/CBMi6AFBVV95cUxQOG9jRjBOQllTSElZbTktYjNXckpvNFlhT2duZTBlTkt0S3gyMlJmYnBHQ0FPYjRUWUJfeWMwTmRTSW9qOC1jWXdNOU9xLS1zeEpKajZBalZTQllRUXZEZG0xaURGQ0tzcklucjNzU043MGRvcjhIOWhnWENCWi0xUXp4NlhOWGttaVE5eE9IaUdhNGhTTlRPUzhNdENsRG1FaF9PdEpXekFORWs5d29UXzVsdWFiWEhOV2V1Qjl6YTFCcHVMbXBHLXVsS2tuRUJCbTl2ME5ScFhsdUI2TFdJSC1ucy1EYml2?oc=5\" target=\"_blank\" rel=\"nofollow noopener\">\u00bfSer\u00eda buen negocio comprar Groenlandia? El h\u00e1ndicap de la pol\u00e9mica oferta de Donald Trump<\/a>&nbsp;&nbsp;Libertad Digital<\/li>\n<\/ol>\n","protected":false},"excerpt":{"rendered":"Trump amenaza a la UE con nuevos aranceles si no le dan Groenlandia&nbsp;&nbsp;Expansi\u00f3n Congresistas de EEUU afirman en&hellip;\n","protected":false},"author":2,"featured_media":345041,"comment_status":"","ping_status":"","sticky":false,"template":"","format":"standard","meta":{"footnotes":""},"categories":[42],"tags":[17,18,95,13,14,11,61,62,63,64,19,20,9,10,15,16,12,21,22,65,66,67],"class_list":{"0":"post-345040","1":"post","2":"type-post","3":"status-publish","4":"format-standard","5":"has-post-thumbnail","7":"category-internacional","8":"tag-breaking-news","9":"tag-breakingnews","10":"tag-economia","11":"tag-featured-news","12":"tag-featurednews","13":"tag-headlines","14":"tag-internacional","15":"tag-international","16":"tag-international-news","17":"tag-internationalnews","18":"tag-latest-news","19":"tag-latestnews","20":"tag-news","21":"tag-noticias","22":"tag-noticias-destacadas","23":"tag-noticiasdestacadas","24":"tag-titulares","25":"tag-ultimas-noticias","26":"tag-ultimasnoticias","27":"tag-world","28":"tag-world-news","29":"tag-worldnews"},"share_on_mastodon":{"url":"https:\/\/pubeurope.com\/@es\/115908166836123807","error":""},"_links":{"self":[{"href":"https:\/\/www.europesays.com\/es\/wp-json\/wp\/v2\/posts\/345040","targetHints":{"allow":["GET"]}}],"collection":[{"href":"https:\/\/www.europesays.com\/es\/wp-json\/wp\/v2\/posts"}],"about":[{"href":"https:\/\/www.europesays.com\/es\/wp-json\/wp\/v2\/types\/post"}],"author":[{"embeddable":true,"href":"https:\/\/www.europesays.com\/es\/wp-json\/wp\/v2\/users\/2"}],"replies":[{"embeddable":true,"href":"https:\/\/www.europesays.com\/es\/wp-json\/wp\/v2\/comments?post=345040"}],"version-history":[{"count":0,"href":"https:\/\/www.europesays.com\/es\/wp-json\/wp\/v2\/posts\/345040\/revisions"}],"wp:featuredmedia":[{"embeddable":true,"href":"https:\/\/www.europesays.com\/es\/wp-json\/wp\/v2\/media\/345041"}],"wp:attachment":[{"href":"https:\/\/www.europesays.com\/es\/wp-json\/wp\/v2\/media?parent=345040"}],"wp:term":[{"taxonomy":"category","embeddable":true,"href":"https:\/\/www.europesays.com\/es\/wp-json\/wp\/v2\/categories?post=345040"},{"taxonomy":"post_tag","embeddable":true,"href":"https:\/\/www.europesays.com\/es\/wp-json\/wp\/v2\/tags?post=345040"}],"curies":[{"name":"wp","href":"https:\/\/api.w.org\/{rel}","templated":true}]}}