{"id":345062,"date":"2026-01-17T03:08:13","date_gmt":"2026-01-17T03:08:13","guid":{"rendered":"https:\/\/www.europesays.com\/es\/345062\/"},"modified":"2026-01-17T03:08:13","modified_gmt":"2026-01-17T03:08:13","slug":"agresiones-apatia-y-problemas-de-sueno-complican-la-atencion-a-la-demencia-en-los-hospitales","status":"publish","type":"post","link":"https:\/\/www.europesays.com\/es\/345062\/","title":{"rendered":"agresiones, apat\u00eda y problemas de sue\u00f1o complican la atenci\u00f3n a la demencia en los hospitales"},"content":{"rendered":"<p>El 60% de los<a rel=\"nofollow noopener\" href=\"https:\/\/www.gacetadesalud.com\/investigacion-gs\/noticias\/13720833\/01\/26\/la-proteina-que-explica-por-que-el-alzheimer-afecta-mas-a-las-mujeres.html\" title=\"La prote\u00edna que explica por qu\u00e9 el Alzheimer afecta m\u00e1s a las mujeres\" target=\"_blank\">pacientes mayores con demencia<\/a> ingresados en hospitales de agudos <b>experimentan uno o m\u00e1s s\u00edntomas conductuales de demencia (SCPD)<\/b>, incluyendo agresi\u00f3n, problemas de sue\u00f1o, problemas de alimentaci\u00f3n e irritabilidad. As\u00ed lo concluye una revisi\u00f3n publicada en la revista Age and Ageing.<\/p>\n<p>Los s\u00edntomas conductuales y psicol\u00f3gicos de la demencia (SCPD) son una caracter\u00edstica com\u00fan en el curso de la demencia, <b>afectando hasta al 90% de los individuos<\/b>. Estos s\u00edntomas, que incluyen depresi\u00f3n, ansiedad, apat\u00eda, euforia, irritabilidad, agresi\u00f3n, psicosis (como alucinaciones y delirios), comportamientos motores anormales y problemas de alimentaci\u00f3n, generan angustia significativa para la persona con demencia, sus cuidadores familiares y los profesionales sanitarios.<\/p>\n<p>Su presencia se asocia, adem\u00e1s, con <b>peores resultados de atenci\u00f3n<\/b>, como hospitalizaciones prolongadas, un uso inapropiado de medicamentos y un aumento considerable en los costes de la atenci\u00f3n sanitaria. Por ello, los autores del art\u00edculo enfatizan la necesidad urgente de implementar enfoques de manejo de s\u00edntomas adaptados, mejorar la formaci\u00f3n del personal, optimizar la comunicaci\u00f3n con los cuidadores, as\u00ed como <b>priorizar la utilizaci\u00f3n de intervenciones psicol\u00f3gicas<\/b>, que constituyen la primera l\u00ednea en el abordaje de los SCPD, frente al uso de f\u00e1rmacos que conllevan efectos adversos.<\/p>\n<p>Tal y como explican los autores, <b>el manejo de los SCPD se vuelve particularmente desafiante<\/b> en los hospitales de agudos debido al ritmo acelerado de trabajo, la limitaci\u00f3n de personal y las rutinas de cuidado r\u00edgidas, que a menudo impiden una implementaci\u00f3n sistem\u00e1tica y un monitoreo eficaz del manejo de los SCPD.<\/p>\n<p>Adem\u00e1s, las condiciones m\u00e9dicas agudas, especialmente el delirio, pueden desencadenar, empeorar o solaparse con los SCPD, complicando a\u00fan m\u00e1s el diagn\u00f3stico y el tratamiento. A pesar de que los pacientes con demencia hospitalizados tienen un mayor riesgo de desarrollar SCPD y sufrir sus consecuencias negativas, <b>estos s\u00edntomas a menudo pasan desapercibidos en la pr\u00e1ctica cl\u00ednica<\/b>, seg\u00fan advierten los autores. La evaluaci\u00f3n temprana y precisa de los SCPD en este contexto es, por tanto, fundamental para su reconocimiento, manejo adecuado y seguimiento.<\/p>\n<p>Hist\u00f3ricamente, las revisiones existentes se hab\u00edan centrado en entornos comunitarios o mixtos. Por ello, este estudio representa <b>la primera revisi\u00f3n sistem\u00e1tica y metaan\u00e1lisis<\/b> en abordar espec\u00edficamente la prevalencia de los SCPD en personas con demencia dentro de entornos hospitalarios de agudos, as\u00ed como sus factores de riesgo, tratamientos y resultados.<\/p>\n<p>El estudio, que <b>incluy\u00f3 a 109.805 pacientes mayores<\/b> (con un rango de 42 a 53.156 pacientes por estudio) con demencia hospitalizados en agudos, revel\u00f3 datos cruciales sobre los SCPD.<\/p>\n<p>El metaan\u00e1lisis confirm\u00f3 <b>una prevalencia combinada del 60% para uno o m\u00e1s SCPD<\/b>. Es decir, el 60% de los pacientes mayores con demencia hospitalizados en entornos de cuidados agudos presentan uno o m\u00e1s s\u00edntomas conductuales y psicol\u00f3gicos de la demencia, si bien esta prevalencia vari\u00f3 entre los estudios individuales, oscilando entre el 8% y el 95%.<\/p>\n<p>S\u00edntomas individuales m\u00e1s comunes<\/p>\n<p>As\u00ed, los SCPD m\u00e1s frecuentemente observados fueron<\/p>\n<ul>&#13;<\/p>\n<li>Agresi\u00f3n\/agitaci\u00f3n (39%)<\/li>\n<p>&#13;\n<\/ul>\n<ul>&#13;<\/p>\n<li>Problemas de sue\u00f1o (38%)<\/li>\n<p>&#13;\n<\/ul>\n<ul>&#13;<\/p>\n<li>Problemas de alimentaci\u00f3n (36%)<\/li>\n<p>&#13;\n<\/ul>\n<p>Otros s\u00edntomas prevalentes incluyeron <b>ansiedad (29%), depresi\u00f3n (28%) y apat\u00eda (27%)<\/b>. Los s\u00edntomas psic\u00f3ticos, como los delirios (24%) afectaron a aproximadamente uno de cada cinco pacientes, mientras que las alucinaciones a 16% de los casos.<\/p>\n<p>Factores de riesgo identificados<\/p>\n<p>Por otro lado, diversos factores se asociaron con un mayor riesgo de desarrollar SCPD en el hospital:<\/p>\n<ul>&#13;<\/p>\n<li>Sexo masculino y raza blanca.<\/li>\n<p>&#13;\n<\/ul>\n<ul>&#13;<\/p>\n<li>Traslado desde centros de atenci\u00f3n residencial.<\/li>\n<p>&#13;\n<\/ul>\n<ul>&#13;<\/p>\n<li>Admisiones urgentes (especialmente por agitaci\u00f3n).<\/li>\n<p>&#13;\n<\/ul>\n<ul>&#13;<\/p>\n<li>Mayor gravedad del deterioro cognitivo.<\/li>\n<p>&#13;\n<\/ul>\n<ul>&#13;<\/p>\n<li>Coexistencia con delirio.<\/li>\n<p>&#13;\n<\/ul>\n<ul>&#13;<\/p>\n<li>Dolor no manejado (puede causar o exacerbar los SCPD, particularmente agitaci\u00f3n y agresi\u00f3n).<\/li>\n<p>&#13;\n<\/ul>\n<ul>&#13;<\/p>\n<li>Mala calidad de las interacciones entre el personal hospitalario y los pacientes.<\/li>\n<p>&#13;\n<\/ul>\n<p>Tratamientos y resultados adversos<\/p>\n<p>Seg\u00fan la revisi\u00f3n realizada por los autores, los pacientes con SCPD en el hospital a menudo <b>experimentan resultados negativos<\/b> y un manejo sub\u00f3ptimo.<\/p>\n<p>Este fen\u00f3meno implica una mayor probabilidad de <b>recibir intervenciones agresivas o inc\u00f3modas<\/b>, como cat\u00e9teres vesicales, alarmas de cama, ventilaci\u00f3n mec\u00e1nica invasiva y contenciones f\u00edsicas. Estas medidas pueden, inadvertidamente, exacerbar o empeorar los SCPD y causar complicaciones, advierten los autores.<\/p>\n<p><b>Solo aproximadamente la mitad de los pacientes<\/b> recibieron tratamientos no farmacol\u00f3gicos, que son recomendados como primera l\u00ednea de intervenci\u00f3n, debido a limitaciones de espacio, recursos y personal.<\/p>\n<p>Una proporci\u00f3n significativa de pacientes fue <b>tratada con psicof\u00e1rmacos (antipsic\u00f3ticos, ansiol\u00edticos, hipn\u00f3ticos y antidepresivos)<\/b>, a pesar de los riesgos de eventos adversos, incluida una mayor mortalidad, tal y como se\u00f1alan los autores. Los SCPD se vincularon con una <b>estancia hospitalaria m\u00e1s larga<\/b> y una mayor probabilidad de institucionalizaci\u00f3n tras el alta.<\/p>\n<p><b>La comunicaci\u00f3n deficiente en el alta hospitalaria<\/b> sobre los SCPD y los planes de cuidado fue un problema recurrente, contribuyendo a reingresos hospitalarios frecuentes y admisiones de emergencia.<\/p>\n<p>Seg\u00fan el estudio, <b>el problema es m\u00e1s grave en los hospitales<\/b>. Esto puede deberse a que los pacientes con s\u00edntomas m\u00e1s activos y menos cooperativos a menudo requieren hospitalizaci\u00f3n para aliviar la carga del cuidador y estabilizar las condiciones f\u00edsicas. Sin embargo, los s\u00edntomas menos \u00abactivos\u00bb como la apat\u00eda o la depresi\u00f3n pueden pasar desapercibidos en el ajetreo hospitalario, puesto que no siempre se perciben como disruptivos o angustiantes para el personal.<\/p>\n<p>Asimismo, <b>la frecuente coexistencia de delirio y SCPD<\/b>, junto con la inconsistencia en su evaluaci\u00f3n, sigue siendo un \u00e1rea compleja que requiere monitoreo cl\u00ednico cercano para una gesti\u00f3n \u00f3ptima, tal y como advierten los autores.<\/p>\n<p>Los contenidos publicados en Gaceta de Salud han sido elaborados con afirmaciones, datos y declaraciones procedentes de instituciones oficiales y profesionales sanitarios recogidas por un grupo de periodistas especializados en el sector. Recomendamos al lector consultar cualquier duda relacionada con la salud ante un profesional del \u00e1mbito sanitario.<\/p>\n","protected":false},"excerpt":{"rendered":"El 60% de lospacientes mayores con demencia ingresados en hospitales de agudos experimentan uno o m\u00e1s s\u00edntomas conductuales&hellip;\n","protected":false},"author":2,"featured_media":345063,"comment_status":"","ping_status":"","sticky":false,"template":"","format":"standard","meta":{"footnotes":""},"categories":[92],"tags":[517,25,24,165,681,10,76962,16600,166,1811,23],"class_list":{"0":"post-345062","1":"post","2":"type-post","3":"status-publish","4":"format-standard","5":"has-post-thumbnail","7":"category-salud","8":"tag-actualidad","9":"tag-es","10":"tag-espana","11":"tag-health","12":"tag-medicina","13":"tag-noticias","14":"tag-noticias-de-salud","15":"tag-profesionales","16":"tag-salud","17":"tag-sanidad","18":"tag-spain"},"share_on_mastodon":{"url":"https:\/\/pubeurope.com\/@es\/115908241204994851","error":""},"_links":{"self":[{"href":"https:\/\/www.europesays.com\/es\/wp-json\/wp\/v2\/posts\/345062","targetHints":{"allow":["GET"]}}],"collection":[{"href":"https:\/\/www.europesays.com\/es\/wp-json\/wp\/v2\/posts"}],"about":[{"href":"https:\/\/www.europesays.com\/es\/wp-json\/wp\/v2\/types\/post"}],"author":[{"embeddable":true,"href":"https:\/\/www.europesays.com\/es\/wp-json\/wp\/v2\/users\/2"}],"replies":[{"embeddable":true,"href":"https:\/\/www.europesays.com\/es\/wp-json\/wp\/v2\/comments?post=345062"}],"version-history":[{"count":0,"href":"https:\/\/www.europesays.com\/es\/wp-json\/wp\/v2\/posts\/345062\/revisions"}],"wp:featuredmedia":[{"embeddable":true,"href":"https:\/\/www.europesays.com\/es\/wp-json\/wp\/v2\/media\/345063"}],"wp:attachment":[{"href":"https:\/\/www.europesays.com\/es\/wp-json\/wp\/v2\/media?parent=345062"}],"wp:term":[{"taxonomy":"category","embeddable":true,"href":"https:\/\/www.europesays.com\/es\/wp-json\/wp\/v2\/categories?post=345062"},{"taxonomy":"post_tag","embeddable":true,"href":"https:\/\/www.europesays.com\/es\/wp-json\/wp\/v2\/tags?post=345062"}],"curies":[{"name":"wp","href":"https:\/\/api.w.org\/{rel}","templated":true}]}}