{"id":345066,"date":"2026-01-17T03:12:12","date_gmt":"2026-01-17T03:12:12","guid":{"rendered":"https:\/\/www.europesays.com\/es\/345066\/"},"modified":"2026-01-17T03:12:12","modified_gmt":"2026-01-17T03:12:12","slug":"eeuu-inicio-el-traslado-de-activos-aereos-terrestres-y-navales-a-medio-oriente-en-medio-de-la-tension-regional-por-la-crisis-en-iran","status":"publish","type":"post","link":"https:\/\/www.europesays.com\/es\/345066\/","title":{"rendered":"EEUU inici\u00f3 el traslado de activos a\u00e9reos, terrestres y navales a Medio Oriente en medio de la tensi\u00f3n regional por la crisis en Ir\u00e1n"},"content":{"rendered":"<p><img alt=\"El USS Abraham Lincoln (CVN-72),\" class=\"global-image\" decoding=\"async\" fetchpriority=\"high\" height=\"2378\" loading=\"eager\" src=\"https:\/\/www.europesays.com\/es\/wp-content\/uploads\/2026\/01\/YT7CN6TRJZHJPJ7FEYLFN4QIBI.JPG\" width=\"3566\"\/>El USS Abraham Lincoln (CVN-72), un portaaviones nuclear de clase Nimitz (REUTERS\/Mike Blake)<\/p>\n<p class=\"paragraph\">En medio de las protestas en <b>Ir\u00e1n<\/b>, el apag\u00f3n de internet y la represi\u00f3n comandada por las autoridades del r\u00e9gimen que dej\u00f3 a m\u00e1s de 3400 muertos, <b>Estados Unidos<\/b> envi\u00f3 al menos <b>un portaaviones <\/b>que ya se est\u00e1 trasladando en direcci\u00f3n hacia <b>Medio Oriente<\/b>.<\/p>\n<p class=\"paragraph\">Seg\u00fan inform\u00f3 New York Times, por medio de dos funcionarios estadounidenses bajo condici\u00f3n de anonimato, el portaaviones <b>USS Abraham Lincoln<\/b> y varios buques de escolta navegaban hacia la regi\u00f3n desde el mar de China Meridional, en un trayecto que durar\u00e1 aproximadamente una semana.<\/p>\n<p class=\"paragraph\">Adem\u00e1s, se prev\u00e9 la llegada a la zona de <b>una serie de aviones de guerra<\/b>, probablemente una combinaci\u00f3n de <b>cazas, aviones de ataque y aviones de reabastecimiento<\/b>, muchos procedentes de Europa. Algunos de estos aparatos reemplazar\u00e1n a unidades ya desplegadas en Oriente Medio y sus misiones podr\u00edan extenderse en funci\u00f3n del desarrollo de las tensiones con Ir\u00e1n.<\/p>\n<p class=\"paragraph\">Ante posibles represalias del r\u00e9gimen por un eventual operativo estadounidense, el Pent\u00e1gono tambi\u00e9n est\u00e1 <b>reforzando la defensa a\u00e9rea<\/b> en Medio Oriente, especialmente en la <b>base a\u00e9rea Al Udeid en Qatar<\/b>, mediante el env\u00edo de m\u00e1s misiles interceptores y sistemas de protecci\u00f3n para las bases estadounidenses.<\/p>\n<p><img alt=\"Las protestas contra el r\u00e9gimen\" class=\"global-image\" decoding=\"async\" fetchpriority=\"low\" height=\"1080\" loading=\"lazy\" src=\"https:\/\/www.europesays.com\/es\/wp-content\/uploads\/2026\/01\/JNSVOM45LJB63NTTBBU7JIARAA.jpg\" width=\"1920\"\/>Las protestas contra el r\u00e9gimen iran\u00ed contin\u00faan en Teher\u00e1n<\/p>\n<p class=\"paragraph\">Por otra parte, seg\u00fan confirmaron fuentes militares a Fox News, <b>activos estadounidenses a\u00e9reos, terrestres y navales<\/b> llegar\u00e1n a la zona en los pr\u00f3ximos d\u00edas y semanas para proporcionar al presidente <b>Donald Trump<\/b> diferentes opciones militares en caso de que decida llevar a cabo operaciones contra el r\u00e9gimen ayatol\u00e1.<\/p>\n<p class=\"paragraph\">Hasta el momento, la cadena de noticias no precis\u00f3 si se trata del <b>USS Abraham Lincoln<\/b>, que actualmente estar\u00eda operando en el mar de China Meridional, o de uno de los dos portaaviones que partieron de <b>Norfolk<\/b> y <b>San Diego<\/b> a principios de esta semana. Se prev\u00e9 que el tr\u00e1nsito hacia la regi\u00f3n dure al menos una semana.<\/p>\n<p class=\"paragraph\">A su vez, una fuente del medio estadounidense indic\u00f3 que, si el presidente opta por una acci\u00f3n militar, \u201cesto ser\u00e1 diferente, m\u00e1s ofensivo\u201d a comparaci\u00f3n de la operaci\u00f3n que llevaron adelante fuerzas estadounidenses en Caracas para capturar al ex dictador <b>Nicol\u00e1s Maduro<\/b>.<\/p>\n<p class=\"paragraph\">Actualmente, seg\u00fan indicaron funcionarios estadounidenses a Fox News, hay unos 30.000 soldados asignados a la regi\u00f3n del <b>Comando Central de EEUU <\/b>(CENTCOM), el cual opera en la regi\u00f3n de Medio Oriente. Por otra parte, no hay portaaviones ni grupos de ataque de portaaviones estadounidenses operando en el \u00e1rea del CENTCOM.<\/p>\n<p class=\"paragraph\">La presencia naval de Estados Unidos en la regi\u00f3n incluye <b>tres destructores<\/b> y <b>tres Buques de Combate Litoral<\/b>. En el resto del mundo, tres portaaviones estadounidenses est\u00e1n desplegados en otros lugares: el <b>USS George Washington<\/b> en Yokosuka, Jap\u00f3n; el <b>USS Abraham Lincoln<\/b> en la zona de <b>INDOPACOM<\/b>; y el <b>USS Gerald R. Ford<\/b> en la zona del Mar Caribe.<\/p>\n<p><img alt=\"El teniente Craig Darling, de\" class=\"global-image\" decoding=\"async\" fetchpriority=\"low\" height=\"2093\" loading=\"lazy\" src=\"https:\/\/www.europesays.com\/es\/wp-content\/uploads\/2026\/01\/E6OB6ZL76E43BYGAUOSACYL6QM.jpg\" width=\"3140\"\/>El teniente Craig Darling, de Johnstown, Nueva York, asignado al Escuadr\u00f3n de Comando y Control A\u00e9reo (VAW) 117, observa mientras un E-2D Hawkeye se prepara para realizar un aterrizaje y despegue en la cubierta de vuelo del portaaviones de clase Nimitz USS Abraham Lincoln (CVN 72) (REUTERS\/Archivo)<\/p>\n<p class=\"paragraph\">Cabe mencionar que, mientras el inquilino de la Casa Blanca consideraba una posible suspensi\u00f3n de la inminente operaci\u00f3n militar contra el r\u00e9gimen iran\u00ed, el <b>Pent\u00e1gono<\/b>, liderado por el secretario de Guerra Pete Hegseth, utiliz\u00f3 la pausa para <b>enviar armamento y equipo defensivo adicional a la regi\u00f3n<\/b>.<\/p>\n<p class=\"paragraph\">En paralelo, el embajador de <b>Estados Unidos<\/b> ante la ONU, <b>Mike Waltz<\/b>, afirm\u00f3 el jueves ante el <b>Consejo de Seguridad<\/b> que \u201c<b>todas las opciones est\u00e1n sobre la mesa<\/b>\u201d para \u201c<b>detener la masacre<\/b>\u201d en Ir\u00e1n.<\/p>\n<p class=\"paragraph\">Waltz destac\u00f3 que el presidente estadounidense \u201ces un hombre de acci\u00f3n, no de interminables palabras como las que escuchamos en las Naciones Unidas\u201d, y subray\u00f3 que Trump \u201cdej\u00f3 claro que todas las opciones est\u00e1n sobre la mesa para detener la masacre, y nadie deber\u00eda entenderlo mejor que los l\u00edderes del r\u00e9gimen iran\u00ed\u201d.<\/p>\n<p class=\"paragraph\">El diplom\u00e1tico estadounidense denunci\u00f3 que, pese a que la rep\u00fablica isl\u00e1mica afirma estar dispuesto a dialogar, \u201csus acciones demuestran lo contrario\u201d. Acus\u00f3 al r\u00e9gimen de <b>Teher\u00e1n<\/b> de gobernar \u201cmediante la represi\u00f3n, la violencia y la intimidaci\u00f3n\u201d, y de haber \u201cdesestabilizado\u201d Oriente Medio durante d\u00e9cadas.<\/p>\n<p><img alt=\"El embajador de Estados Unidos\" class=\"global-image\" decoding=\"async\" fetchpriority=\"low\" height=\"1141\" loading=\"lazy\" src=\"https:\/\/www.europesays.com\/es\/wp-content\/uploads\/2026\/01\/EC6ASSLM3NDIPD2ORLQTC4PW6Q.JPG\" width=\"1712\"\/>El embajador de Estados Unidos ante las Naciones Unidas, Mike Waltz, asiste a una reuni\u00f3n del Consejo de Seguridad de la ONU ( REUTERS\/Brendan McDermid)<\/p>\n<p class=\"paragraph\">Waltz inst\u00f3 a la comunidad internacional a respaldar a la poblaci\u00f3n iran\u00ed y a poner fin al \u201cabandono y la opresi\u00f3n\u201d que, seg\u00fan dijo, afecta al pa\u00eds. \u201cYa es suficiente. Todos tenemos la responsabilidad de apoyar al pueblo iran\u00ed y poner fin al abandono y la opresi\u00f3n que sufre el pa\u00eds a manos de su r\u00e9gimen\u201d, afirm\u00f3.<\/p>\n<p class=\"paragraph\">Durante su intervenci\u00f3n, Waltz reiter\u00f3 que <b>Trump apoya \u201cal valiente pueblo de Ir\u00e1n\u201d<\/b> y asegur\u00f3 que el r\u00e9gimen ser\u00e1 responsabilizado por \u201cla miseria econ\u00f3mica del pueblo iran\u00ed y la represi\u00f3n de su libertad\u201d.<\/p>\n","protected":false},"excerpt":{"rendered":"El USS Abraham Lincoln (CVN-72), un portaaviones nuclear de clase Nimitz (REUTERS\/Mike Blake) En medio de las protestas&hellip;\n","protected":false},"author":2,"featured_media":345067,"comment_status":"","ping_status":"","sticky":false,"template":"","format":"standard","meta":{"footnotes":""},"categories":[42],"tags":[17,18,16178,13,14,5638,11,61,62,63,64,19,20,9,3119,10,15,16,24245,12,21,22,65,66,67],"class_list":{"0":"post-345066","1":"post","2":"type-post","3":"status-publish","4":"format-standard","5":"has-post-thumbnail","7":"category-internacional","8":"tag-breaking-news","9":"tag-breakingnews","10":"tag-defense","11":"tag-featured-news","12":"tag-featurednews","13":"tag-government-politics","14":"tag-headlines","15":"tag-internacional","16":"tag-international","17":"tag-international-news","18":"tag-internationalnews","19":"tag-latest-news","20":"tag-latestnews","21":"tag-news","22":"tag-north-america","23":"tag-noticias","24":"tag-noticias-destacadas","25":"tag-noticiasdestacadas","26":"tag-san-diego","27":"tag-titulares","28":"tag-ultimas-noticias","29":"tag-ultimasnoticias","30":"tag-world","31":"tag-world-news","32":"tag-worldnews"},"share_on_mastodon":{"url":"https:\/\/pubeurope.com\/@es\/115908257060842822","error":""},"_links":{"self":[{"href":"https:\/\/www.europesays.com\/es\/wp-json\/wp\/v2\/posts\/345066","targetHints":{"allow":["GET"]}}],"collection":[{"href":"https:\/\/www.europesays.com\/es\/wp-json\/wp\/v2\/posts"}],"about":[{"href":"https:\/\/www.europesays.com\/es\/wp-json\/wp\/v2\/types\/post"}],"author":[{"embeddable":true,"href":"https:\/\/www.europesays.com\/es\/wp-json\/wp\/v2\/users\/2"}],"replies":[{"embeddable":true,"href":"https:\/\/www.europesays.com\/es\/wp-json\/wp\/v2\/comments?post=345066"}],"version-history":[{"count":0,"href":"https:\/\/www.europesays.com\/es\/wp-json\/wp\/v2\/posts\/345066\/revisions"}],"wp:featuredmedia":[{"embeddable":true,"href":"https:\/\/www.europesays.com\/es\/wp-json\/wp\/v2\/media\/345067"}],"wp:attachment":[{"href":"https:\/\/www.europesays.com\/es\/wp-json\/wp\/v2\/media?parent=345066"}],"wp:term":[{"taxonomy":"category","embeddable":true,"href":"https:\/\/www.europesays.com\/es\/wp-json\/wp\/v2\/categories?post=345066"},{"taxonomy":"post_tag","embeddable":true,"href":"https:\/\/www.europesays.com\/es\/wp-json\/wp\/v2\/tags?post=345066"}],"curies":[{"name":"wp","href":"https:\/\/api.w.org\/{rel}","templated":true}]}}