{"id":345111,"date":"2026-01-17T03:58:08","date_gmt":"2026-01-17T03:58:08","guid":{"rendered":"https:\/\/www.europesays.com\/es\/345111\/"},"modified":"2026-01-17T03:58:08","modified_gmt":"2026-01-17T03:58:08","slug":"estados-unidos-advierte-al-sector-aereo-en-el-pacifico-mexicano-ante-operaciones-militares","status":"publish","type":"post","link":"https:\/\/www.europesays.com\/es\/345111\/","title":{"rendered":"Estados Unidos advierte al sector a\u00e9reo en el Pac\u00edfico mexicano ante \u201coperaciones militares\u201d"},"content":{"rendered":"<p class=\"\">La Administraci\u00f3n Federal de Aviaci\u00f3n (FAA, por sus siglas en ingl\u00e9s) de Estados Unidos ha lanzado este viernes una alerta al sector a\u00e9reo por <a href=\"https:\/\/elpais.com\/mexico\/2025-10-24\/trump-vuelva-a-cargar-contra-mexico-esta-gobernado-por-los-carteles-pero-sheinbaum-es-valiente.html\" target=\"_self\" rel=\"nofollow noopener\" title=\"https:\/\/elpais.com\/mexico\/2025-10-24\/trump-vuelva-a-cargar-contra-mexico-esta-gobernado-por-los-carteles-pero-sheinbaum-es-valiente.html\">\u201coperaciones militares\u201d en el Pac\u00edfico mexicano<\/a>. La advertencia incluye al golfo de California y el organismo tambi\u00e9n ha creado una espec\u00edfica para la ciudad sinaloense de Mazatl\u00e1n con los mismos avisos. \u201cExisten riesgos potenciales para las aeronaves a todas las altitudes\u201d, reza el comunicado. Centroam\u00e9rica, Panam\u00e1, Colombia y Ecuador est\u00e1n incluidos en el mensaje.<\/p>\n<p class=\"\">La vigencia de la alerta ser\u00e1 hasta el 17 de marzo y llega en un momento de tensi\u00f3n entre los Gobiernos de M\u00e9xico y Estados Unidos por el narcotr\u00e1fico. Donald Trump dijo hace una semana que atacar\u00eda a los carteles por tierra, una afirmaci\u00f3n que Claudia Sheinbaum ha tratado de rebajar en m\u00faltiples ocasiones. Sinaloa, el Estado donde opera el cartel del mismo nombre, ha recibido este jueves una alerta para la ciudad costera de Mazatl\u00e1n.<\/p>\n<p class=\"\">\u201cLas aeronaves militares estadounidenses pueden operar a altitudes de sobrevuelo de crucero iguales o inferiores a las que suelen utilizar la aviaci\u00f3n civil, sin previo aviso o con muy poco, y pueden realizar operaciones sin transpondedores, ya que las operaciones militares estadounidenses en la regi\u00f3n contin\u00faan\u201d, advierte el comunicado.<\/p>\n<p class=\"\">El informe de la FAA tambi\u00e9n avisa a los vuelos comerciales de que pueden tener \u201cinterferencias intermitentes\u201d en sus sistemas de navegaci\u00f3n. \u201cAunque las aeronaves suelen recuperar el GNSS poco despu\u00e9s de abandonar la zona de interferencia conocida, los efectos pueden persistir durante todo el vuelo\u201d, a\u00f1ade el mensaje.<\/p>\n<p class=\"\">La Secretar\u00eda de Infraestructura, Comunicaciones y Transportes de M\u00e9xico ha lanzado horas despu\u00e9s un comunicado donde especifica que la alerta no afecta a la aviaci\u00f3n mexicana. \u201cSe trata de una medida de comunicaci\u00f3n preventiva similar a otras NOTAM [notificaciones de la FAA] emitidos previamente por la FAA <a href=\"https:\/\/elpais.com\/america\/2026-01-03\/se-reportan-explosiones-en-distintos-puntos-de-caracas-en-medio-de-las-tensiones-con-estados-unidos.html\" target=\"_self\" rel=\"nofollow noopener\" title=\"https:\/\/elpais.com\/america\/2026-01-03\/se-reportan-explosiones-en-distintos-puntos-de-caracas-en-medio-de-las-tensiones-con-estados-unidos.html\">en la regi\u00f3n del Caribe<\/a> semanas atr\u00e1s y que ahora se extiende al \u00e1rea del Pac\u00edfico\u201d, a\u00f1ade la secretar\u00eda.<\/p>\n<p class=\"\">La alerta corona una semana de alta tensi\u00f3n entre Estados Unidos y M\u00e9xico. Alentadas, en parte, porque Trump ha dicho que quiere bombardear a los carteles en varias ocasiones. En otras ha ofrecido enviar tropas a M\u00e9xico para \u201capoyar\u201d en la lucha contra el narcotr\u00e1fico. La \u00faltima, el lunes, en una conversaci\u00f3n telef\u00f3nica con Sheinbaum. La mandataria la rechaz\u00f3. \u201c[\u00c9l] tampoco insisti\u00f3, m\u00e1s bien fue en el tono de: \u2018si ustedes quieren que los ayudemos m\u00e1s con nuestras fuerzas en M\u00e9xico&#8230;\u2019, \u2018no, ya se lo he comentado otras veces que eso no est\u00e1 sobre la mesa\u201d, dijo la mandataria desde Palacio Nacional.<\/p>\n<p class=\"\">Sheinbaum elev\u00f3 el tono este viernes en su conferencia ma\u00f1anera despu\u00e9s de que desde Washington emitiera un comunicado pidiendo \u201cacciones tangibles\u201d en seguridad al Gobierno de M\u00e9xico. \u201cHay que seguir colaborando, pero hay dos palabras muy importantes: respeto mutuo y responsabilidad compartida\u201d, <a href=\"https:\/\/elpais.com\/mexico\/2026-01-16\/sheinbaum-asegura-que-hay-resultados-concretos-de-seguridad-ante-la-presion-del-gobierno-de-trump.html\" target=\"_self\" rel=\"nofollow noopener\" title=\"https:\/\/elpais.com\/mexico\/2026-01-16\/sheinbaum-asegura-que-hay-resultados-concretos-de-seguridad-ante-la-presion-del-gobierno-de-trump.html\">ha dicho la mandataria<\/a>, que insta a la Administraci\u00f3n de Trump a \u201chacer su parte\u201d. Ambos Gobiernos se reunir\u00e1n, previsiblemente, el pr\u00f3ximo febrero en la Casa Blanca para definir los pasos a seguir en seguridad.<\/p>\n","protected":false},"excerpt":{"rendered":"La Administraci\u00f3n Federal de Aviaci\u00f3n (FAA, por sus siglas en ingl\u00e9s) de Estados Unidos ha lanzado este viernes&hellip;\n","protected":false},"author":2,"featured_media":345112,"comment_status":"","ping_status":"","sticky":false,"template":"","format":"standard","meta":{"footnotes":""},"categories":[42],"tags":[889,78293,4483,17,18,629,58554,13,14,11,61,62,63,64,19,20,1804,1906,9,10,15,16,56583,28367,12,21,22,65,66,67],"class_list":{"0":"post-345111","1":"post","2":"type-post","3":"status-publish","4":"format-standard","5":"has-post-thumbnail","7":"category-internacional","8":"tag-america","9":"tag-aviacion-deportiva","10":"tag-aviones","11":"tag-breaking-news","12":"tag-breakingnews","13":"tag-estados-unidos","14":"tag-faa","15":"tag-featured-news","16":"tag-featurednews","17":"tag-headlines","18":"tag-internacional","19":"tag-international","20":"tag-international-news","21":"tag-internationalnews","22":"tag-latest-news","23":"tag-latestnews","24":"tag-latinoamerica","25":"tag-mexico","26":"tag-news","27":"tag-noticias","28":"tag-noticias-destacadas","29":"tag-noticiasdestacadas","30":"tag-oceano-pacifico","31":"tag-sinaloa","32":"tag-titulares","33":"tag-ultimas-noticias","34":"tag-ultimasnoticias","35":"tag-world","36":"tag-world-news","37":"tag-worldnews"},"share_on_mastodon":{"url":"","error":"Validation failed: Text character limit of 500 exceeded"},"_links":{"self":[{"href":"https:\/\/www.europesays.com\/es\/wp-json\/wp\/v2\/posts\/345111","targetHints":{"allow":["GET"]}}],"collection":[{"href":"https:\/\/www.europesays.com\/es\/wp-json\/wp\/v2\/posts"}],"about":[{"href":"https:\/\/www.europesays.com\/es\/wp-json\/wp\/v2\/types\/post"}],"author":[{"embeddable":true,"href":"https:\/\/www.europesays.com\/es\/wp-json\/wp\/v2\/users\/2"}],"replies":[{"embeddable":true,"href":"https:\/\/www.europesays.com\/es\/wp-json\/wp\/v2\/comments?post=345111"}],"version-history":[{"count":0,"href":"https:\/\/www.europesays.com\/es\/wp-json\/wp\/v2\/posts\/345111\/revisions"}],"wp:featuredmedia":[{"embeddable":true,"href":"https:\/\/www.europesays.com\/es\/wp-json\/wp\/v2\/media\/345112"}],"wp:attachment":[{"href":"https:\/\/www.europesays.com\/es\/wp-json\/wp\/v2\/media?parent=345111"}],"wp:term":[{"taxonomy":"category","embeddable":true,"href":"https:\/\/www.europesays.com\/es\/wp-json\/wp\/v2\/categories?post=345111"},{"taxonomy":"post_tag","embeddable":true,"href":"https:\/\/www.europesays.com\/es\/wp-json\/wp\/v2\/tags?post=345111"}],"curies":[{"name":"wp","href":"https:\/\/api.w.org\/{rel}","templated":true}]}}