{"id":345125,"date":"2026-01-17T04:11:42","date_gmt":"2026-01-17T04:11:42","guid":{"rendered":"https:\/\/www.europesays.com\/es\/345125\/"},"modified":"2026-01-17T04:11:42","modified_gmt":"2026-01-17T04:11:42","slug":"valca-la-historia-de-la-fotografia-analogica-exposicion-en-el-photomuseum","status":"publish","type":"post","link":"https:\/\/www.europesays.com\/es\/345125\/","title":{"rendered":"VALCA, la historia de la fotograf\u00eda anal\u00f3gica, exposici\u00f3n en el Photomuseum"},"content":{"rendered":"<p>El Photomuseum acaba de inaugurar una nueva exposici\u00f3n, esta vez sobre la historia de la fotograf\u00eda anal\u00f3gica, muestra que se podr\u00e1 visitar hasta el 15  &#8230; de febrero.<\/p>\n<p class=\"v-p\">Haciendo un poco de historia, la idea de la Sociedad Espa\u00f1ola de Productos Fotogr\u00e1ficos VALCA naci\u00f3 en 1938, cuando la guerra civil a\u00fan no hab\u00eda concluido, pero el Pa\u00eds Vasco estaba ya bajo control franquista. Sus impulsores fueron cinco empresarios bilba\u00ednos relacionados con los sectores la ingenier\u00eda, la energ\u00eda hidroel\u00e9ctrica y la fabricaci\u00f3n de vidrio: Jos\u00e9 Luis Oriol, Jos\u00e9 M\u00aa Basterra, Isidoro Delclaux, Leandro Jos\u00e9 Torrontegui y Emilio Usaola. <\/p>\n<p class=\"v-p\">La empresa se constituy\u00f3 legalmente en 1940 y en 1944 sacaron ya sus primeros productos al mercado. Desde aquel momento VALCA vivi\u00f3 un acelerado crecimiento f\u00edsico, t\u00e9cnico y productivo que le condujo a ocupar una posici\u00f3n de privilegio en el mercado fotogr\u00e1fico y radiogr\u00e1fico nacional e internacional. En su etapa final VALCA era una f\u00e1brica qu\u00edmica con unos 40.000 metros cuadrados de superficie, siendo considerada como la m\u00e1s moderna de Espa\u00f1a en su g\u00e9nero y en donde llegaron a trabajar en plantilla hasta cerca de 500 empleados<\/p>\n<p class=\"v-p\">El primer producto que se elabor\u00f3 en la factor\u00eda de Sope\u00f1ano (Valle de Mena, Burgos, a 50 km. de Bilbao) fue material fotogr\u00e1fico sensible negativo con sus fabricaciones de placas pancrom\u00e1ticas en soporte de vidrio, \u00fanico entonces en el pa\u00eds, para uso de profesionales y en las artes gr\u00e1ficas. Poco despu\u00e9s pas\u00f3 a fabricar papel fotogr\u00e1fico y, m\u00e1s tarde, a elaborar pel\u00edculas de distintos tipos: pel\u00edcula cinematogr\u00e1fica positiva, pel\u00edcula para aficionados en rollos y en paso universal, pel\u00edcula radiogr\u00e1fica (rayos X) para suministro a los hospitales.<\/p>\n<p class=\"v-p\">La pel\u00edcula radiogr\u00e1fica que produc\u00eda VALCA empez\u00f3 a introducirse en Europa en los a\u00f1os 60 compitiendo en calidad y precios con pa\u00edses cuya t\u00e9cnica era, entonces, m\u00e1s avanzada. En 1965 se introdujo en Francia y poco despu\u00e9s en Oriente Medio y Latinoam\u00e9rica. Su entrada en el sector sanitario norteamericano tuvo lugar en 1981, tras presentarse VALCA en el Congreso Radiol\u00f3gico de EE.UU. celebrado en Chicago aquel a\u00f1o. En 1985 alcanz\u00f3 su mayor expansi\u00f3n y m\u00e1ximos beneficios econ\u00f3micos.<\/p>\n<p class=\"v-p\">A partir de 1986 empez\u00f3 a vivir un serio declive al no adaptarse a la situaci\u00f3n derivada del ingreso de Espa\u00f1a en el Mercado Com\u00fan Europeo y la supresi\u00f3n de los aranceles que proteg\u00edan a los productos espa\u00f1oles. Junto a la fuerte competencia de las empresas multinacionales, otros motivos agravaron su crisis: al transferirse a las Comunidades Aut\u00f3nomas la gesti\u00f3n de la sanidad perdieron como cliente preferente en la adquisici\u00f3n de placas radiogr\u00e1ficas a la Seguridad Social (Instituto Nacional de Previsi\u00f3n), tuvieron elevados impagos en el extranjero e insuficiencias tecnol\u00f3gicas&#8230; Tras acumular cuantiosas p\u00e9rdidas econ\u00f3micas en apenas seis a\u00f1os, el 22 de enero de 1992 se present\u00f3 ante los Juzgados de Bilbao la Suspensi\u00f3n de Pagos e Insolvencia, que meses m\u00e1s tarde llevar\u00eda al cierre definitivo de las instalaciones industriales.<\/p>\n<p>Objetos, libros, carteles &#8230;<\/p>\n<p class=\"v-p\">Esta exposici\u00f3n presenta objetos, libros, carteles, documentos, planos, fotograf\u00edas&#8230; relacionados con las diferentes etapas de su existencia, ofreciendo una leve idea de lo que esta f\u00e1brica supuso en el contexto de una Espa\u00f1a cambiante: dictadura-autarqui\u0301a en los a\u00f1os 40 y 50, apertura-desarrollismo en los 60 y 70, y democracia-internacionalidad en la d\u00e9cada de los 80. La exposici\u00f3n se completa con im\u00e1genes actuales tomadas por los fot\u00f3grafos Erika Ede e IGA en los edificios de VALCA: dejados en el abandono y devorados por la vegetaci\u00f3n, aportan el acento melanc\u00f3lico propio de las ruinas que en otro tiempo fueron poderosas construcciones.<\/p>\n<p class=\"v-p\">Para el d\u00eda 23 de enero se ha organizado una visita guiada a cargo de Javier Gonz\u00e1lez de Durana para conocer m\u00e1s sobre VALCA y sobre esta exposici\u00f3n en el Photomuseum.<\/p>\n","protected":false},"excerpt":{"rendered":"El Photomuseum acaba de inaugurar una nueva exposici\u00f3n, esta vez sobre la historia de la fotograf\u00eda anal\u00f3gica, muestra&hellip;\n","protected":false},"author":2,"featured_media":345126,"comment_status":"","ping_status":"","sticky":false,"template":"","format":"standard","meta":{"footnotes":""},"categories":[173],"tags":[28100,229,233,231,230,232,234,146,147,25,24,2003,244,448,25247,23,78294],"class_list":{"0":"post-345125","1":"post","2":"type-post","3":"status-publish","4":"format-standard","5":"has-post-thumbnail","7":"category-arte-y-diseno","8":"tag-analogica","9":"tag-arte","10":"tag-arte-y-diseno","11":"tag-arts","12":"tag-arts-and-design","13":"tag-design","14":"tag-diseno","15":"tag-entertainment","16":"tag-entretenimiento","17":"tag-es","18":"tag-espana","19":"tag-exposicion","20":"tag-fotografia","21":"tag-historia","22":"tag-photomuseum","23":"tag-spain","24":"tag-valca"},"share_on_mastodon":{"url":"https:\/\/pubeurope.com\/@es\/115908488882230156","error":""},"_links":{"self":[{"href":"https:\/\/www.europesays.com\/es\/wp-json\/wp\/v2\/posts\/345125","targetHints":{"allow":["GET"]}}],"collection":[{"href":"https:\/\/www.europesays.com\/es\/wp-json\/wp\/v2\/posts"}],"about":[{"href":"https:\/\/www.europesays.com\/es\/wp-json\/wp\/v2\/types\/post"}],"author":[{"embeddable":true,"href":"https:\/\/www.europesays.com\/es\/wp-json\/wp\/v2\/users\/2"}],"replies":[{"embeddable":true,"href":"https:\/\/www.europesays.com\/es\/wp-json\/wp\/v2\/comments?post=345125"}],"version-history":[{"count":0,"href":"https:\/\/www.europesays.com\/es\/wp-json\/wp\/v2\/posts\/345125\/revisions"}],"wp:featuredmedia":[{"embeddable":true,"href":"https:\/\/www.europesays.com\/es\/wp-json\/wp\/v2\/media\/345126"}],"wp:attachment":[{"href":"https:\/\/www.europesays.com\/es\/wp-json\/wp\/v2\/media?parent=345125"}],"wp:term":[{"taxonomy":"category","embeddable":true,"href":"https:\/\/www.europesays.com\/es\/wp-json\/wp\/v2\/categories?post=345125"},{"taxonomy":"post_tag","embeddable":true,"href":"https:\/\/www.europesays.com\/es\/wp-json\/wp\/v2\/tags?post=345125"}],"curies":[{"name":"wp","href":"https:\/\/api.w.org\/{rel}","templated":true}]}}