{"id":345238,"date":"2026-01-17T05:54:12","date_gmt":"2026-01-17T05:54:12","guid":{"rendered":"https:\/\/www.europesays.com\/es\/345238\/"},"modified":"2026-01-17T05:54:12","modified_gmt":"2026-01-17T05:54:12","slug":"ya-sabemos-que-ha-pasado-con-el-spainsat-ng-ii","status":"publish","type":"post","link":"https:\/\/www.europesays.com\/es\/345238\/","title":{"rendered":"ya sabemos qu\u00e9 ha pasado con el SpainSat NG II"},"content":{"rendered":"<p>Un sistema espacial concebido para durar d\u00e9cadas, <a rel=\"noopener, noreferrer nofollow\" href=\"https:\/\/www.defensa.gob.es\/comun\/slider\/2025\/10\/251022-lanzamiento-spainsat-2.html#:~:text=El%20SpainSat%20NG,avanzadas%20de%20Europa.\" target=\"_blank\">una inversi\u00f3n superior a los 2.000 millones de euros<\/a> y dos sat\u00e9lites dise\u00f1ados para garantizar comunicaciones seguras de las Fuerzas Armadas pueden verse comprometidos por un impacto milim\u00e9trico a decenas de miles de kil\u00f3metros de la Tierra. Eso es lo que ha ocurrido con el <a rel=\"noopener, noreferrer nofollow\" href=\"https:\/\/www.hisdesat.es\/en\/s-communications\/spainsat-ng-program\/\" target=\"_blank\">SpainSat NG II<\/a>, una de las dos piezas centrales del programa SpainSat NG. Tras d\u00edas de informaci\u00f3n m\u00ednima, por fin hay una respuesta sobre su destino. Sabemos qu\u00e9 ha pasado y qu\u00e9 decisi\u00f3n se ha tomado, aunque el episodio todav\u00eda deja abiertas cuestiones relevantes.<\/p>\n<p>La secuencia de hechos permite fijar ahora un marco temporal m\u00e1s claro. El SpainSat NG II despeg\u00f3 el 22 de octubre de 2025, <a rel=\"noopener, noreferrer nofollow\" href=\"https:\/\/www.defensa.gob.es\/comun\/slider\/2025\/10\/251022-lanzamiento-spainsat-2.html\" target=\"_blank\">seg\u00fan el Ministerio de Defensa<\/a>, en una misi\u00f3n que se present\u00f3 como la culminaci\u00f3n de la nueva constelaci\u00f3n de comunicaciones seguras. El 2 de enero de 2026, <a rel=\"noopener, noreferrer nofollow\" href=\"https:\/\/www.indragroup.com\/en\/news\/the-spainsat-ng-ii-satellite-suffers-an-external-impact-during-transfer-to-its-orbital-position\" target=\"_blank\">Indra reconoci\u00f3 por primera vez<\/a> un impacto externo durante el traslado orbital, sin concretar su alcance. Dos semanas despu\u00e9s, <a rel=\"noopener, noreferrer nofollow\" href=\"https:\/\/www.indragroup.com\/en\/news\/hisdesat-gives-the-go-ahead-to-the-launch-of-the-spainsat-ng-iii-satellite\" target=\"_blank\">un nuevo comunicado confirma<\/a> que ese da\u00f1o impedir\u00e1 completar la misi\u00f3n y activa el relevo del sat\u00e9lite.<\/p>\n<p><strong>Da\u00f1o no recuperable.<\/strong> La clave del anuncio est\u00e1 en una frase que hasta ahora no se hab\u00eda pronunciado de forma tan clara. <a rel=\"noopener, noreferrer nofollow\" href=\"https:\/\/www.indragroup.com\/en\/news\/hisdesat-gives-the-go-ahead-to-the-launch-of-the-spainsat-ng-iii-satellite\" target=\"_blank\">Hisdesat afirma que<\/a>, tras revisar los informes t\u00e9cnicos m\u00e1s recientes del contratista principal, el SpainSat NG II no podr\u00e1 completar su misi\u00f3n. El comunicado no entra en matices ni en escenarios intermedios: el da\u00f1o se considera irreversible a efectos operativos. Esa conclusi\u00f3n explica el paso inmediato al siguiente movimiento del programa, el inicio del proceso para sustituir el sat\u00e9lite, dejando atr\u00e1s cualquier expectativa de recuperaci\u00f3n funcional.<\/p>\n<p><strong>Qu\u00e9 ocurri\u00f3 en el impacto.<\/strong> Todo apunta a que el SpainSat NG II fue alcanzado por una part\u00edcula espacial de tama\u00f1o milim\u00e9trico y muy poco peso. En el entorno orbital, ese tama\u00f1o no es irrelevante. <a rel=\"noopener, noreferrer nofollow\" href=\"https:\/\/www.indragroup.com\/en\/news\/hisdesat-gives-the-go-ahead-to-the-launch-of-the-spainsat-ng-iii-satellite#:~:text=Hisdesat%20has%20implemented,non%2Drecoverable%20damage.\" target=\"_blank\">En la evaluaci\u00f3n que traslada Hisdesat<\/a>, el impacto se habr\u00eda producido a gran velocidad y en una zona especialmente sensible del sat\u00e9lite, lo que habr\u00eda provocado da\u00f1os imposibles de corregir. Aun as\u00ed, el sat\u00e9lite permanece estable y en una \u00f3rbita exc\u00e9ntrica que no interfiere con otras misiones.<\/p>\n<p>                   <img class=\"centro_sinmarco\" height=\"800\" width=\"1200\" loading=\"lazy\" decoding=\"async\"  fetchpriority=\"high\"  src=\"https:\/\/www.europesays.com\/es\/wp-content\/uploads\/2026\/01\/1768629252_997_450_1000.jpeg\" alt=\"Spainsat Ng Ii 2\"\/><\/p>\n<p><strong>Muchas preguntas sobre la mesa (y algunas respuestas)<\/strong>. La decisi\u00f3n de sustituir el sat\u00e9lite abre ahora una cuesti\u00f3n clave que el comunicado no responde: los tiempos. Hisdesat anuncia el inicio del proceso de solicitud de ofertas para el SpainSat NG III, pero no ofrece ninguna referencia sobre plazos de contrataci\u00f3n, fabricaci\u00f3n, lanzamiento o entrada en servicio. Esa ausencia impide medir con precisi\u00f3n el margen temporal hasta que el reemplazo est\u00e9 operativo. Mientras tanto, la continuidad del servicio se apoya en el SpainSat NG I, ya en funcionamiento, y en el sat\u00e9lite <a rel=\"noopener, noreferrer nofollow\" href=\"https:\/\/www.hisdesat.es\/satelites_comunic-spainsat\/\" target=\"_blank\">SpainSat<\/a>, una soluci\u00f3n que garantiza cobertura temporal.<\/p>\n<p><strong>El seguro no lo explica todo.<\/strong> El comunicado oficial es tajante en este punto: la p\u00e9rdida del SpainSat NG II no causar\u00e1 \u201cning\u00fan perjuicio econ\u00f3mico\u201d, ya que el sat\u00e9lite estaba asegurado frente a este tipo de incidentes. Es una afirmaci\u00f3n clara, pero no exhaustiva. No se detalla, por ejemplo, si esa cobertura se limita al valor del sat\u00e9lite perdido o si incluye los costes asociados a su sustituci\u00f3n, como el nuevo proceso de contrataci\u00f3n o los posibles efectos en los plazos del programa.<\/p>\n<p>    <a href=\"https:\/\/www.xataka.com\/espacio\/china-destapa-sus-cartas-para-2030-ira-a-buscar-tierra-2-0-su-cuenta\" class=\"pivot-outboundlink\" data-vars-post-title=\"China define su hoja de ruta espacial para 2030: la b\u00fasqueda independiente de una \u201cTierra 2.0\" rel=\"nofollow noopener\" target=\"_blank\"><br \/>\n     <img loading=\"lazy\" decoding=\"async\" alt=\"China define su hoja de ruta espacial para 2030: la b\u00fasqueda independiente de una \u201cTierra 2.0\" width=\"375\" height=\"142\" src=\"https:\/\/www.europesays.com\/es\/wp-content\/uploads\/2026\/01\/1768629252_201_375_142.jpeg\"\/><br \/>\n    <\/a><\/p>\n<p><strong>Un proyecto clave para el sector de la defensa espa\u00f1ola<\/strong>. El propio Ministerio de Defensa ha subrayado que <a rel=\"noopener, noreferrer nofollow\" href=\"https:\/\/www.defensa.gob.es\/comun\/slider\/2025\/10\/251022-lanzamiento-spainsat-2.html#:~:text=La%20industria%20Espacial%20espa%C3%B1ola%20ha%20tenido%20una%20gran%20importancia%20en%20el%20desarrollo%20y%20puesta%20en%20marcha%20de%20este%20proyecto%20de%20alta%20complejidad%20tecnol%C3%B3gica%2C%20y%20m%C3%A1s%20de%20un%2045%25%20de%20la%20carga%20industrial%20de%20los%20nuevos%20sat%C3%A9lites%20se%20ha%20desarrollado%20con%20la%20implicaci%C3%B3n%20de%20pr%C3%A1cticamente%20todo%20el%20sector%20espacial%20nacional.\" target=\"_blank\">m\u00e1s de un 45% de la carga industrial<\/a> de los nuevos sat\u00e9lites se ha desarrollado con la implicaci\u00f3n de pr\u00e1cticamente todo el sector espacial nacional. Ahora toca esperar para saber c\u00f3mo acomodar\u00e1n las piezas, una vez m\u00e1s, para que el programa siga en marcha y pueda cumplir con sus objetivos previstos. La buena noticia es que, pese a las dificultades, SpainSat NG tiene lo necesario para seguir adelante.<\/p>\n<p>Im\u00e1genes | Airbus (<a rel=\"noopener, noreferrer nofollow\" href=\"https:\/\/mediaassets.airbus.com\/pm_38_764_764937-17v1kq7tqm.jpg\" target=\"_blank\">1<\/a>,\u00a0<a rel=\"noopener, noreferrer nofollow\" href=\"https:\/\/mediaassets.airbus.com\/pm_38_523_523564-9b5dqxjd3p.jpg\" target=\"_blank\">2<\/a>) |\u00a0<a rel=\"noopener, noreferrer nofollow\" href=\"https:\/\/tas-static.thalesaleniaspace.com\/cms\/public\/styles\/1920x1200\/public\/thales_images\/spainsat-ng_2000_0.jpg.webp?VersionId=utjg3qar1bGmMJUeuonRrOB8ATbuuaa9&amp;itok=eFeWN-VA\" target=\"_blank\">Thales<\/a><\/p>\n<p>En Xataka | <a class=\"text-outboundlink\" href=\"https:\/\/www.xataka.com\/espacio\/ambicion-starlink-no-se-pone-facil-a-astronomos-tiene-luz-verde-para-desplegar-7-500-satelites-adicionales\" data-vars-post-title=\"Starlink est\u00e1 a las puertas de tener m\u00e1s de 15.000 sat\u00e9lites en la \u00f3rbita baja: la pesadilla perfecta de los astr\u00f3nomos\" data-vars-post-url=\"https:\/\/www.xataka.com\/espacio\/ambicion-starlink-no-se-pone-facil-a-astronomos-tiene-luz-verde-para-desplegar-7-500-satelites-adicionales\" rel=\"nofollow noopener\" target=\"_blank\">Starlink est\u00e1 a las puertas de tener m\u00e1s de 15.000 sat\u00e9lites en la \u00f3rbita baja: la pesadilla perfecta de los astr\u00f3nomos<\/a><\/p>\n","protected":false},"excerpt":{"rendered":"Un sistema espacial concebido para durar d\u00e9cadas, una inversi\u00f3n superior a los 2.000 millones de euros y dos&hellip;\n","protected":false},"author":2,"featured_media":345239,"comment_status":"","ping_status":"","sticky":false,"template":"","format":"standard","meta":{"footnotes":""},"categories":[8],"tags":[17,18,25,24,13,14,11,19,20,9,10,15,16,23,12,21,22],"class_list":{"0":"post-345238","1":"post","2":"type-post","3":"status-publish","4":"format-standard","5":"has-post-thumbnail","7":"category-espana","8":"tag-breaking-news","9":"tag-breakingnews","10":"tag-es","11":"tag-espana","12":"tag-featured-news","13":"tag-featurednews","14":"tag-headlines","15":"tag-latest-news","16":"tag-latestnews","17":"tag-news","18":"tag-noticias","19":"tag-noticias-destacadas","20":"tag-noticiasdestacadas","21":"tag-spain","22":"tag-titulares","23":"tag-ultimas-noticias","24":"tag-ultimasnoticias"},"share_on_mastodon":{"url":"https:\/\/pubeurope.com\/@es\/115908893948792714","error":""},"_links":{"self":[{"href":"https:\/\/www.europesays.com\/es\/wp-json\/wp\/v2\/posts\/345238","targetHints":{"allow":["GET"]}}],"collection":[{"href":"https:\/\/www.europesays.com\/es\/wp-json\/wp\/v2\/posts"}],"about":[{"href":"https:\/\/www.europesays.com\/es\/wp-json\/wp\/v2\/types\/post"}],"author":[{"embeddable":true,"href":"https:\/\/www.europesays.com\/es\/wp-json\/wp\/v2\/users\/2"}],"replies":[{"embeddable":true,"href":"https:\/\/www.europesays.com\/es\/wp-json\/wp\/v2\/comments?post=345238"}],"version-history":[{"count":0,"href":"https:\/\/www.europesays.com\/es\/wp-json\/wp\/v2\/posts\/345238\/revisions"}],"wp:featuredmedia":[{"embeddable":true,"href":"https:\/\/www.europesays.com\/es\/wp-json\/wp\/v2\/media\/345239"}],"wp:attachment":[{"href":"https:\/\/www.europesays.com\/es\/wp-json\/wp\/v2\/media?parent=345238"}],"wp:term":[{"taxonomy":"category","embeddable":true,"href":"https:\/\/www.europesays.com\/es\/wp-json\/wp\/v2\/categories?post=345238"},{"taxonomy":"post_tag","embeddable":true,"href":"https:\/\/www.europesays.com\/es\/wp-json\/wp\/v2\/tags?post=345238"}],"curies":[{"name":"wp","href":"https:\/\/api.w.org\/{rel}","templated":true}]}}