{"id":345260,"date":"2026-01-17T06:17:13","date_gmt":"2026-01-17T06:17:13","guid":{"rendered":"https:\/\/www.europesays.com\/es\/345260\/"},"modified":"2026-01-17T06:17:13","modified_gmt":"2026-01-17T06:17:13","slug":"secuestran-y-torturan-a-una-joven-en-madrid-por-una-falsa-acusacion-de-infidelidad","status":"publish","type":"post","link":"https:\/\/www.europesays.com\/es\/345260\/","title":{"rendered":"Secuestran y torturan a una joven en Madrid por una falsa acusaci\u00f3n de infidelidad"},"content":{"rendered":"<p>La Polic\u00eda Nacional investiga un secuestro seguido de <strong>una salvaje agresi\u00f3n <\/strong>ocurrido el pasado 8 de enero en Madrid, cuya v\u00edctima es una joven que fue atacada por dos mujeres tras ser <strong>acusada falsamente <\/strong>de mantener una relaci\u00f3n con el marido de una de ellas. Los hechos, de extrema violencia, fueron grabados en v\u00eddeo por las propias agresoras y el caso ha trascendido tras la difusi\u00f3n de esas im\u00e1genes en redes sociales. En ese contexto, la Polic\u00eda ha detenido a un hombre por su presunta relaci\u00f3n con los hechos.<\/p>\n<p>D\u00edas antes del secuestro, la joven <strong>llevaba tiempo recibiendo amenazas<\/strong> a trav\u00e9s de la red social TikTok. Los mensajes proced\u00edan de personas vinculadas al entorno de las agresoras, seg\u00fan consta en la denuncia interpuesta posteriormente ante la Polic\u00eda.<\/p>\n<blockquote class=\"twitter-tweet\"><p>&#13;<\/p>\n<p dir=\"ltr\" lang=\"es\">Una mujer ha sido brutalmente agredida en su propia vivienda en Moratalaz, a manos de otra dos mujeres, que la acusaban de haber mantenido relaciones sexuales con el marido de una de las agresoras. De momento solo hay un detenido.<\/p>\n<p>&#13;<br \/>\nEn <a href=\"https:\/\/twitter.com\/BuenosDiasTM?ref_src=twsrc%5Etfw\" target=\"_blank\" rel=\"nofollow noopener\">@BuenosDiasTM<\/a> en \ud83d\udce1DIRECTO:\u2026 <a href=\"https:\/\/t.co\/wTQzYhPZkB\" target=\"_blank\" rel=\"nofollow\">pic.twitter.com\/wTQzYhPZkB<\/a><\/p>\n<p>&#13;<br \/>\n\u2014 Telemadrid (@telemadrid) <a href=\"https:\/\/twitter.com\/telemadrid\/status\/2012051704426962955?ref_src=twsrc%5Etfw\" target=\"_blank\" rel=\"nofollow noopener\">January 16, 2026<\/a><\/p><\/blockquote>\n<p>El secuestro en Vallecas<\/p>\n<p>El d\u00eda de los hechos, la v\u00edctima fue abordada en el distrito de Vallecas por dos mujeres que <strong>la introdujeron por la fuerza en el maletero<\/strong> de un veh\u00edculo. Desde all\u00ed fue trasladada hasta una vivienda situada en la zona de El Ruedo de Moratalaz. Una vez en el interior del piso, comenz\u00f3 una agresi\u00f3n de extrema brutalidad.<\/p>\n<p>    Relacionado<\/p>\n<p>Las im\u00e1genes, que han resultado determinantes para el avance de la investigaci\u00f3n, muestran c\u00f3mo la joven es desnudada y golpeada de manera reiterada, recibiendo <strong>pu\u00f1etazos, patadas y tirones de pelo<\/strong>, mientras era insultada. En el v\u00eddeo tambi\u00e9n se escuchan amenazas de muerte dirigidas contra la v\u00edctima.<\/p>\n<p>Huida tras la paliza<\/p>\n<p>Tras la paliza, las agresoras sacaron a la joven del piso <strong>pr\u00e1cticamente desnuda<\/strong>, cubierta \u00fanicamente con ropa interior y una bata, con la intenci\u00f3n de introducirla de nuevo en el coche. Fue entonces cuando<strong> logr\u00f3 escapar corriendo por la calle<\/strong>. Un hombre que se encontraba en las inmediaciones acudi\u00f3 en su auxilio, lo que provoc\u00f3 la huida inmediata de las agresoras.<\/p>\n<p>La v\u00edctima fue trasladada posteriormente a su domicilio, en Villa de Vallecas, y tuvo que ser atendida en un centro sanitario por las lesiones sufridas. Al d\u00eda siguiente present\u00f3 denuncia en una comisar\u00eda, donde reiter\u00f3 que no hab\u00eda mantenido ning\u00fan tipo de relaci\u00f3n con el marido de una de las agresoras.<\/p>\n<p>La investigaci\u00f3n, a cargo de la Unidad Judicial de la comisar\u00eda de Villa de Vallecas, ha permitido la<strong> detenci\u00f3n de un hombre<\/strong> por su presunta implicaci\u00f3n en los hechos. Las dos mujeres que aparecen en las im\u00e1genes han sido plenamente identificadas por los agentes, mientras contin\u00faan las diligencias policiales para esclarecer todos los detalles del caso.<\/p>\n<p>            <script async src=\"https:\/\/platform.twitter.com\/widgets.js\" charset=\"utf-8\"><\/script><\/p>\n","protected":false},"excerpt":{"rendered":"La Polic\u00eda Nacional investiga un secuestro seguido de una salvaje agresi\u00f3n ocurrido el pasado 8 de enero en&hellip;\n","protected":false},"author":2,"featured_media":345261,"comment_status":"","ping_status":"","sticky":false,"template":"","format":"standard","meta":{"footnotes":""},"categories":[8],"tags":[11971,17,18,25,24,13,14,11,19,20,205,9,10,15,16,46304,23,257,12,21,22],"class_list":{"0":"post-345260","1":"post","2":"type-post","3":"status-publish","4":"format-standard","5":"has-post-thumbnail","7":"category-espana","8":"tag-agresion","9":"tag-breaking-news","10":"tag-breakingnews","11":"tag-es","12":"tag-espana","13":"tag-featured-news","14":"tag-featurednews","15":"tag-headlines","16":"tag-latest-news","17":"tag-latestnews","18":"tag-madrid","19":"tag-news","20":"tag-noticias","21":"tag-noticias-destacadas","22":"tag-noticiasdestacadas","23":"tag-secuestro","24":"tag-spain","25":"tag-sucesos","26":"tag-titulares","27":"tag-ultimas-noticias","28":"tag-ultimasnoticias"},"share_on_mastodon":{"url":"https:\/\/pubeurope.com\/@es\/115908984382104598","error":""},"_links":{"self":[{"href":"https:\/\/www.europesays.com\/es\/wp-json\/wp\/v2\/posts\/345260","targetHints":{"allow":["GET"]}}],"collection":[{"href":"https:\/\/www.europesays.com\/es\/wp-json\/wp\/v2\/posts"}],"about":[{"href":"https:\/\/www.europesays.com\/es\/wp-json\/wp\/v2\/types\/post"}],"author":[{"embeddable":true,"href":"https:\/\/www.europesays.com\/es\/wp-json\/wp\/v2\/users\/2"}],"replies":[{"embeddable":true,"href":"https:\/\/www.europesays.com\/es\/wp-json\/wp\/v2\/comments?post=345260"}],"version-history":[{"count":0,"href":"https:\/\/www.europesays.com\/es\/wp-json\/wp\/v2\/posts\/345260\/revisions"}],"wp:featuredmedia":[{"embeddable":true,"href":"https:\/\/www.europesays.com\/es\/wp-json\/wp\/v2\/media\/345261"}],"wp:attachment":[{"href":"https:\/\/www.europesays.com\/es\/wp-json\/wp\/v2\/media?parent=345260"}],"wp:term":[{"taxonomy":"category","embeddable":true,"href":"https:\/\/www.europesays.com\/es\/wp-json\/wp\/v2\/categories?post=345260"},{"taxonomy":"post_tag","embeddable":true,"href":"https:\/\/www.europesays.com\/es\/wp-json\/wp\/v2\/tags?post=345260"}],"curies":[{"name":"wp","href":"https:\/\/api.w.org\/{rel}","templated":true}]}}