{"id":345304,"date":"2026-01-17T07:05:09","date_gmt":"2026-01-17T07:05:09","guid":{"rendered":"https:\/\/www.europesays.com\/es\/345304\/"},"modified":"2026-01-17T07:05:09","modified_gmt":"2026-01-17T07:05:09","slug":"maria-corina-machado-dice-que-delcy-rodriguez-no-representa-a-venezuela","status":"publish","type":"post","link":"https:\/\/www.europesays.com\/es\/345304\/","title":{"rendered":"Mar\u00eda Corina Machado dice que Delcy Rodr\u00edguez no representa a Venezuela"},"content":{"rendered":"<p>Washington (EFE).- La l\u00edder opositora venezolana y Premio Nobel de la Paz, Mar\u00eda Corina Machado, asegur\u00f3 este viernes que la presidenta encargada de Venezuela, Delcy Rodr\u00edguez, no tiene ning\u00fan acuerdo con el l\u00edder estadounidense, Donald Trump, solo limita a cumplir sus \u00ab\u00f3rdenes\u00bb y no representa al pueblo de su pa\u00eds.<\/p>\n<p>\u00abDelcy est\u00e1 cumpliendo \u00f3rdenes, no est\u00e1 en un acuerdo\u00bb, afirm\u00f3 Machado en una rueda de prensa en Washington tras recordar que en las anteriores iniciativas de di\u00e1logo el chavismo siempre se hab\u00eda salido \u00abcon la suya\u00bb.<\/p>\n<p>Para Machado, el operativo estadounidense del 3 de enero para capturar al presidente venezolano, Nicol\u00e1s Maduro, demostr\u00f3 que \u00abten\u00eda que haber una amenaza real, una fuerza real\u00bb para lograr un cambio en Venezuela.<\/p>\n<p>La l\u00edder opositora subray\u00f3 que Delcy Rodr\u00edguez, quien fuera vicepresidenta de Maduro, \u00able tiene terror al presidente Trump\u00bb.<\/p>\n<p>Confianza en la transici\u00f3n<\/p>\n<p>Machado se mostr\u00f3 convencida en la rueda de prensa, un d\u00eda despu\u00e9s de reunirse en la Casa Blanca con Trump, de que habr\u00e1 \u00abuna transici\u00f3n ordenada\u00bb en el pa\u00eds, aunque no quiso adelantarse a \u00abponer fechas ni calendarios porque ser\u00eda una irresponsabilidad\u00bb<\/p>\n<p>La l\u00edder opositora dijo que Rodr\u00edguez, quien fuera vicepresidenta durante el mandato de Nicol\u00e1s Maduro, es \u00abla principal aliada y representante del r\u00e9gimen ruso, del chino y del iran\u00ed\u00bb, pero no representa al pueblo venezolano.<\/p>\n<p><img data-recalc-dims=\"1\" fetchpriority=\"high\" decoding=\"async\" width=\"900\" height=\"600\" src=\"https:\/\/www.europesays.com\/es\/wp-content\/uploads\/2026\/01\/Machado-Delcy-2-2.webp.jpeg\" alt=\"Mar\u00eda Corina Machado dice que Delcy Rodr\u00edguez solo &quot;cumple \u00f3rdenes&quot; de Trump y no representa a Venezuela\" class=\"wp-image-2421972\" style=\"width:980px;height:auto\"  \/>La l\u00edder de la oposici\u00f3n en Venezuela Mar\u00eda Corina Machado habla durante una rueda de prensa, este 16 de enero de 2026, en la Heritage Foundation de Washington. EFE\/Will Oliver<\/p>\n<p>Para Machado, la transici\u00f3n pol\u00edtica en su pa\u00eds derivar\u00e1 en \u00abuna Venezuela orgullosa que se convertir\u00e1 en el mejor aliado que Estados Unidos haya tenido jam\u00e1s\u00bb.<\/p>\n<p>Afirm\u00f3 que est\u00e1 trabajando \u00abduro\u00bb para poder regresar a Venezuela junto con Edmundo Gonz\u00e1lez Urrutia, el candidato que seg\u00fan la oposici\u00f3n mayoritaria venezolana y buena parte de la comunidad internacional gan\u00f3 las elecciones de 2024.<\/p>\n<p>\u00abPor supuesto que insist\u00ed en mi deseo de regresar a Venezuela lo antes posible, y lo har\u00e9. Evidentemente discutimos todo lo que ello implica\u00bb, expres\u00f3 al comentar sobre su encuentro con el republicano.<\/p>\n<p>Machado sali\u00f3 de Venezuela en diciembre pasado para recibir en Noruega el Premio Nobel de la Paz tras un a\u00f1o viviendo en la clandestinidad para evitar su detenci\u00f3n.<\/p>\n<p>La entrega de la medalla del Nobel<\/p>\n<p>Durante la reuni\u00f3n, Machado, quien hasta ahora ha sido excluida por Trump del proceso de transici\u00f3n, regal\u00f3 al l\u00edder estadounidense <a href=\"https:\/\/efe.com\/mundo\/2026-01-16\/trump-maria-corina-machado-medalla-nobel-paz-libertad-venezolanos\/\" rel=\"nofollow noopener\" target=\"_blank\">la medalla del Nobel de la Paz<\/a>, un galard\u00f3n deseado por el mandatario, como \u00abgratitud\u00bb por su postura sobre Venezuela.<\/p>\n<p>\u00abAhora nos enfrentamos a un proceso muy complejo y delicado, y como venezolanos, estamos profundamente agradecidos con el presidente Trump, su equipo, su Administraci\u00f3n y el pueblo de los Estados Unidos, porque se necesit\u00f3 mucho coraje para hacer lo que hizo\u00bb, dijo Machado en la rueda de prensa.<\/p>\n<p>Machado agreg\u00f3 que su mensaje para el pueblo venezolano es que Venezuela ser\u00e1 libre, y eso se lograr\u00e1 con el apoyo del pueblo de Estados Unidos y del presidente Donald Trump\u00bb.<\/p>\n","protected":false},"excerpt":{"rendered":"Washington (EFE).- La l\u00edder opositora venezolana y Premio Nobel de la Paz, Mar\u00eda Corina Machado, asegur\u00f3 este viernes&hellip;\n","protected":false},"author":2,"featured_media":345305,"comment_status":"","ping_status":"","sticky":false,"template":"","format":"standard","meta":{"footnotes":""},"categories":[5],"tags":[17,18,25,24,13,14,11,19,20,9,10,15,16,23,12,21,22],"class_list":{"0":"post-345304","1":"post","2":"type-post","3":"status-publish","4":"format-standard","5":"has-post-thumbnail","7":"category-titulares","8":"tag-breaking-news","9":"tag-breakingnews","10":"tag-es","11":"tag-espana","12":"tag-featured-news","13":"tag-featurednews","14":"tag-headlines","15":"tag-latest-news","16":"tag-latestnews","17":"tag-news","18":"tag-noticias","19":"tag-noticias-destacadas","20":"tag-noticiasdestacadas","21":"tag-spain","22":"tag-titulares","23":"tag-ultimas-noticias","24":"tag-ultimasnoticias"},"share_on_mastodon":{"url":"https:\/\/pubeurope.com\/@es\/115909173100709728","error":""},"_links":{"self":[{"href":"https:\/\/www.europesays.com\/es\/wp-json\/wp\/v2\/posts\/345304","targetHints":{"allow":["GET"]}}],"collection":[{"href":"https:\/\/www.europesays.com\/es\/wp-json\/wp\/v2\/posts"}],"about":[{"href":"https:\/\/www.europesays.com\/es\/wp-json\/wp\/v2\/types\/post"}],"author":[{"embeddable":true,"href":"https:\/\/www.europesays.com\/es\/wp-json\/wp\/v2\/users\/2"}],"replies":[{"embeddable":true,"href":"https:\/\/www.europesays.com\/es\/wp-json\/wp\/v2\/comments?post=345304"}],"version-history":[{"count":0,"href":"https:\/\/www.europesays.com\/es\/wp-json\/wp\/v2\/posts\/345304\/revisions"}],"wp:featuredmedia":[{"embeddable":true,"href":"https:\/\/www.europesays.com\/es\/wp-json\/wp\/v2\/media\/345305"}],"wp:attachment":[{"href":"https:\/\/www.europesays.com\/es\/wp-json\/wp\/v2\/media?parent=345304"}],"wp:term":[{"taxonomy":"category","embeddable":true,"href":"https:\/\/www.europesays.com\/es\/wp-json\/wp\/v2\/categories?post=345304"},{"taxonomy":"post_tag","embeddable":true,"href":"https:\/\/www.europesays.com\/es\/wp-json\/wp\/v2\/tags?post=345304"}],"curies":[{"name":"wp","href":"https:\/\/api.w.org\/{rel}","templated":true}]}}