{"id":345479,"date":"2026-01-17T09:44:07","date_gmt":"2026-01-17T09:44:07","guid":{"rendered":"https:\/\/www.europesays.com\/es\/345479\/"},"modified":"2026-01-17T09:44:07","modified_gmt":"2026-01-17T09:44:07","slug":"europa-quiere-frenar-y-a-la-vez-complacer-a-trump-en-groenlandia-internacional","status":"publish","type":"post","link":"https:\/\/www.europesays.com\/es\/345479\/","title":{"rendered":"Europa quiere frenar y a la vez complacer a Trump en Groenlandia | Internacional"},"content":{"rendered":"<p class=\"\">Con los ejercicios militares en Groenlandia que han comenzado esta semana, Europa env\u00eda dos mensajes Donald Trump. Uno es desafiante y el otro, conciliador.<\/p>\n<p class=\"\"><a href=\"https:\/\/elpais.com\/internacional\/2026-01-15\/francia-y-alemania-se-unen-a-dinamarca-en-el-envio-de-soldados-a-groenlandia-ante-las-amenazas-de-trump.html\" target=\"_self\" rel=\"nofollow noopener\" title=\"https:\/\/elpais.com\/internacional\/2026-01-15\/francia-y-alemania-se-unen-a-dinamarca-en-el-envio-de-soldados-a-groenlandia-ante-las-amenazas-de-trump.html\">La presencia de unas decenas de soldados europeos<\/a> se\u00f1ala al presidente de Estados Unidos que la anexi\u00f3n de la isla \u00e1rtica, integrada en el Reino de Dinamarca desde hace m\u00e1s de dos siglos, topar\u00e1 con obst\u00e1culos, aunque sean simb\u00f3licos. Al mismo tiempo, la llegada de fuerzas alemanas, francesas, brit\u00e1nicas y de pa\u00edses n\u00f3rdicos, a petici\u00f3n de sus aliados daneses, pretende dar respuesta a la preocupaci\u00f3n de Washington por la seguridad del \u00c1rtico ante la pujanza de Rusia y China.<\/p>\n<p class=\"\">\u201cNo es una acci\u00f3n militar contra Estados Unidos, sino un s\u00edmbolo pol\u00edtico de solidaridad con Dinamarca\u201d, dice en Berl\u00edn el diputado alem\u00e1n Norbert R\u00f6ttgen, vicepresidente del grupo parlamentario democristiano en el Bundestag. \u201cLa ret\u00f3rica de Trump y otros es agresiva, y nuestro vecino y miembro de la Uni\u00f3n Europea y la OTAN merece un s\u00edmbolo de solidaridad, puramente pol\u00edtica\u201d. <\/p>\n<p class=\"\">Trump, que hace un a\u00f1o plante\u00f3 la compra de Groenlandia por EE UU por \u201cmotivos de seguridad\u201d,<a href=\"https:\/\/elpais.com\/internacional\/2026-01-16\/trump-amenaza-con-aranceles-a-los-paises-que-no-apoyen-su-plan-para-groenlandia.html\" target=\"_self\" rel=\"nofollow noopener\" title=\"https:\/\/elpais.com\/internacional\/2026-01-16\/trump-amenaza-con-aranceles-a-los-paises-que-no-apoyen-su-plan-para-groenlandia.html\"> ha escalado la ret\u00f3rica tras el \u00e9xito de la operaci\u00f3n militar el Venezuela del 3 de enero. <\/a>Ahora promete hacerse con la isla \u201cpor las buenas o por las malas\u201d.<\/p>\n<p class=\"\">Los primeros soldados aliados aterrizaron el jueves en Groenlandia y el viernes ya estaban en marcha las maniobras, <a href=\"https:\/\/www.facebook.com\/ForsvaretDanmark\" target=\"_self\" rel=\"nofollow noopener\" title=\"https:\/\/www.facebook.com\/ForsvaretDanmark\">seg\u00fan un comunicado del Ministerio dan\u00e9s de Defensa. <\/a>El n\u00famero de participantes no es conocido, pero es una presencia m\u00ednima por ahora, una manera de mostrar que Dinamarca y sus socios de la OTAN est\u00e1n ah\u00ed y que Groenlandia no es un territorio desprotegido. No lo est\u00e1 ante la amenaza rusa y china que Trump agita para justificar la anexi\u00f3n. Ni tampoco ante el propio Trump,<a href=\"https:\/\/elpais.com\/internacional\/2026-01-10\/por-las-buenas-o-por-las-malas-asi-puede-trump-conquistar-groenlandia.html\" target=\"_self\" rel=\"nofollow noopener\" title=\"https:\/\/elpais.com\/internacional\/2026-01-10\/por-las-buenas-o-por-las-malas-asi-puede-trump-conquistar-groenlandia.html\"> que cada d\u00eda reitera su voluntad de hacerse con la isla y atacar as\u00ed a un aliado y liquidar de hecho la Alianza Atl\u00e1ntica.<\/a><\/p>\n<p class=\"\">El plan dan\u00e9s y europeo para evitarlo combina la firmeza con la persuasi\u00f3n. La firmeza empieza por exhibir una presencia militar en este territorio 50 veces m\u00e1s extenso que Dinamarca, un desierto helado con menos de 60.000 habitantes. Hasta ahora esta presencia era m\u00ednima, por parte de Dinamarca, y menor en todo caso que la de EE UU, que posee la base aeroespecial de Pittufik, en el noroeste de la isla. <\/p>\n<p class=\"\">De acuerdo con las leyes del Reino de Dinamarca, ante una invasi\u00f3n extranjera, sus soldados estar\u00edan obligados a defender el territorio. As\u00ed lo confirm\u00f3 la semana pasada, en una conversaci\u00f3n con EL PA\u00cdS en la isla danesa de Bornholm, el general Peter Boysen, jefe del Ej\u00e9rcito dan\u00e9s.<\/p>\n<p class=\"\">\u201cSi te ataca una potencia extranjera, tienes la obligaci\u00f3n de empezar a luchar\u201d, dijo Boysen, quien rehus\u00f3 hablar espec\u00edficamente de la amenaza estadounidense en Groenlandia. Cuando se le pregunt\u00f3 si, en tanto que militar, estaba preocupado, respondi\u00f3: \u201cMi mayor preocupaci\u00f3n, ahora, es que tenemos que construir r\u00e1pidamente nuestro ej\u00e9rcito al nivel necesario. Debo asegurarme de que las unidades a las que se me ha encargado construir est\u00e9n formadas a tiempo para responder a cualquier amenaza\u201d. <\/p>\n<p class=\"\">Nadie contempla, sin embargo, el escenario del choque militar, y menos entre aliados. \u201cNadie va a luchar contra Estados Unidos por el futuro de Groenlandia\u201d, alarde\u00f3 Stephen Miller, asesor de Trump, tras la incursi\u00f3n estadounidense en Venezuela y la captura del presidente, Nicol\u00e1s Maduro. Ahora la Casa Blanca minimiza la misi\u00f3n europea en Groenlandia, y su portavoz, Karoline Leavitt, ha afirmado que no tendr\u00e1 ning\u00fan impacto en los planes para la anexi\u00f3n. <\/p>\n<p class=\"\">Dinamarca y sus aliados han dejado claro que no est\u00e1n ah\u00ed para proteger a isla ante una invasi\u00f3n. Ni por supuesto mencionan espec\u00edficamente a EE UU como amenaza en sus comunicados. Miden el lenguaje y dejan que los gestos hablen por s\u00ed solos.<\/p>\n<p class=\"\"><a href=\"https:\/\/www.bmvg.de\/de\/presse\/bundeswehr-erkundung-groenland-6058532\" target=\"_self\" rel=\"nofollow noopener\" title=\"https:\/\/www.bmvg.de\/de\/presse\/bundeswehr-erkundung-groenland-6058532\">Boris Pistorius, ministro alem\u00e1n de Defensa, precis\u00f3,<\/a> al anunciar el env\u00edo de 13 miembros de la Bundeswehr, las Fuerzas Armadas federales, que el objetivo es contrarrestar a Rusia y China en la zona, un argumento que deber\u00eda gustar en la Casa Blanca. Estos pa\u00edses \u201cutilizan cada vez m\u00e1s el \u00c1rtico con fines militares, lo que pone en peligro la libertad de las v\u00edas de transporte, comunicaci\u00f3n y comercio\u201d, se\u00f1ala Pistorius. \u201cLa OTAN no lo permitir\u00e1, y seguir\u00e1 defendiendo el orden internacional basado en normas\u201d, a\u00f1adi\u00f3 el ministro alem\u00e1n. \u201cPara m\u00ed es fundamental que coordinemos muy bien la exploraci\u00f3n conjunta en Groenlandia bajo el liderazgo dan\u00e9s dentro de la OTAN, especialmente con nuestros socios estadounidenses\u201d.<\/p>\n<p class=\"\">La menci\u00f3n de Pistorius a EE UU es significativa: los europeos, con la presencia militar en Groenlandia, le indican a Trump que comparten su diagn\u00f3stico sobre las amenazas rusa y china sobre Groenlandia, pero creen que es la OTAN, bajo liderazgo estadounidense, la que debe responder. Es el mismo mensaje de Dinamarca a la Administraci\u00f3n Trump: EE UU no necesita la anexi\u00f3n para garantizar su seguridad, porque el actual acuerdo militar entre ambos pa\u00edses, de 1952, ya permite a los estadounidenses aumentar el n\u00famero de bases (hoy solo una, cuando en la Guerra Fr\u00eda llegaron a ser 17) y la presencia militar. Tambi\u00e9n las inversiones en minerales, si lo desean.<\/p>\n<p class=\"\">Aunque no sea cierto, como dice Trump, que Groenlandia est\u00e9 \u201cllena\u201d de barcos rusos y chinos, las autoridades danesas s\u00ed creen que la ambiciones de estos pa\u00edses existen, y van a m\u00e1s. <a href=\"https:\/\/www.fe-ddis.dk\/globalassets\/fe\/dokumenter\/2025\/-fe-intelligenceoutlook-25-.pdf\" target=\"_self\" rel=\"nofollow noopener\" title=\"https:\/\/www.fe-ddis.dk\/globalassets\/fe\/dokumenter\/2025\/-fe-intelligenceoutlook-25-.pdf\">El \u00faltimo informe de la inteligencia de defensa danesa lo afirma con claridad: <\/a>\u201cPese a la distancia geogr\u00e1fica considerable, peri\u00f3dicamente Rusia despliega submarinos, buques de superficie y aeronaves tanto cerca de Groenlandia y las Islas Feroe [otro territorio del Reino de Dinamarca], as\u00ed como en las aguas entre ambas. Adem\u00e1s, Rusia emplea buques civiles que operan en la zona para realizar tareas de vigilancia en nombre del Estado Ruso\u201d.<\/p>\n<p class=\"\">El informe cita \u201clas ambiciones militares de China en el \u00c1rtico, estrechamente ligadas a la rivalidad estrat\u00e9gica con Estados Unidos\u201d. \u201cEl objetivo a largo plazo de China es desplegar misiles submarinos bajo el hielo y alcanzar as\u00ed la misma capacidad para una r\u00e9plica nuclear que Rusia y Estados Unidos\u201d, contin\u00faa. Aunque el inter\u00e9s de los inversores chinos \u201cpor ahora no ha dado resultado\u201d, la inteligencia militar danesa cree que Pek\u00edn \u201cseguir\u00e1 intentando la cooperaci\u00f3n con Groenlandia, particularmente en la investigaci\u00f3n, pero tambi\u00e9n en los proyectos comerciales\u201d.<\/p>\n<p class=\"\">\u201cEstamos de acuerdo: el \u00c1rtico es una zona muy importante y deber\u00eda ser la mayor prioridad de la OTAN\u201d, confirmaba hace unos d\u00edas en Copenhague la diputada socialdem\u00f3crata danesa Ida Auken. Y esta es la estrategia de Dinamarca y sus socios<a href=\"https:\/\/elpais.com\/internacional\/2026-01-08\/dinamarca-se-prepara-para-lo-impensable-una-venezuela-en-groenlandia.html\" target=\"_self\" rel=\"nofollow noopener\" title=\"https:\/\/elpais.com\/internacional\/2026-01-08\/dinamarca-se-prepara-para-lo-impensable-una-venezuela-en-groenlandia.html\"> para desactivar las ambiciones de Trump. <\/a>Se trata, dijo, de \u201cmostrar a los estadounidenses que tenemos un objetivo y una responsabilidad com\u00fan\u201d. La misi\u00f3n europea es una advertencia a EE UU: los aliados est\u00e1n con Dinamarca. Pero es una advertencia envuelta en una oferta: la OTAN est\u00e1 dispuesta a hacer m\u00e1s.<\/p>\n<p class=\"\">Que la estrategia de persuasi\u00f3n funcione es otra cuesti\u00f3n. Trump esgrime la seguridad, para anexionarse Groenlandia, pero tambi\u00e9n otro argumento de peso: su propio ego. \u201cLa propiedad es importante\u201d,<a href=\"https:\/\/www.nytimes.com\/2026\/01\/08\/world\/interview-donald-trump-venezuela-ice.html\" target=\"_self\" rel=\"nofollow noopener\" title=\"https:\/\/www.nytimes.com\/2026\/01\/08\/world\/interview-donald-trump-venezuela-ice.html\"> declar\u00f3 a The New York Times. <\/a>\u201cPorque es lo que creo que psicol\u00f3gicamente es necesario para el \u00e9xito\u201d. Y ante este factor \u2015la psicolog\u00eda del presidente de Estados Unido\u2015 es mucho m\u00e1s complicado, para los europeos, encontrar una respuesta racional.<\/p>\n","protected":false},"excerpt":{"rendered":"Con los ejercicios militares en Groenlandia que han comenzado esta semana, Europa env\u00eda dos mensajes Donald Trump. Uno&hellip;\n","protected":false},"author":2,"featured_media":345480,"comment_status":"","ping_status":"","sticky":false,"template":"","format":"standard","meta":{"footnotes":""},"categories":[42],"tags":[1618,17,18,1615,2496,352,629,700,13,14,13804,29392,11,61,62,63,64,19,20,9,10,15,16,1614,12,21,22,65,66,67],"class_list":["post-345479","post","type-post","status-publish","format-standard","has-post-thumbnail","category-internacional","tag-artico","tag-breaking-news","tag-breakingnews","tag-china","tag-dinamarca","tag-donald-trump","tag-estados-unidos","tag-europa","tag-featured-news","tag-featurednews","tag-geopolitica","tag-groenlandia","tag-headlines","tag-internacional","tag-international","tag-international-news","tag-internationalnews","tag-latest-news","tag-latestnews","tag-news","tag-noticias","tag-noticias-destacadas","tag-noticiasdestacadas","tag-rusia","tag-titulares","tag-ultimas-noticias","tag-ultimasnoticias","tag-world","tag-world-news","tag-worldnews"],"share_on_mastodon":{"url":"https:\/\/pubeurope.com\/@es\/115909798371947109","error":""},"_links":{"self":[{"href":"https:\/\/www.europesays.com\/es\/wp-json\/wp\/v2\/posts\/345479","targetHints":{"allow":["GET"]}}],"collection":[{"href":"https:\/\/www.europesays.com\/es\/wp-json\/wp\/v2\/posts"}],"about":[{"href":"https:\/\/www.europesays.com\/es\/wp-json\/wp\/v2\/types\/post"}],"author":[{"embeddable":true,"href":"https:\/\/www.europesays.com\/es\/wp-json\/wp\/v2\/users\/2"}],"replies":[{"embeddable":true,"href":"https:\/\/www.europesays.com\/es\/wp-json\/wp\/v2\/comments?post=345479"}],"version-history":[{"count":0,"href":"https:\/\/www.europesays.com\/es\/wp-json\/wp\/v2\/posts\/345479\/revisions"}],"wp:featuredmedia":[{"embeddable":true,"href":"https:\/\/www.europesays.com\/es\/wp-json\/wp\/v2\/media\/345480"}],"wp:attachment":[{"href":"https:\/\/www.europesays.com\/es\/wp-json\/wp\/v2\/media?parent=345479"}],"wp:term":[{"taxonomy":"category","embeddable":true,"href":"https:\/\/www.europesays.com\/es\/wp-json\/wp\/v2\/categories?post=345479"},{"taxonomy":"post_tag","embeddable":true,"href":"https:\/\/www.europesays.com\/es\/wp-json\/wp\/v2\/tags?post=345479"}],"curies":[{"name":"wp","href":"https:\/\/api.w.org\/{rel}","templated":true}]}}