{"id":345590,"date":"2026-01-17T11:11:08","date_gmt":"2026-01-17T11:11:08","guid":{"rendered":"https:\/\/www.europesays.com\/es\/345590\/"},"modified":"2026-01-17T11:11:08","modified_gmt":"2026-01-17T11:11:08","slug":"miyashiro-nuevo-jugador-de-la-ud-las-palmas-ud-las-palmas","status":"publish","type":"post","link":"https:\/\/www.europesays.com\/es\/345590\/","title":{"rendered":"Miyashiro, nuevo jugador de la UD Las Palmas | UD Las Palmas"},"content":{"rendered":"<p>La UD Las Palmas refuerza su l\u00ednea de ataque con la llegada de Taisei Miyashiro (26\/05\/2000, Tokyo), hasta el 30 de junio de 2026, tras el acuerdo alcanzado con su actual club, el Vissel Kobe.\u00a0<\/p>\n<p>\u00a0<\/p>\n<p>Internacional absoluto con Jap\u00f3n, la UD incorpora a un delantero polivalente, muy habilidoso, con gol y veloz.\u00a0<\/p>\n<p>\u00a0<\/p>\n<p>Con m\u00e1s de 166 partidos disputados en la m\u00e1xima categor\u00eda del f\u00fatbol nip\u00f3n, la nueva incorporaci\u00f3n amarilla ha disputado 94 partidos con el Vissel Kobe, anotando 34 goles (11 la pasada temporada).\u00a0<\/p>\n<p>\u00a0<\/p>\n<p>Su debut en la Selecci\u00f3n de Jap\u00f3n se produjo el 8 de julio de 2025, en un encuentro ante Hong Kong de la Copa de Asia Oriental.\u00a0<\/p>\n<p>\u00a0<\/p>\n<p>Taisei Miyashiro pas\u00f3 el reconocimiento m\u00e9dico y ser\u00e1 presentado ante los medios el pr\u00f3ximo martes, en la sala de prensa de la Ciudad Deportiva.\u00a0<\/p>\n","protected":false},"excerpt":{"rendered":"La UD Las Palmas refuerza su l\u00ednea de ataque con la llegada de Taisei Miyashiro (26\/05\/2000, Tokyo), hasta&hellip;\n","protected":false},"author":2,"featured_media":345591,"comment_status":"","ping_status":"","sticky":false,"template":"","format":"standard","meta":{"footnotes":""},"categories":[93],"tags":[168,25,24,23,167],"class_list":{"0":"post-345590","1":"post","2":"type-post","3":"status-publish","4":"format-standard","5":"has-post-thumbnail","7":"category-deportes","8":"tag-deportes","9":"tag-es","10":"tag-espana","11":"tag-spain","12":"tag-sports"},"share_on_mastodon":{"url":"https:\/\/pubeurope.com\/@es\/115910140499473094","error":""},"_links":{"self":[{"href":"https:\/\/www.europesays.com\/es\/wp-json\/wp\/v2\/posts\/345590","targetHints":{"allow":["GET"]}}],"collection":[{"href":"https:\/\/www.europesays.com\/es\/wp-json\/wp\/v2\/posts"}],"about":[{"href":"https:\/\/www.europesays.com\/es\/wp-json\/wp\/v2\/types\/post"}],"author":[{"embeddable":true,"href":"https:\/\/www.europesays.com\/es\/wp-json\/wp\/v2\/users\/2"}],"replies":[{"embeddable":true,"href":"https:\/\/www.europesays.com\/es\/wp-json\/wp\/v2\/comments?post=345590"}],"version-history":[{"count":0,"href":"https:\/\/www.europesays.com\/es\/wp-json\/wp\/v2\/posts\/345590\/revisions"}],"wp:featuredmedia":[{"embeddable":true,"href":"https:\/\/www.europesays.com\/es\/wp-json\/wp\/v2\/media\/345591"}],"wp:attachment":[{"href":"https:\/\/www.europesays.com\/es\/wp-json\/wp\/v2\/media?parent=345590"}],"wp:term":[{"taxonomy":"category","embeddable":true,"href":"https:\/\/www.europesays.com\/es\/wp-json\/wp\/v2\/categories?post=345590"},{"taxonomy":"post_tag","embeddable":true,"href":"https:\/\/www.europesays.com\/es\/wp-json\/wp\/v2\/tags?post=345590"}],"curies":[{"name":"wp","href":"https:\/\/api.w.org\/{rel}","templated":true}]}}