{"id":345611,"date":"2026-01-17T11:26:07","date_gmt":"2026-01-17T11:26:07","guid":{"rendered":"https:\/\/www.europesays.com\/es\/345611\/"},"modified":"2026-01-17T11:26:07","modified_gmt":"2026-01-17T11:26:07","slug":"llull-dijo-que-harden-le-llamo-para-ir-a-la-nba-pero-la-estrella-no-sabe-nada-quien","status":"publish","type":"post","link":"https:\/\/www.europesays.com\/es\/345611\/","title":{"rendered":"Llull dijo que Harden le llam\u00f3 para ir a la NBA pero la estrella no sabe nada: \u201c\u00bfQui\u00e9n?\u201d"},"content":{"rendered":"<p data-gtm-element-container=\"modulo-texto-link\" class=\"paragraph\">Los Houston Rockets de <strong>James Harden <\/strong>quisieron a en 2015 a <strong>Sergio Llull, <\/strong>cuyos derechos de draft adquirieron de los Nuggets despu\u00e9s de que Denver le drafteara el 34 en 2009. El conjunto de Texas se mor\u00eda por hacerse con el jugador del <strong>Real Madrid<\/strong>, pues en Madrid se present\u00f3 el mism\u00edsimo <strong>Daryl Morey<\/strong>, entonces General Manager de los Rockets.\u00a0<\/p>\n<p data-gtm-element-container=\"modulo-texto-link\" class=\"paragraph\">La leyenda blanca incluso cont\u00f3 el pasado verano al show de YouTube <a href=\"https:\/\/www.youtube.com\/watch?v=YKEKR-jnHj0&amp;t=647s\" rel=\"nofollow noreferrer noopener\" target=\"_blank\">TIMEOUT &#8211; Canal de Baloncesto<\/a> que Harden le llam\u00f3 personalmente para que se viniera a los Rockets, que le ofrec\u00edan un contrato por tres a\u00f1os y <strong>17 millones de d\u00f3lares<\/strong>, seg\u00fan apuntaron entonces en Estados Unidos.\u00a0<\/p>\n<p data-gtm-element-container=\"modulo-texto-link\" class=\"paragraph\">\u201cTuve una muy buena temporada y estuvimos en un ciclo ganador. Estuve cerca de irme, una delegaci\u00f3n de los Rockets vino y salimos a cenar. Durante la cena, me pusieron a James Harden al tel\u00e9fono. Me fui de esa cena diciendo \u201cvoy\u201d , estaba casi convencido\u201d, explicaba Llull.\u00a0<\/p>\n<p data-gtm-element-container=\"modulo-texto-link\" class=\"paragraph\">\u201cSe lo dijimos al Madrid. Florentino me llam\u00f3 y me ofreci\u00f3 un contrato de seis a\u00f1os con un incremento, aunque todav\u00eda lejos de lo que la NBA ofrec\u00eda. Al final, pones todo en una balanza y mi decisi\u00f3n se inclin\u00f3 hacia quedarme\u201d, dijo tambi\u00e9n el tres veces campe\u00f3n de la Euroliga entre otros logros.\u00a0<\/p>\n<blockquote class=\"twitter-tweet\" data-lang=\"es\"><p>\n<a href=\"https:\/\/twitter.com\/dazn_es\/status\/2011860429686128743?s=46\" rel=\"nofollow noopener\" target=\"_blank\">\n<\/p><\/blockquote>\n<p data-gtm-element-container=\"modulo-texto-link\" class=\"paragraph\">Sin embargo, la ahora estrella de <strong>Los Angeles Clippers <\/strong>dice no acordarse de esa llamada e incluso parece no saber qui\u00e9n es el jugador menorqu\u00edn.\u00a0<\/p>\n<p data-gtm-element-container=\"modulo-texto-link\" class=\"paragraph\">MD pregunt\u00f3 a la \u2018Barba\u2019 anoche sobre esa llamada al t\u00e9rmino del partido que los Clippers ganaron a los Toronto Raptors en la pr\u00f3rroga (117-121) con 31 puntos y 10 asistencias del MVP de 2018. Tras la pregunta el d\u00eda anterior de DAZN en el partido NBA de Berl\u00edn a su ex compa\u00f1ero<strong> Dwight Howard <\/strong>sobre jugadores de la ACB -el p\u00edvot dijo no saber qui\u00e9n era-, era una buena ocasi\u00f3n para preguntar a James Harden su versi\u00f3n de la llamada.\u00a0<\/p>\n<blockquote class=\"twitter-tweet\" data-lang=\"es\"><p>\n<a href=\"https:\/\/twitter.com\/canyameridis71\/status\/2012402683789873395?s=46\" rel=\"nofollow noopener\" target=\"_blank\">\n<\/p><\/blockquote>\n<p data-gtm-element-container=\"modulo-texto-link\" class=\"paragraph\">Este fue el di\u00e1logo entero con la estrella y sus respuestas de desconcierto.\u00a0<\/p>\n<p data-gtm-element-container=\"modulo-texto-link\" class=\"paragraph\">-James, ayer en el partido NBA de Alemania tu ex compa\u00f1ero de equipo Dwight Howard fue preguntado sobre algunos jugadores de la liga espa\u00f1ola. Uno de los jugadores por los que fue preguntado fue Sergio Llull.\u00a0<\/p>\n<p data-gtm-element-container=\"modulo-texto-link\" class=\"paragraph\">-\u00bfQui\u00e9n?-, pregunt\u00f3 Harden.\u00a0<\/p>\n<p data-gtm-element-container=\"modulo-texto-link\" class=\"paragraph\">-Sergio Llull-<\/p>\n<p data-gtm-element-container=\"modulo-texto-link\" class=\"paragraph\">-No recuerdo-, dijo la estrella pese a que el nombre del base fue repetido varias veces<\/p>\n<p data-gtm-element-container=\"modulo-texto-link\" class=\"paragraph\">-\u00bfNo te acuerdas? \u00c9l cont\u00f3 una historia en verano, record\u00f3 una historia que Houston quer\u00eda ficharle y t\u00fa le llamaste personalmente para convencerle de ir a Houston, pero \u00e9l finalmente decidi\u00f3 quedarse en el Real Madrid-<\/p>\n<p data-gtm-element-container=\"modulo-texto-link\" class=\"paragraph\">-No conozco la historia-, dijo para zanjar el asunto Harden, sin muchas ganas de hablar sobre ello pese a estar de buen humor por su exhibici\u00f3n comandando la remontada de unos Clippers que empezaron <strong>18-4 abajo.\u00a0<\/strong><\/p>\n<p>    Lee tambi\u00e9n<\/p>\n<p data-gtm-element-container=\"modulo-texto-link\" class=\"paragraph\">En defensa del base hay que decir que en verano se cumplir\u00e1n 11 a\u00f1os de esa historia y que, en la burbuja a veces en la que viven los jugadores de la NBA, no es tan extra\u00f1o que los jugadores estadounidenses no conozcan ic\u00f3nicos jugadores de Euroliga como lo ha sido <strong>Sergio Llull.\u00a0<\/strong><\/p>\n<p><script async src=\"https:\/\/platform.twitter.com\/widgets.js\" charset=\"utf-8\"><\/script><\/p>\n","protected":false},"excerpt":{"rendered":"Los Houston Rockets de James Harden quisieron a en 2015 a Sergio Llull, cuyos derechos de draft adquirieron&hellip;\n","protected":false},"author":2,"featured_media":345612,"comment_status":"","ping_status":"","sticky":false,"template":"","format":"standard","meta":{"footnotes":""},"categories":[269],"tags":[299,298,168,25,24,23,167],"class_list":{"0":"post-345611","1":"post","2":"type-post","3":"status-publish","4":"format-standard","5":"has-post-thumbnail","7":"category-baloncesto","8":"tag-baloncesto","9":"tag-basketball","10":"tag-deportes","11":"tag-es","12":"tag-espana","13":"tag-spain","14":"tag-sports"},"share_on_mastodon":{"url":"https:\/\/pubeurope.com\/@es\/115910199797788093","error":""},"_links":{"self":[{"href":"https:\/\/www.europesays.com\/es\/wp-json\/wp\/v2\/posts\/345611","targetHints":{"allow":["GET"]}}],"collection":[{"href":"https:\/\/www.europesays.com\/es\/wp-json\/wp\/v2\/posts"}],"about":[{"href":"https:\/\/www.europesays.com\/es\/wp-json\/wp\/v2\/types\/post"}],"author":[{"embeddable":true,"href":"https:\/\/www.europesays.com\/es\/wp-json\/wp\/v2\/users\/2"}],"replies":[{"embeddable":true,"href":"https:\/\/www.europesays.com\/es\/wp-json\/wp\/v2\/comments?post=345611"}],"version-history":[{"count":0,"href":"https:\/\/www.europesays.com\/es\/wp-json\/wp\/v2\/posts\/345611\/revisions"}],"wp:featuredmedia":[{"embeddable":true,"href":"https:\/\/www.europesays.com\/es\/wp-json\/wp\/v2\/media\/345612"}],"wp:attachment":[{"href":"https:\/\/www.europesays.com\/es\/wp-json\/wp\/v2\/media?parent=345611"}],"wp:term":[{"taxonomy":"category","embeddable":true,"href":"https:\/\/www.europesays.com\/es\/wp-json\/wp\/v2\/categories?post=345611"},{"taxonomy":"post_tag","embeddable":true,"href":"https:\/\/www.europesays.com\/es\/wp-json\/wp\/v2\/tags?post=345611"}],"curies":[{"name":"wp","href":"https:\/\/api.w.org\/{rel}","templated":true}]}}