{"id":345695,"date":"2026-01-17T12:26:07","date_gmt":"2026-01-17T12:26:07","guid":{"rendered":"https:\/\/www.europesays.com\/es\/345695\/"},"modified":"2026-01-17T12:26:07","modified_gmt":"2026-01-17T12:26:07","slug":"dia-de-san-anton-que-dice-la-iglesia-sobre-el-amor-a-las-mascotas-abc","status":"publish","type":"post","link":"https:\/\/www.europesays.com\/es\/345695\/","title":{"rendered":"D\u00eda de San Ant\u00f3n: qu\u00e9 dice la Iglesia sobre el amor a las mascotas &#8211; ABC"},"content":{"rendered":"<ol>\n<li><a href=\"https:\/\/news.google.com\/rss\/articles\/CBMimwFBVV95cUxOVEtwQW9PQlFaNzQxUWV4cS02LV9fVU13b0ZrTFd3TFRGZ2RrRnFTb3NRSnVENGIwMF9hbl9sTHdJdExhQ2tKeDU2akFYSTZHYW1qdS1jMDlvMXdZVFVnbjdLZkI5TGhTUGJNZUM3bmVrOE1hR1NaX1RIM3h1YmN2cV9xdDI3RzdiQkE2NHFDWHk5azFuaFJRYXItc9IBoAFBVV95cUxNeVlMekVKSmVOVHFJN0ZMcUFIYmVaQjhZc3E0NmlFVzNjR0JoeWNieGFFUHplY1V2c2I1aHJlajh6aWtFcnd5RDFxUXZpcll0Rl94Y1pQczhnV0NZeURrSXR1YUd0dGJPYzUzdWNGS0NUY3ZYUzJmekhPeGxQUGNGclN0Y3phMHNWZEhLWkczQmZEbmhLMzRwSTFuRjJxODFI?oc=5\" target=\"_blank\" rel=\"nofollow noopener\">D\u00eda de San Ant\u00f3n: qu\u00e9 dice la Iglesia sobre el amor a las mascotas<\/a>&nbsp;&nbsp;ABC<\/li>\n<li><a href=\"https:\/\/news.google.com\/rss\/articles\/CBMi4wFBVV95cUxOSzI2QndSZ0xkR1Q0dlNjSGFZSFdveml1ZHlGenNEZmJqSm14Sm9xNE9obGdRN1hsNDJ1MEEyaU85T3JHSmktLTB3YnBQQUxMdTB3VmhjVEloMTRjbWlrR190WmpfeUt0QzJOMy00eWlhbEZkUWp4MG8zYk0tbUJFeUVmTUxEMjdZb1RvMm9CS3JseVdNZnlYY0ZENUxCR2lDbkRKekdLRHFGYmRzRG91a1ZndXVGVlcwZjRWS0wtUGpXMWxRYVZSWEJHRmV3ZnQxdWEwV3g3MG04TnhNd3JLQ0R6Y9IB6AFBVV95cUxNMnhOaWkxbExNbFNDajVzVkdSNE1LWXljSndxWHJmWnRSTGxHbGpLTmo4LUlSenZmc0pUaG1XLS12alFacFJzNmYtaW9pS2pZVVNJZC1vZGRQTHZJbHo1SlJMVTBXdXdJOGx2eTVDd2k1MmFiVEZpQXZqWVlJNVNfbEZpU1hDaUNCMHp3WU9GTnFyU3ZLWXRJUVd6cEFvZWZTM3FoTnNNZmhVN3FfbjJ3V01LUldrYml0S2hNa1FhVFR1VWN6aDFMWVJQYUxCOHVRaDR5MU5ld1pDQ2FOZEVLUmRSMWplbnpH?oc=5\" target=\"_blank\" rel=\"nofollow noopener\">Fiestas de San Ant\u00f3n en Espa\u00f1a: tradiciones y fiestas m\u00e1s emblem\u00e1ticas<\/a>&nbsp;&nbsp;Idealista<\/li>\n<li><a href=\"https:\/\/news.google.com\/rss\/articles\/CBMirgFBVV95cUxQNEtoRi16eGpkQ1dKZUctMjVXZzBYX1N4SHJ0YjVTcTdZYURSMzhMa3V4VjVpSmtEV3k4Q3UzeklpTU1UeEVJMWcxTmc2VzhPMXNsek5tQWdTMmhhYTE1blR1cEk4ZjJJOGtmdDRqNDJOOXNoRi1CZkF2djNMSHJmMWVhME1ZeVlqYU44Y09hYVRvT0RiSHRGenZpbktWMGdwNnRJOWtlSnNqTTMyR1E?oc=5\" target=\"_blank\" rel=\"nofollow noopener\">Estas son las iglesias de Sevilla donde puedes llevar a tus mascotas para recibir la bendici\u00f3n por el d\u00eda de San Antonio Abad<\/a>&nbsp;&nbsp;ABC<\/li>\n<li><a href=\"https:\/\/news.google.com\/rss\/articles\/CBMioAFBVV95cUxNWVp3SDBXYWNqZ1NyWmp2SXBNNmZWejMzX2pMUG9IYVdCMk43UERjVl9JMDVDb1FxNmRrUkNuekY5MmlqVFRYbkhTeDdXd1ZkOXFOTmd6ZmJGUGNxU2l2aHQ2X2lyOW16UDBiNUdJTWd1WUE1bjFvTGVRQXZVS3BMbERmMDNlMVFzNHUzbTFWQ1kzRUdPa3hlS0tiSHZxWk1J0gGmAUFVX3lxTE84ejZvTkFTVV9peFFmeUg3X2xNTVllNzY1STE3aGk2a1Z3YmtadGw3VGN0ZU5qZ1o2ejhTN3NWbjc0bFFJZVNYUWcxSkRxcmd3bTJoZEdMTFBBb0V5ekszWV8tUXJqTVd0RkVnNDZSamN6TzFRVFFJRGxKakNFWlh5S0w3dzl0WFRhT0M4M3hIMUZUUklHUEtTTElRM0FsbmpiM3V5Unc?oc=5\" target=\"_blank\" rel=\"nofollow noopener\">As\u00ed es el rito de San Ant\u00f3n para bendecir a los animales: en qu\u00e9 consiste y cu\u00e1l es la oraci\u00f3n<\/a>&nbsp;&nbsp;OkDiario<\/li>\n<li><a href=\"https:\/\/news.google.com\/rss\/articles\/CBMiiwFBVV95cUxPTl9jTkdOSjE4WWtOMklXWTlJVkh3UXNINGQ3X00zNElzWkxuVVhBYjMybUphN3RMMXRlSW5MZ0lTWktZeHdVby01cl8yNHp1SFlvTDlHOEZVZ2ZhcVdOdjFjcmdkUWM5WVhzYklTT0l4OXhNYjV4TEFJVnlHNDZ6VWdWbm40ejhCOE9V?oc=5\" target=\"_blank\" rel=\"nofollow noopener\">Bendici\u00f3n de mascotas en la parroquia de La Soledad<\/a>&nbsp;&nbsp;Di\u00f3cesis de Tui-Vigo<\/li>\n<\/ol>\n","protected":false},"excerpt":{"rendered":"D\u00eda de San Ant\u00f3n: qu\u00e9 dice la Iglesia sobre el amor a las mascotas&nbsp;&nbsp;ABC Fiestas de San Ant\u00f3n&hellip;\n","protected":false},"author":2,"featured_media":338026,"comment_status":"","ping_status":"","sticky":false,"template":"","format":"standard","meta":{"footnotes":""},"categories":[8],"tags":[17,18,25,24,13,14,11,19,20,9,10,15,16,23,12,21,22],"class_list":{"0":"post-345695","1":"post","2":"type-post","3":"status-publish","4":"format-standard","5":"has-post-thumbnail","7":"category-espana","8":"tag-breaking-news","9":"tag-breakingnews","10":"tag-es","11":"tag-espana","12":"tag-featured-news","13":"tag-featurednews","14":"tag-headlines","15":"tag-latest-news","16":"tag-latestnews","17":"tag-news","18":"tag-noticias","19":"tag-noticias-destacadas","20":"tag-noticiasdestacadas","21":"tag-spain","22":"tag-titulares","23":"tag-ultimas-noticias","24":"tag-ultimasnoticias"},"share_on_mastodon":{"url":"https:\/\/pubeurope.com\/@es\/115910435410524701","error":""},"_links":{"self":[{"href":"https:\/\/www.europesays.com\/es\/wp-json\/wp\/v2\/posts\/345695","targetHints":{"allow":["GET"]}}],"collection":[{"href":"https:\/\/www.europesays.com\/es\/wp-json\/wp\/v2\/posts"}],"about":[{"href":"https:\/\/www.europesays.com\/es\/wp-json\/wp\/v2\/types\/post"}],"author":[{"embeddable":true,"href":"https:\/\/www.europesays.com\/es\/wp-json\/wp\/v2\/users\/2"}],"replies":[{"embeddable":true,"href":"https:\/\/www.europesays.com\/es\/wp-json\/wp\/v2\/comments?post=345695"}],"version-history":[{"count":0,"href":"https:\/\/www.europesays.com\/es\/wp-json\/wp\/v2\/posts\/345695\/revisions"}],"wp:featuredmedia":[{"embeddable":true,"href":"https:\/\/www.europesays.com\/es\/wp-json\/wp\/v2\/media\/338026"}],"wp:attachment":[{"href":"https:\/\/www.europesays.com\/es\/wp-json\/wp\/v2\/media?parent=345695"}],"wp:term":[{"taxonomy":"category","embeddable":true,"href":"https:\/\/www.europesays.com\/es\/wp-json\/wp\/v2\/categories?post=345695"},{"taxonomy":"post_tag","embeddable":true,"href":"https:\/\/www.europesays.com\/es\/wp-json\/wp\/v2\/tags?post=345695"}],"curies":[{"name":"wp","href":"https:\/\/api.w.org\/{rel}","templated":true}]}}