{"id":345721,"date":"2026-01-17T12:48:07","date_gmt":"2026-01-17T12:48:07","guid":{"rendered":"https:\/\/www.europesays.com\/es\/345721\/"},"modified":"2026-01-17T12:48:07","modified_gmt":"2026-01-17T12:48:07","slug":"jamenei-responsabiliza-directamente-a-trump-de-los-mas-de-3-400-manifestantes-muertos-en-iran","status":"publish","type":"post","link":"https:\/\/www.europesays.com\/es\/345721\/","title":{"rendered":"Jamenei responsabiliza directamente a Trump de los m\u00e1s de 3.400 manifestantes muertos en Ir\u00e1n"},"content":{"rendered":"<p>\n         Publicado<br \/>\n            17\/01\/2026 &#8211; 13:19 CET\n            <\/p>\n<p>El ayatol\u00e1 Al\u00ed Jamenei compareci\u00f3 durante la celebraci\u00f3n del Eid al Mabath para enviar un mensaje directo a Washington. <strong>Se\u00f1al\u00f3 a Donald Trump como culpable de las v\u00edctimas mortales, los da\u00f1os y las calumnias contra Ir\u00e1n<\/strong>, pa\u00eds que atraviesa una crisis sin precedentes desde que comenzaran las manifestaciones el 28 de diciembre.<\/p>\n<p>Las cifras son contundentes. <a href=\"https:\/\/es.euronews.com\/2026\/01\/14\/3400-manifestantes-muerto-represion-protestas-iran\" rel=\"nofollow noopener\" target=\"_blank\"><strong>Activistas iran\u00edes cifran en m\u00e1s de 3.400 los muertos por la represi\u00f3n del r\u00e9gimen<\/strong><\/a>, aunque las autoridades de Teher\u00e1n no reconocen estas estad\u00edsticas. Lo que empez\u00f3 como protestas contra el desplome de la moneda nacional se transform\u00f3 en algo m\u00e1s amplio: una movilizaci\u00f3n juvenil que cuestiona los pilares ideol\u00f3gicos del sistema.<\/p>\n<p>Jamenei fue claro en su discurso. Afirm\u00f3 que su pa\u00eds \u00abno ir\u00e1 a la guerra\u00bb pero <strong>tampoco \u00abperdonar\u00e1 a los criminales nacionales e internacionales\u00bb<\/strong>. El l\u00edder supremo insisti\u00f3 en que <a href=\"https:\/\/es.euronews.com\/2026\/01\/11\/quien-es-reza-pahlavi-lider-exilio-protestas-sacuden-iran\" rel=\"nofollow noopener\" target=\"_blank\">los disturbios violentos<\/a> son resultado de una \u00absedici\u00f3n americana\u00bb y prometi\u00f3 romper el espinazo de quienes participan en lo que considera una conspiraci\u00f3n exterior.<\/p>\n<p>Entre el di\u00e1logo y la amenaza militar<\/p>\n<p>La Rep\u00fablica Isl\u00e1mica mantiene una postura dual. Por un lado, <strong>ha propuesto a Washington iniciar un proceso de di\u00e1logo<\/strong> para resolver diferencias. Por otro, asegura estar preparada para un conflicto armado si fuera necesario. El r\u00e9gimen iran\u00ed sostiene que las manifestaciones derivaron en violencia para darle a Trump una excusa que justifique una intervenci\u00f3n militar.<\/p>\n<p>El contexto regional a\u00f1ade combustible al fuego. <strong>En junio de 2025, Israel lanz\u00f3 una ofensiva contra Ir\u00e1n a la que Estados Unidos<\/strong> se sum\u00f3 con <a href=\"https:\/\/es.euronews.com\/2025\/06\/22\/la-operacion-de-eeuu-contra-iran-al-detalle-bombas-aviones-y-misiles-usados\" rel=\"nofollow noopener\" target=\"_blank\"><strong>bombardeos sobre tres instalaciones nucleares<\/strong><\/a>. Aquel enfrentamiento dur\u00f3 12 d\u00edas y las fuerzas iran\u00edes respondieron con cientos de misiles y drones contra territorio israel\u00ed y contra la base estadounidense en Catar.<\/p>\n<p>Jamenei declar\u00f3 estar convencido de que lo ocurrido en el pa\u00eds responde a una <a href=\"https:\/\/es.euronews.com\/2026\/01\/17\/la-ue-alerta-del-riesgo-de-sobrevolar-iran-ante-el-temor-de-ataques-militares-de-eeuu\" rel=\"nofollow noopener\" target=\"_blank\">incitaci\u00f3n de Estados Unidos<\/a> con el objetivo de \u00abdevorar a Ir\u00e1n\u00bb. Mientras tanto, las calles iran\u00edes siguen siendo escenario de choques entre manifestantes y fuerzas de seguridad, sin que se vislumbre un final cercano a la crisis.<\/p>\n","protected":false},"excerpt":{"rendered":"Publicado 17\/01\/2026 &#8211; 13:19 CET El ayatol\u00e1 Al\u00ed Jamenei compareci\u00f3 durante la celebraci\u00f3n del Eid al Mabath para&hellip;\n","protected":false},"author":2,"featured_media":345722,"comment_status":"","ping_status":"","sticky":false,"template":"","format":"standard","meta":{"footnotes":""},"categories":[42],"tags":[60067,17,18,352,13,14,11,61,62,63,64,3137,19,20,78090,9,10,15,16,12,21,22,65,66,67],"class_list":{"0":"post-345721","1":"post","2":"type-post","3":"status-publish","4":"format-standard","5":"has-post-thumbnail","7":"category-internacional","8":"tag-ali-jamenei","9":"tag-breaking-news","10":"tag-breakingnews","11":"tag-donald-trump","12":"tag-featured-news","13":"tag-featurednews","14":"tag-headlines","15":"tag-internacional","16":"tag-international","17":"tag-international-news","18":"tag-internationalnews","19":"tag-iran","20":"tag-latest-news","21":"tag-latestnews","22":"tag-manifestaciones-en-iran","23":"tag-news","24":"tag-noticias","25":"tag-noticias-destacadas","26":"tag-noticiasdestacadas","27":"tag-titulares","28":"tag-ultimas-noticias","29":"tag-ultimasnoticias","30":"tag-world","31":"tag-world-news","32":"tag-worldnews"},"share_on_mastodon":{"url":"https:\/\/pubeurope.com\/@es\/115910521859579647","error":""},"_links":{"self":[{"href":"https:\/\/www.europesays.com\/es\/wp-json\/wp\/v2\/posts\/345721","targetHints":{"allow":["GET"]}}],"collection":[{"href":"https:\/\/www.europesays.com\/es\/wp-json\/wp\/v2\/posts"}],"about":[{"href":"https:\/\/www.europesays.com\/es\/wp-json\/wp\/v2\/types\/post"}],"author":[{"embeddable":true,"href":"https:\/\/www.europesays.com\/es\/wp-json\/wp\/v2\/users\/2"}],"replies":[{"embeddable":true,"href":"https:\/\/www.europesays.com\/es\/wp-json\/wp\/v2\/comments?post=345721"}],"version-history":[{"count":0,"href":"https:\/\/www.europesays.com\/es\/wp-json\/wp\/v2\/posts\/345721\/revisions"}],"wp:featuredmedia":[{"embeddable":true,"href":"https:\/\/www.europesays.com\/es\/wp-json\/wp\/v2\/media\/345722"}],"wp:attachment":[{"href":"https:\/\/www.europesays.com\/es\/wp-json\/wp\/v2\/media?parent=345721"}],"wp:term":[{"taxonomy":"category","embeddable":true,"href":"https:\/\/www.europesays.com\/es\/wp-json\/wp\/v2\/categories?post=345721"},{"taxonomy":"post_tag","embeddable":true,"href":"https:\/\/www.europesays.com\/es\/wp-json\/wp\/v2\/tags?post=345721"}],"curies":[{"name":"wp","href":"https:\/\/api.w.org\/{rel}","templated":true}]}}