{"id":345766,"date":"2026-01-17T13:23:10","date_gmt":"2026-01-17T13:23:10","guid":{"rendered":"https:\/\/www.europesays.com\/es\/345766\/"},"modified":"2026-01-17T13:23:10","modified_gmt":"2026-01-17T13:23:10","slug":"ha-sido-muda-toda-la-vida","status":"publish","type":"post","link":"https:\/\/www.europesays.com\/es\/345766\/","title":{"rendered":"Ha sido muda toda la vida"},"content":{"rendered":"<p>Al igual que sucede con otros periodistas televisivos,<b> Lydia Lozano sigue atentamente<\/b> todo lo relacionado con las presuntas agresiones f\u00edsicas y sexuales de <a title=\"Julio Iglesias contra dos de sus trabajadoras\" href=\"https:\/\/www.larazon.es\/gente\/famosos\/julio-iglesias-cifras-impacto-negativo-denuncias-imagen_20260116696a6fa65b0f02269968d594.html\" target=\"_blank\" rel=\"nofollow noopener\">Julio Iglesias contra dos de sus trabajadoras<\/a>. Y se atreve a definir a Miranda, <a title=\"la esposa del cantante\" href=\"https:\/\/www.larazon.es\/gente\/famosos\/miranda-shock-pacto-silencio-mujer-julio-iglesias_20260117696aec2a384d9f038d8ea6c0.html\" target=\"_blank\" rel=\"nofollow noopener\">la esposa del cantante<\/a>, con una frase muy significativa: \u00abQu\u00e9 va a hacer ahora la pobre, si ha sido muda toda la vida\u00bb.<\/p>\n<p>La colaboradora de \u00ab\u00a1De viernes!\u00bb a\u00f1ade en conversaci\u00f3n con los reporteros de Europa Press que<b> \u00abnunca ha hablado, ni se pronuncia, ni habla ni nada,<\/b> la mujer perfecta a la sombre de Julio. Esto no es un matrimonio al uso\u00bb.<\/p>\n<p><img decoding=\"async\" loading=\"lazy\" src=\"https:\/\/www.europesays.com\/es\/wp-content\/uploads\/2026\/01\/1768656190_503_123.jpg\" alt=\"Julio Iglesias y MIranda Rijsburger\" width=\"692\" height=\"1011\"\/><b>Julio Iglesias y MIranda Rijsburger<\/b>larazon<\/p>\n<p>Se refiere a que la holandesa y su marido pr\u00e1cticamente viven separados y apenas se ven a lo largo del a\u00f1o.<b> Ella est\u00e1 volcada en sus cinco hijos y \u00e9l reside solo, <\/b>acompa\u00f1ado de sus empleados y sin familia, entre Bahamas y la Rep\u00fablica Dominicana. Una relaci\u00f3n conyugal casi inexistente.<\/p>\n<p>Celosa de su vida privada<\/p>\n<p>Lo mismo que la anterior piensa la mayor\u00eda de gente que conoce bien a Iglesias. Con el paso de los a\u00f1os se ha convertido en un hombre demasiado solitario, y ahora vive lejano a la realidad de los suyos.<\/p>\n<p>Miranda no quiere saber lo m\u00e1s m\u00ednimo del mundo medi\u00e1tico<b>, sonriente y callada ante las preguntas de los reporteros<\/b> que en poqu\u00edsimas ocasiones la pillan por la calle, y celosa de su vida privada.<\/p>\n<p>De ella dicen que es discreta, sensible, cari\u00f1osa y respetuosa, muy enamorada del padre de sus hijos, pero<b> consciente del tipo de existencia que le ha tocado vivir,<\/b> alejada grandes temporadas del hombre al que quiere, al igual que ocurre con los hijos de ambos. Esta m\u00e1s cerca de su padre Ch\u00e1beli, nacida durante el matrimonio del artista con Isabel Preysler, que el resto de hermanos.<\/p>\n<p><b>Los dos se entienden al cien por cien<\/b> y Julio la ve m\u00e1s que a su esposa.<\/p>\n","protected":false},"excerpt":{"rendered":"Al igual que sucede con otros periodistas televisivos, Lydia Lozano sigue atentamente todo lo relacionado con las presuntas&hellip;\n","protected":false},"author":2,"featured_media":345767,"comment_status":"","ping_status":"","sticky":false,"template":"","format":"standard","meta":{"footnotes":""},"categories":[174],"tags":[255,146,147,25,24,256,23],"class_list":{"0":"post-345766","1":"post","2":"type-post","3":"status-publish","4":"format-standard","5":"has-post-thumbnail","7":"category-famosos","8":"tag-celebrities","9":"tag-entertainment","10":"tag-entretenimiento","11":"tag-es","12":"tag-espana","13":"tag-famosos","14":"tag-spain"},"share_on_mastodon":{"url":"https:\/\/pubeurope.com\/@es\/115910659460476893","error":""},"_links":{"self":[{"href":"https:\/\/www.europesays.com\/es\/wp-json\/wp\/v2\/posts\/345766","targetHints":{"allow":["GET"]}}],"collection":[{"href":"https:\/\/www.europesays.com\/es\/wp-json\/wp\/v2\/posts"}],"about":[{"href":"https:\/\/www.europesays.com\/es\/wp-json\/wp\/v2\/types\/post"}],"author":[{"embeddable":true,"href":"https:\/\/www.europesays.com\/es\/wp-json\/wp\/v2\/users\/2"}],"replies":[{"embeddable":true,"href":"https:\/\/www.europesays.com\/es\/wp-json\/wp\/v2\/comments?post=345766"}],"version-history":[{"count":0,"href":"https:\/\/www.europesays.com\/es\/wp-json\/wp\/v2\/posts\/345766\/revisions"}],"wp:featuredmedia":[{"embeddable":true,"href":"https:\/\/www.europesays.com\/es\/wp-json\/wp\/v2\/media\/345767"}],"wp:attachment":[{"href":"https:\/\/www.europesays.com\/es\/wp-json\/wp\/v2\/media?parent=345766"}],"wp:term":[{"taxonomy":"category","embeddable":true,"href":"https:\/\/www.europesays.com\/es\/wp-json\/wp\/v2\/categories?post=345766"},{"taxonomy":"post_tag","embeddable":true,"href":"https:\/\/www.europesays.com\/es\/wp-json\/wp\/v2\/tags?post=345766"}],"curies":[{"name":"wp","href":"https:\/\/api.w.org\/{rel}","templated":true}]}}