{"id":345801,"date":"2026-01-17T13:51:06","date_gmt":"2026-01-17T13:51:06","guid":{"rendered":"https:\/\/www.europesays.com\/es\/345801\/"},"modified":"2026-01-17T13:51:06","modified_gmt":"2026-01-17T13:51:06","slug":"los-directores-de-warner-destapan-la-verdad-de-joker-2-y-hablan-de-su-fracaso-2-anos-despues-hizo-lo-que-la-mayoria-no-hace-vandal","status":"publish","type":"post","link":"https:\/\/www.europesays.com\/es\/345801\/","title":{"rendered":"Los directores de Warner destapan la verdad de Joker 2 y hablan de su fracaso 2 a\u00f1os despu\u00e9s: &#039;Hizo lo que la mayor\u00eda no hace&#039; &#8211; Vandal"},"content":{"rendered":"<ol>\n<li><a href=\"https:\/\/news.google.com\/rss\/articles\/CBMi_wFBVV95cUxPcjdmWGFZeGFFN2ZEV2xHZTlfdUlFZGdhUWo2X1dvSGktenpGMWwteDYtSXdZdVowVnJjVTFKNEp3MnZqTzB4OEp1RG5ua3hRRjFNRTBlQk1YcGpXamRCOUFKcXJzdFlLRW9VbDNhZzJ6RVZHWDlsWlFsMWwwOWVGVHdVXzlEbVVrSG94dkVhMkpKaGd1RHoyOWJCOTZhcXNzMjFUQk4zVGpoQlRId1kzcWxEclQ5bVlxdjhuVG9Ec0FkTUNaZEZUYUNOZDJGeUptMUJxYi1nclQxbnJXS0NBNmVQRWlZWUQ2RGs0OHFwSEgwbXZOU0NIekNhMmc2SjDSAYQCQVVfeXFMUGNIN3ZxVmtDM3MwQk5tejRZUnVXUlRpeDQ3d3FZQ19PdDMxczdqN2NJblQ4S3JjZXVUWVNxWkQ3UDdTYklwbkFqdzBUR3JFRHhOQzlJcUxaSGc5SGhDNEVkQ0ZrSzNBVlRNQkQ3TS1lazJQOEpLTFZvUE1mZlR6bkZQM0FueEpDaGFYZEV4UEczOThHdy1HRHpBalZhS0ktWHVyUGhNNE9ud0tDaW9aSkNIUTlVRnJiSTFtM1N0NDc0SEFmcThDRDFlbWk3OFJ0bG0zSDZicWFsU1BYaWp5cGpBazJxUEY4aVZtS1puTnYxRmVrN2k5cm5fUlI5bmJOaTlrbmU?oc=5\" target=\"_blank\" rel=\"nofollow noopener\">Los directores de Warner destapan la verdad de Joker 2 y hablan de su fracaso 2 a\u00f1os despu\u00e9s: &#8216;Hizo lo que la mayor\u00eda no hace&#8217;<\/a>&nbsp;&nbsp;Vandal<\/li>\n<li><a href=\"https:\/\/news.google.com\/rss\/articles\/CBMia0FVX3lxTE1hVTZ5OGRDcm4wRk50WDB0cFJhOHIyRXVwTFh5RHp6TUJBcnF0VTNYbTJBYkNXZ1RkVlF5aU94RkFUbS1sRS1aSWM2eVlNaW1wOTZhSmFwNTV4cUZsSFd1ZHVxa2Nwd01KdlBn0gFwQVVfeXFMTjRqYkpQUXJGY1NXX216WUxCZVZhaFI2SlNzbGhjTkRodmFZd250MUJtREQ0N2l1SzF0bGF1SThkVE5Na0lnQWI2YURKNVRNNW5lS2lQak9zdE1OSDZfR2Rrdy1veW83RU5tMUtUWElrNg?oc=5\" target=\"_blank\" rel=\"nofollow noopener\">La culpa del fracaso de &#8216;Joker 2&#8217;: \u00abFue muy revisionista\u00bb<\/a>&nbsp;&nbsp;SensaCine<\/li>\n<li><a href=\"https:\/\/news.google.com\/rss\/articles\/CBMizgFBVV95cUxQVGV3OWp0VnFKdl9QamhKdXYyYXpmanhkQm1OSnJRYjR3RVBsY0hKOHhwSk04SWlYMTRqQkROZWp6cnpZTURhLUQ4cEp5V1h3MGRaYXhELXRpUWgtb29lN1N1emNQejNLRjA5dGx0VTlDTEYwN2RpZjlQZzFCcE9fb1F1VkhKZUl4c2dGOUdYc3pIaFZlN3hydS1uSmplMHF6ZXF1YUFaaDZHaHFhN3NoOHFxdjBlclNxRjdNb1M5azBnSFM5VENCc29jMGJhQQ?oc=5\" target=\"_blank\" rel=\"nofollow noopener\">Ejecutivos de Warner Bros. salen en defensa de Joker 2: \u00abEra demasiado revisionista para el p\u00fablico\u00bb<\/a>&nbsp;&nbsp;IGN Espa\u00f1a<\/li>\n<li><a href=\"https:\/\/news.google.com\/rss\/articles\/CBMif0FVX3lxTE0yOVZ1Sjk1Y21mMWNBcUNzcGV0b3NJVnhSREFFRXBNYW1BVVlLd3c5SHlTZGNmOVBwSXZDaG05UmpJNDJneDVVbmExUmdlOTNYMksyMzVMSTVxWFhnSDVheUlUbTREQktpTVc5d3lSeWNINHY5UjJXUFA3RGl1WUk?oc=5\" target=\"_blank\" rel=\"nofollow noopener\">Productores de Joker 2 explicaron por qu\u00e9 la pel\u00edcula fracas\u00f3<\/a>&nbsp;&nbsp;Cinemascomics.com<\/li>\n<li><a href=\"https:\/\/news.google.com\/rss\/articles\/CBMi2gFBVV95cUxOVVBVVE9nWV9NYnBoSVc4Y0ZOVTZGRV9rT21xVnB5Wjl4U2FwNTVjbUR1SnU5UnlIc0dqUnV5cTFjSVh5Z2o5N2xUNmJBRGFuZGlubnRqRjlVYnBmM190RzduSzhocm90REY1bjAzdTFhV1pQcGJUTXY1Tm05MWVOREhkdm9jSlI2X1p3bDZ2Nm95LUZjbXdDZjJZcE1Ua0lzQ1V4N0dJaTFGSWdhdDd5Ymx0MWdGV05NN1NHdUg1OFdWWnZjTmYtOGJ5NXNqSVZDNTRUSllDOEFiUQ?oc=5\" target=\"_blank\" rel=\"nofollow noopener\">Warner Bros. defiende \u2018Joker: Folie \u00e0 Deux\u2019 pero admite que su enfoque &#8216;revisionista&#8217; caus\u00f3 la divisiva recepci\u00f3n<\/a>&nbsp;&nbsp;Tomatazos<\/li>\n<\/ol>\n","protected":false},"excerpt":{"rendered":"Los directores de Warner destapan la verdad de Joker 2 y hablan de su fracaso 2 a\u00f1os despu\u00e9s:&hellip;\n","protected":false},"author":2,"featured_media":338026,"comment_status":"","ping_status":"","sticky":false,"template":"","format":"standard","meta":{"footnotes":""},"categories":[169],"tags":[177,146,147,25,24,176,175,23],"class_list":{"0":"post-345801","1":"post","2":"type-post","3":"status-publish","4":"format-standard","5":"has-post-thumbnail","7":"category-cine","8":"tag-cine","9":"tag-entertainment","10":"tag-entretenimiento","11":"tag-es","12":"tag-espana","13":"tag-film","14":"tag-movies","15":"tag-spain"},"share_on_mastodon":{"url":"https:\/\/pubeurope.com\/@es\/115910769764682297","error":""},"_links":{"self":[{"href":"https:\/\/www.europesays.com\/es\/wp-json\/wp\/v2\/posts\/345801","targetHints":{"allow":["GET"]}}],"collection":[{"href":"https:\/\/www.europesays.com\/es\/wp-json\/wp\/v2\/posts"}],"about":[{"href":"https:\/\/www.europesays.com\/es\/wp-json\/wp\/v2\/types\/post"}],"author":[{"embeddable":true,"href":"https:\/\/www.europesays.com\/es\/wp-json\/wp\/v2\/users\/2"}],"replies":[{"embeddable":true,"href":"https:\/\/www.europesays.com\/es\/wp-json\/wp\/v2\/comments?post=345801"}],"version-history":[{"count":0,"href":"https:\/\/www.europesays.com\/es\/wp-json\/wp\/v2\/posts\/345801\/revisions"}],"wp:featuredmedia":[{"embeddable":true,"href":"https:\/\/www.europesays.com\/es\/wp-json\/wp\/v2\/media\/338026"}],"wp:attachment":[{"href":"https:\/\/www.europesays.com\/es\/wp-json\/wp\/v2\/media?parent=345801"}],"wp:term":[{"taxonomy":"category","embeddable":true,"href":"https:\/\/www.europesays.com\/es\/wp-json\/wp\/v2\/categories?post=345801"},{"taxonomy":"post_tag","embeddable":true,"href":"https:\/\/www.europesays.com\/es\/wp-json\/wp\/v2\/tags?post=345801"}],"curies":[{"name":"wp","href":"https:\/\/api.w.org\/{rel}","templated":true}]}}