{"id":345806,"date":"2026-01-17T13:54:10","date_gmt":"2026-01-17T13:54:10","guid":{"rendered":"https:\/\/www.europesays.com\/es\/345806\/"},"modified":"2026-01-17T13:54:10","modified_gmt":"2026-01-17T13:54:10","slug":"adios-al-genial-alvaro-lamas-corazon-de-los-limones-con-su-steel-guitar-un-simbolo-de-ferrol-la-voz-de-galicia","status":"publish","type":"post","link":"https:\/\/www.europesays.com\/es\/345806\/","title":{"rendered":"Adi\u00f3s al genial \u00c1lvaro Lamas, coraz\u00f3n de Los Limones con su \u00absteel guitar\u00bb: \u00abUn s\u00edmbolo de Ferrol\u00bb &#8211; La Voz de Galicia"},"content":{"rendered":"<ol>\n<li><a href=\"https:\/\/news.google.com\/rss\/articles\/CBMi8gFBVV95cUxQOXhsTXNhZkljNVdqNjhJVlFSMUt2YWp1RFFSQjQ0SFlFYW96OHEzLUVVTl9RSWdpVnJCTmRGYWlCZVBNSmhwVW5yVkxBX25ISlZSX004ZnVXQ2xTWVBMbEw3WjZRQmV0bU1PSUo5cWxpalRUaThZZ1VEWVNuczlWV1hXTERmY190ZVdHcFd3QnZMUEM2QnloZ3lPb0RYUlJvb1gtd2ZLcWpERU9RRWxELUJVcEgxVDdyeXc5ZHNpMTFsa0o5NmlWdmMzVXAtaG42Z1h3dkZpaFplZTZQV0ZmeHhxWUw1UG5UbVd3aENUeEY3dw?oc=5\" target=\"_blank\" rel=\"nofollow noopener\">Adi\u00f3s al genial \u00c1lvaro Lamas, coraz\u00f3n de Los Limones con su \u00absteel guitar\u00bb: \u00abUn s\u00edmbolo de Ferrol\u00bb<\/a>&nbsp;&nbsp;La Voz de Galicia<\/li>\n<li><a href=\"https:\/\/news.google.com\/rss\/articles\/CBMitwFBVV95cUxPSGhNdVVhQlpvVVNMNHRJaU54S1hlWUw2RExBejBDYVBkekh3b1JGd096M2R2RTZHa0lZYjlJakJWd1FpeUV3RlBOajREVVlHV2JKRkREOWdqWnJuR2ttTzByQlJhUWlkaGVvUjNrZm1jMjYwbGdhZUVPcmc5VEdPTmxzWE1sWlNtMVhWZExFMExsVnlfX0hQT05tZUVmWDVSZ1d3bzFYeThMQ2h4NXBqT2FpSko5b2_SAagBQVVfeXFMTk43N3lTTmZoaWtPVUJmNXhxSjJZMUp0QXRRUF9fOXZfajlSU1FObGpKc3RiQnQ3SE8wcTZ5b3RDMlduMk04cDFZdURjMlo3UzdjRFl5MGE2VF9DYnVueTNfQkVhWm9wemxHa2lhSjd4OG0wczd2NWhoLXBPTVlNVUVXZmNKNUMyc29Dc1ppZlFjX0tiTlpOSkJQZXF6TFdTaGlZMlM3YXJT?oc=5\" target=\"_blank\" rel=\"nofollow noopener\">El mundo de la m\u00fasica despide a \u00c1lvaro Lamas, integrante de Los Limones<\/a>&nbsp;&nbsp;GaliciaPress<\/li>\n<li><a href=\"https:\/\/news.google.com\/rss\/articles\/CBMiqgFBVV95cUxPUXdYNmk0R21VWGZMZmNTRUs3SUtYQjJ1Y0dQczJJLXgwT05QZDRHVVU3dVdJYlI5NGltTkYxRjVSQWFTUVFVQlJmZ091ZDBrQUNkejEtMkppNktaSEpVZE1XUkctSHpIakZEa0E5TURGbFBDV0xZM1Mwa1U0M1hZekN2c1pmcUowa0RwMDV6ZVBPcnE3bDNBTjFhbHJ0TDhZZVd4QV9sZlhrQQ?oc=5\" target=\"_blank\" rel=\"nofollow noopener\">Muere \u00c1lvaro Lamas, la steel guitar de Espa\u00f1a: de Los Limones a Los Secretos<\/a>&nbsp;&nbsp;Popes80<\/li>\n<li><a href=\"https:\/\/news.google.com\/rss\/articles\/CBMi2gFBVV95cUxOakNNMTYxSGFpV2RQNm5uR201ZDg5bDhmVEIzRVJ0djRzOC1jcGY5b1ZBV05LMmpWWGRqSjEwd0s3T1dwX1U0b2psNkExTTZmTndVbFJxR1N2X0xqLWotbTA4QUNlZlY4Y2h1RzdoMEw0aTJ2c3dlb21NYUh2SWVJTEtnM1hRT1NJT0ktTjNJbjBYcXQ0LWZsRW9vUTl0Q1VFYkQtUUlwa2xWcGYwNERGRGN2SlNqTVNPSV9NOHdqU2Rka0FmZUVhb0JPZnBiOHFHS1NOTHhISzZrdw?oc=5\" target=\"_blank\" rel=\"nofollow noopener\">Luto en Ferrol por el fallecimiento del legendario m\u00fasico \u00c1lvaro Lamas, el mago de la steel guitar<\/a>&nbsp;&nbsp;Diario de Ferrol<\/li>\n<\/ol>\n","protected":false},"excerpt":{"rendered":"Adi\u00f3s al genial \u00c1lvaro Lamas, coraz\u00f3n de Los Limones con su \u00absteel guitar\u00bb: \u00abUn s\u00edmbolo de Ferrol\u00bb&nbsp;&nbsp;La Voz&hellip;\n","protected":false},"author":2,"featured_media":345807,"comment_status":"","ping_status":"","sticky":false,"template":"","format":"standard","meta":{"footnotes":""},"categories":[91],"tags":[229,146,147,25,24,7859,42807,4108,185,4907,23,7218],"class_list":{"0":"post-345806","1":"post","2":"type-post","3":"status-publish","4":"format-standard","5":"has-post-thumbnail","7":"category-entretenimiento","8":"tag-arte","9":"tag-entertainment","10":"tag-entretenimiento","11":"tag-es","12":"tag-espana","13":"tag-ferrol-ciudad","14":"tag-folk","15":"tag-leon","16":"tag-musica","17":"tag-noruega","18":"tag-spain","19":"tag-suecia"},"share_on_mastodon":{"url":"https:\/\/pubeurope.com\/@es\/115910781644197303","error":""},"_links":{"self":[{"href":"https:\/\/www.europesays.com\/es\/wp-json\/wp\/v2\/posts\/345806","targetHints":{"allow":["GET"]}}],"collection":[{"href":"https:\/\/www.europesays.com\/es\/wp-json\/wp\/v2\/posts"}],"about":[{"href":"https:\/\/www.europesays.com\/es\/wp-json\/wp\/v2\/types\/post"}],"author":[{"embeddable":true,"href":"https:\/\/www.europesays.com\/es\/wp-json\/wp\/v2\/users\/2"}],"replies":[{"embeddable":true,"href":"https:\/\/www.europesays.com\/es\/wp-json\/wp\/v2\/comments?post=345806"}],"version-history":[{"count":0,"href":"https:\/\/www.europesays.com\/es\/wp-json\/wp\/v2\/posts\/345806\/revisions"}],"wp:featuredmedia":[{"embeddable":true,"href":"https:\/\/www.europesays.com\/es\/wp-json\/wp\/v2\/media\/345807"}],"wp:attachment":[{"href":"https:\/\/www.europesays.com\/es\/wp-json\/wp\/v2\/media?parent=345806"}],"wp:term":[{"taxonomy":"category","embeddable":true,"href":"https:\/\/www.europesays.com\/es\/wp-json\/wp\/v2\/categories?post=345806"},{"taxonomy":"post_tag","embeddable":true,"href":"https:\/\/www.europesays.com\/es\/wp-json\/wp\/v2\/tags?post=345806"}],"curies":[{"name":"wp","href":"https:\/\/api.w.org\/{rel}","templated":true}]}}