{"id":345814,"date":"2026-01-17T13:58:07","date_gmt":"2026-01-17T13:58:07","guid":{"rendered":"https:\/\/www.europesays.com\/es\/345814\/"},"modified":"2026-01-17T13:58:07","modified_gmt":"2026-01-17T13:58:07","slug":"muface-firma-con-aragon-apoyo-medico-para-expedientes-sanitarios","status":"publish","type":"post","link":"https:\/\/www.europesays.com\/es\/345814\/","title":{"rendered":"Muface firma con Arag\u00f3n apoyo m\u00e9dico para expedientes sanitarios"},"content":{"rendered":"<p>\n                                                 Sede de Muface.                                            <\/p>\n<p>                                            El<a href=\"https:\/\/www.redaccionmedica.com\/tags\/boletin-oficial-del-estado-boe\" target=\"_blank\" title=\"Noticias del BOE en Redacci\u00f3n M\u00e9dica\" rel=\"nofollow noopener\"> Bolet\u00edn Oficial del Estado (BOE) <\/a>ha publicado este 17 de enero la resoluci\u00f3n del convenio que formaliza la encomienda de gesti\u00f3n de la Direcci\u00f3n General de la <a href=\"https:\/\/www.redaccionmedica.com\/tags\/muface\" target=\"_blank\" title=\"Noticias Muface en Redacci\u00f3n M\u00e9dica\" rel=\"nofollow noopener\">Mutualidad General de Funcionarios Civiles del Estado (Muface)<\/a>\u00a0al Departamento de Sanidad del Gobierno de Arag\u00f3n. Este acuerdo, de car\u00e1cter t\u00e9cnico-sanitario, delega en los<strong> inspectores m\u00e9dicos<\/strong> de la comunidad aut\u00f3noma la evaluaci\u00f3n y el control de determinados expedientes y prestaciones de los mutualistas. La vigencia del convenio se extender\u00e1 desde su inscripci\u00f3n en el registro correspondiente <strong>hasta el 31 de diciembre de 2028,<\/strong> con la posibilidad de una pr\u00f3rroga adicional de hasta tres a\u00f1os m\u00e1s.<br \/>\n&#13;<br \/>\n\t<br \/>&#13;<br \/>\n\tEl objetivo: una gesti\u00f3n rigurosa y eficiente<br \/>\n<br \/>\nLa Inspecci\u00f3n de\u00a0<a href=\"https:\/\/www.boe.es\/boe\/dias\/2026\/01\/17\/pdfs\/BOE-A-2026-1073.pdf\" target=\"_blank\" title=\"El Convenio de encomienda de gesti\u00f3n al Gobierno de Arag\u00f3n, en materia de apoyo t\u00e9cnico-sanitario \" rel=\"nofollow noopener\">Servicios Sanitarios de Arag\u00f3n <\/a>prestar\u00e1 este apoyo con el fin de garantizar que los mutualistas que han optado por recibir asistencia a trav\u00e9s del sistema p\u00fablico de salud cuenten con un control m\u00e9dico riguroso y equitativo. El \u00e1rea de mayor peso operativo ser\u00e1 el control de la incapacidad temporal. Los inspectores aragoneses asumir\u00e1n el seguimiento y reconocimiento de los mutualistas en situaci\u00f3n de baja por enfermedad para <strong>evaluar la persistencia de las patolog\u00edas.<\/strong><\/p>\n<p>Adem\u00e1s, emitir\u00e1n los informes t\u00e9cnicos preceptivos que permitir\u00e1n a <a href=\"https:\/\/www.redaccionmedica.com\/tags\/muface\" target=\"_blank\" title=\"Noticias de Muface en Redacci\u00f3n M\u00e9dica\" rel=\"nofollow noopener\">Muface <\/a>decidir sobre la pr\u00f3rroga o finalizaci\u00f3n de las bajas, analizando con detalle la aparici\u00f3n de nuevos procesos patol\u00f3gicos o posibles reca\u00eddas que puedan afectar a la capacidad laboral del funcionario. Esta colaboraci\u00f3n busca unificar criterios de inspecci\u00f3n entre e<strong>l r\u00e9gimen general y el de los funcionarios p\u00fablicos en la regi\u00f3n.<\/strong><\/p>\n<p>El personal sanitario auton\u00f3mico actuar\u00e1 tambi\u00e9n como<strong> asesor experto en la gesti\u00f3n de prestaciones y farmacia<\/strong>, validando aquellos gastos que requieren supervisi\u00f3n cl\u00ednica. Entre sus funciones clave se encuentran el visado m\u00e9dico de recetas sometidas a reservas de control espec\u00edfico, como f\u00e1rmacos de diagn\u00f3stico hospitalario o aquellos sujetos a condiciones especiales de prescripci\u00f3n seg\u00fan el <strong>Concierto de Asistencia Sanitaria.<\/strong><\/p>\n<p>Asimismo, los inspectores elaborar\u00e1n informes para la concesi\u00f3n de prestaciones dentarias y oculares en casos de duda cl\u00ednica, y valorar\u00e1n la necesidad t\u00e9cnica de transporte sanitario, tanto para servicios programados como de urgencia. Este asesoramiento garantiza que las ayudas se concedan bajo criterios estrictamente m\u00e9dicos y de <a href=\"https:\/\/www.redaccionmedica.com\/secciones\/sanidad-hoy\/la-airef-cuenta-con-la-sanidad-y-mutuas-para-evaluar-el-gasto-publico-en-it-4122\" target=\"_blank\" title=\"La Airef cuenta con la sanidad y mutuas para evaluar el gasto p\u00fablico en IT\" rel=\"nofollow noopener\">eficiencia en el gasto p\u00fablico.<\/a>&#13;\n<\/p>\n<p>&#13;<br \/>\n\t<br \/>&#13;<br \/>\n\tCompromisos y financiaci\u00f3n del acuerdo<br \/>\n<br \/>\nPor su parte, el Gobierno de Arag\u00f3n se compromete a facilitar toda la infraestructura necesaria para que Muface realice las comunicaciones pertinentes a los mutualistas, as\u00ed como a poner a disposici\u00f3n su red de centros y servicios sanitarios para llevar a cabo las revisiones m\u00e9dicas presenciales. El Ejecutivo auton\u00f3mico se obliga, adem\u00e1s, a<strong> cumplir con los plazos administrativos<\/strong> para evitar retrasos en la gesti\u00f3n de las prestaciones.<\/p>\n<p>En cuanto a la financiaci\u00f3n, el convenio establece una compensaci\u00f3n econ\u00f3mica total de 20.662,14 euros para los dos primeros ejercicios (2026 y 2027). Muface abonar\u00e1 esta cuant\u00eda mediante transferencias anuales de 10.331,07 euros. Para velar por el correcto cumplimiento del pacto, se constituye una <strong>comisi\u00f3n de seguimiento mixta<\/strong> con dos representantes de cada organismo, que se reunir\u00e1 peri\u00f3dicamente para resolver dudas de interpretaci\u00f3n y supervisar la aplicaci\u00f3n de las medidas.<\/p>\n<p>Finalmente, dada la sensibilidad de la informaci\u00f3n cl\u00ednica, el texto especifica que Arag\u00f3n actuar\u00e1 como \u201c<strong>encargado del tratamiento<\/strong>\u201d de los datos personales, aplicando las medidas de seguridad t\u00e9cnicas necesarias para proteger la intimidad y confidencialidad de los<a href=\"https:\/\/www.redaccionmedica.com\/secciones\/sanidad-hoy\/muface-apunta-a-sorpresa-doble-aumento-de-su-sanidad-publica-y-privada-3691\" target=\"_blank\" title=\"Muface apunta a sorpresa: doble aumento de su sanidad p\u00fablica y privada\" rel=\"nofollow noopener\"> funcionarios mutualistas<\/a> en el tratamiento de sus expedientes sanitarios.                                        <\/p>\n<p>\n                                            Las informaciones publicadas en Redacci\u00f3n M\u00e9dica contienen afirmaciones, datos y declaraciones procedentes de instituciones oficiales y profesionales sanitarios. No obstante, ante cualquier duda relacionada con su salud, consulte con su especialista sanitario correspondiente.\n                                        <\/p>\n","protected":false},"excerpt":{"rendered":"Sede de Muface. El Bolet\u00edn Oficial del Estado (BOE) ha publicado este 17 de enero la resoluci\u00f3n del&hellip;\n","protected":false},"author":2,"featured_media":345815,"comment_status":"","ping_status":"","sticky":false,"template":"","format":"standard","meta":{"footnotes":""},"categories":[8],"tags":[17,18,25,24,13,14,11,19,20,9,10,15,16,23,12,21,22],"class_list":{"0":"post-345814","1":"post","2":"type-post","3":"status-publish","4":"format-standard","5":"has-post-thumbnail","7":"category-espana","8":"tag-breaking-news","9":"tag-breakingnews","10":"tag-es","11":"tag-espana","12":"tag-featured-news","13":"tag-featurednews","14":"tag-headlines","15":"tag-latest-news","16":"tag-latestnews","17":"tag-news","18":"tag-noticias","19":"tag-noticias-destacadas","20":"tag-noticiasdestacadas","21":"tag-spain","22":"tag-titulares","23":"tag-ultimas-noticias","24":"tag-ultimasnoticias"},"share_on_mastodon":{"url":"https:\/\/pubeurope.com\/@es\/115910797177023165","error":""},"_links":{"self":[{"href":"https:\/\/www.europesays.com\/es\/wp-json\/wp\/v2\/posts\/345814","targetHints":{"allow":["GET"]}}],"collection":[{"href":"https:\/\/www.europesays.com\/es\/wp-json\/wp\/v2\/posts"}],"about":[{"href":"https:\/\/www.europesays.com\/es\/wp-json\/wp\/v2\/types\/post"}],"author":[{"embeddable":true,"href":"https:\/\/www.europesays.com\/es\/wp-json\/wp\/v2\/users\/2"}],"replies":[{"embeddable":true,"href":"https:\/\/www.europesays.com\/es\/wp-json\/wp\/v2\/comments?post=345814"}],"version-history":[{"count":0,"href":"https:\/\/www.europesays.com\/es\/wp-json\/wp\/v2\/posts\/345814\/revisions"}],"wp:featuredmedia":[{"embeddable":true,"href":"https:\/\/www.europesays.com\/es\/wp-json\/wp\/v2\/media\/345815"}],"wp:attachment":[{"href":"https:\/\/www.europesays.com\/es\/wp-json\/wp\/v2\/media?parent=345814"}],"wp:term":[{"taxonomy":"category","embeddable":true,"href":"https:\/\/www.europesays.com\/es\/wp-json\/wp\/v2\/categories?post=345814"},{"taxonomy":"post_tag","embeddable":true,"href":"https:\/\/www.europesays.com\/es\/wp-json\/wp\/v2\/tags?post=345814"}],"curies":[{"name":"wp","href":"https:\/\/api.w.org\/{rel}","templated":true}]}}