{"id":345847,"date":"2026-01-17T14:22:09","date_gmt":"2026-01-17T14:22:09","guid":{"rendered":"https:\/\/www.europesays.com\/es\/345847\/"},"modified":"2026-01-17T14:22:09","modified_gmt":"2026-01-17T14:22:09","slug":"el-ayuntamiento-impulsa-la-investigacion-y-difusion-del-patrimonio-subterraneo-para-su-proteccion-y-conservacion","status":"publish","type":"post","link":"https:\/\/www.europesays.com\/es\/345847\/","title":{"rendered":"El Ayuntamiento impulsa la investigaci\u00f3n y difusi\u00f3n del patrimonio subterr\u00e1neo para su protecci\u00f3n y conservaci\u00f3n"},"content":{"rendered":"<p>El Ayuntamiento de Alcal\u00e1 de Guada\u00edra ha retomado los trabajos de investigaci\u00f3n y documentaci\u00f3n de su enorme patrimonio subterr\u00e1neo desde la Delegaci\u00f3n de Cultura, Patrimonio y Museos a trav\u00e9s de la colaboraci\u00f3n, puesta en marcha con la Asociaci\u00f3n Andaluza de Exploraciones Subterr\u00e1neas. As\u00ed lo ha expresado el delegado municipal de Cultura, Patrimonio y Museos, Christopher Rivas, tras la conferencia \u2018Santa Luc\u00eda: El coraz\u00f3n h\u00eddrico de la Alcal\u00e1 romana\u2019 que acog\u00eda el Museo de la ciudad y que \u201crefuerza nuestro compromiso con la investigaci\u00f3n, documentaci\u00f3n y difusi\u00f3n del patrimonio subterr\u00e1neo para su protecci\u00f3n y conservaci\u00f3n como uno de los grandes tesoros hist\u00f3ricos e identitarios de la ciudad\u201d.\u00a0\u00a0<\/p>\n<p>La conferencia fue ofrecida por Francisco Javier Guti\u00e9rrez Torres, Eduardo Jim\u00e9nez Jim\u00e9nez, Antonio Moreno Rueda, Marco Alexis Portillo Ortega y Vicente Romero Guti\u00e9rrez. El titular de Patrimonio, junto al delegado de Urbanismo y Planificaci\u00f3n Estrat\u00e9gica, Jes\u00fas Mora, y la responsable de Monumento Natural, Medioambiente y Sostenibilidad, Luisa Campos, participaron, entre un amplio n\u00famero de alcalare\u00f1os y alcalare\u00f1as, en la exposici\u00f3n por la importante implicaci\u00f3n de estas galer\u00edas en estas dichas \u00e1reas locales.\u00a0<\/p>\n<p>Es ampliamente conocido el hecho de que, desde la antig\u00fcedad cl\u00e1sica, el abastecimiento de aguas a Sevilla proven\u00eda de los manantiales alcalare\u00f1os conducido hasta la capital por galer\u00edas subterr\u00e1neas en el tramo urbano, acequias hasta la entrada a la capital hispalense, y finalmente por acueducto, conocido como los Ca\u00f1os de (la puerta de) Carmona. Pese a existir mucha documentaci\u00f3n sobre estas galer\u00edas, el Ayuntamiento reitera su compromiso en la actualizaci\u00f3n del estado de dichas galer\u00edas y de ah\u00ed los trabajos de esta entidad en la investigaci\u00f3n del tramo urbano, entre Santa Luc\u00eda y el Adufe, que se va sumando a exploraciones anteriores.<\/p>\n<p>La principal novedad reside en la precisi\u00f3n de los datos de geolocalizaci\u00f3n, mediciones para planimetr\u00edas y extracci\u00f3n de im\u00e1genes que las nuevas tecnolog\u00edas han permitido, una visi\u00f3n m\u00e1s exacta de este patrimonio invisible normalmente para la ciudadan\u00eda, con im\u00e1genes in\u00e9ditas de zonas bajo el agua y de dif\u00edcil acceso. Con un robot subacu\u00e1tico con posibilidad de\u00a0 200 metros de cable para cada inmersi\u00f3n, junto a la tecnolog\u00eda de escaneado 3D, se posibilita la actualizaci\u00f3n de los datos de este patrimonio con la total seguridad para los investigadores, equipo formado por espele\u00f3logos, arque\u00f3logos o ingenieros, entre otros profesionales.<\/p>\n<p>Pese a no estar mayormente a la vista, los manantiales de agua alcalare\u00f1os y sus conducciones subterr\u00e1neas con los hist\u00f3ricos pozos (lumbreras) han determinado el urbanismo local, edific\u00e1ndose en torno a los accesos a las aguas subterr\u00e1neas, elemento que ha marcado la identidad, historia y la cultura local (desde la elaboraci\u00f3n del pan de Alcal\u00e1, a proliferaci\u00f3n de espacios verdes que atrajeron a los pintores paisajistas, o el posicionamiento de la ciudad por la importancia en el abastecimiento de la capital hispalense).\u00a0<\/p>\n<p>\u201cEste patrimonio invisible, la Alcal\u00e1 subterr\u00e1nea, forma parte de lo que hemos sido siempre y lo de lo que a\u00fan somos\u201d- puntualiza Rivas. El delegado asegura que estos nuevos datos son claves a tener en cuenta para seguir investigando y actuando desde las distintas \u00e1reas municipales en la conservaci\u00f3n de los mismos, porque cuanto mayor sea el conocimiento de su valor m\u00e1s sensibilidad y concienciaci\u00f3n global habr\u00e1 en su conservaci\u00f3n, aspecto sobre el que el Ayuntamiento seguir\u00e1 liderando por su profundo compromiso con el patrimonio como base de la identidad alcalare\u00f1a\u201d.<\/p>\n","protected":false},"excerpt":{"rendered":"El Ayuntamiento de Alcal\u00e1 de Guada\u00edra ha retomado los trabajos de investigaci\u00f3n y documentaci\u00f3n de su enorme patrimonio&hellip;\n","protected":false},"author":2,"featured_media":345848,"comment_status":"","ping_status":"","sticky":false,"template":"","format":"standard","meta":{"footnotes":""},"categories":[5],"tags":[24471,24470,24478,24469,1250,17,18,777,209,24474,168,24489,2026,24491,24480,25,24,13,14,24488,24487,24490,24492,24473,11,2178,3624,15235,891,6850,19,20,6688,24483,24054,24497,4044,24493,9,10,15,16,24477,24482,24415,24472,12365,24496,1922,24485,24481,24479,24475,24484,19497,24486,1171,23,24494,12,24476,4664,21,22,24495],"class_list":{"0":"post-345847","1":"post","2":"type-post","3":"status-publish","4":"format-standard","5":"has-post-thumbnail","7":"category-titulares","8":"tag-accesibilidad","9":"tag-administracion-electronica","10":"tag-agenda-de-actividades","11":"tag-alcala-de-guadaira","12":"tag-ayuntamiento","13":"tag-breaking-news","14":"tag-breakingnews","15":"tag-ciudad","16":"tag-cultura","17":"tag-datos-abiertos","18":"tag-deportes","19":"tag-desarrollo-economico","20":"tag-educacion","21":"tag-edusi","22":"tag-equipamientos","23":"tag-es","24":"tag-espana","25":"tag-featured-news","26":"tag-featurednews","27":"tag-feria-de-alcala","28":"tag-fiestas-mayores","29":"tag-formacion-y-empleo","30":"tag-gestion-tributaria","31":"tag-gobierno-abierto","32":"tag-headlines","33":"tag-igualdad","34":"tag-infancia","35":"tag-infraestructura","36":"tag-inmigrantes","37":"tag-juventud","38":"tag-latest-news","39":"tag-latestnews","40":"tag-medio-ambiente","41":"tag-molinos","42":"tag-movilidad-urbana","43":"tag-movilidad-y-transporte","44":"tag-mujeres","45":"tag-museo-de-alcala","46":"tag-news","47":"tag-noticias","48":"tag-noticias-destacadas","49":"tag-noticiasdestacadas","50":"tag-oferta-de-empleo","51":"tag-oromana","52":"tag-participacion-ciudadana","53":"tag-personas-con-discapacidad","54":"tag-personas-mayores","55":"tag-punto-limpio","56":"tag-redes-sociales","57":"tag-secretaria","58":"tag-sede-electronica","59":"tag-servicio-de-quejas-y-sugerencias","60":"tag-servicios-destacados","61":"tag-servicios-municipales","62":"tag-servicios-sociales","63":"tag-servicios-urbanos","64":"tag-sevilla","65":"tag-spain","66":"tag-teatro-auditorio-riberas-del-guadaira","67":"tag-titulares","68":"tag-tramites-y-servicios","69":"tag-turismo","70":"tag-ultimas-noticias","71":"tag-ultimasnoticias","72":"tag-universidad-popular"},"share_on_mastodon":{"url":"","error":"Validation failed: Text character limit of 500 exceeded"},"_links":{"self":[{"href":"https:\/\/www.europesays.com\/es\/wp-json\/wp\/v2\/posts\/345847","targetHints":{"allow":["GET"]}}],"collection":[{"href":"https:\/\/www.europesays.com\/es\/wp-json\/wp\/v2\/posts"}],"about":[{"href":"https:\/\/www.europesays.com\/es\/wp-json\/wp\/v2\/types\/post"}],"author":[{"embeddable":true,"href":"https:\/\/www.europesays.com\/es\/wp-json\/wp\/v2\/users\/2"}],"replies":[{"embeddable":true,"href":"https:\/\/www.europesays.com\/es\/wp-json\/wp\/v2\/comments?post=345847"}],"version-history":[{"count":0,"href":"https:\/\/www.europesays.com\/es\/wp-json\/wp\/v2\/posts\/345847\/revisions"}],"wp:featuredmedia":[{"embeddable":true,"href":"https:\/\/www.europesays.com\/es\/wp-json\/wp\/v2\/media\/345848"}],"wp:attachment":[{"href":"https:\/\/www.europesays.com\/es\/wp-json\/wp\/v2\/media?parent=345847"}],"wp:term":[{"taxonomy":"category","embeddable":true,"href":"https:\/\/www.europesays.com\/es\/wp-json\/wp\/v2\/categories?post=345847"},{"taxonomy":"post_tag","embeddable":true,"href":"https:\/\/www.europesays.com\/es\/wp-json\/wp\/v2\/tags?post=345847"}],"curies":[{"name":"wp","href":"https:\/\/api.w.org\/{rel}","templated":true}]}}