{"id":345963,"date":"2026-01-17T15:53:08","date_gmt":"2026-01-17T15:53:08","guid":{"rendered":"https:\/\/www.europesays.com\/es\/345963\/"},"modified":"2026-01-17T15:53:08","modified_gmt":"2026-01-17T15:53:08","slug":"transportes-moviliza-633-maquinas-quitanieves-para-afrontar-el-temporal-en-aragon-y-castilla-y-leon","status":"publish","type":"post","link":"https:\/\/www.europesays.com\/es\/345963\/","title":{"rendered":"Transportes moviliza 633 m\u00e1quinas quitanieves para afrontar el temporal en Arag\u00f3n y Castilla y Le\u00f3n"},"content":{"rendered":"<p>El Ministerio de Transportes y Movilidad Sostenible ha desplegado 633 m\u00e1quinas quitanieves y 116.425 toneladas de fundentes para afrontar el temporal de nieve para  &#8230; este s\u00e1bado para afrontar las nevadas que puedan producirse en Arag\u00f3n y Castilla y Le\u00f3n ante el aviso de nivel naranja por nevadas emitido este s\u00e1bado 17 de enero por la Agencia Estatal de Meteorolog\u00eda (AEMET), seg\u00fan recoge Europa Press.<\/p>\n<p class=\"v-p\">Transportes ha realizado un llamamiento a la prudencia y a extremar las medidas de precauci\u00f3n para aquellos que circulen por carretera. Adem\u00e1s, recomiendan consultar previamente el estado de las v\u00edas que vayan a tomar a trav\u00e9s de los canales oficiales de la Direcci\u00f3n General de Tr\u00e1fico (DGT) y la Agencia Estatal de Meteorolog\u00eda (Aemet).<\/p>\n<p class=\"v-p\">Desde las 10.30 horas de este s\u00e1bado, debido a la nieve, unas 50 carreteras de ocho provincias est\u00e1n afectadas por el temporal. Actualmente es obligatorio el uso de cadenas o neum\u00e1ticos de invierno en varias carreteras de Madrid y \u00c1vila, concretamente en la AP-6 entre La Mata y Sanchidri\u00e1n y en la AP-51 entre las provincias de \u00c1vila y Segovia en el tramo Brieva-Vicolozano.<\/p>\n<p>Limitaciones al tr\u00e1fico<\/p>\n<p class=\"v-p\">Adem\u00e1s, se encuentra prohibido el paso a camiones o articulados en Segovia, por la AP-61, en El Espinar y Hontoria; tambi\u00e9n en Madrid y Segovia, en la A-1, entre El Molar y Cerezo de Abajo; al igual que en \u00c1vila, en la A-50, entre la ciudad \u00c1vila y San Pedro del Arroyo.<\/p>\n<p class=\"v-p\">Igualmente, es obligatorio el uso de cadenas en las carreteras en la M-601 en Navacerrada, en la M-604 a la altura de Cotos, as\u00ed como en la M-611 desde Morcuera y en la M-629 desde la localidad de Canencia.<\/p>\n<p class=\"v-p\">En Catalu\u00f1a, hasta seis carreteras tienen el requerimiento de usar cadenas para circular este s\u00e1bado: la BV-4031 en Castellar de n&#8217;Hug (Barcelona), la GI-400 en Alp Lleida (Girona), y las carreteras en Lleida C-147 en Isil, la L-500 en Caldes de Boi, la L-504 en Lladorre, la L-510 en Alins y la N-141 desde la localidad de Boss\u00f2st.<\/p>\n<p class=\"v-p\">En Salamanca, tambi\u00e9n es obligatorio el uso de cadenas en la SA-203 desde Pe\u00f1a de Francia. Por \u00faltimo, en las provincias de Le\u00f3n y Palencia tambi\u00e9n est\u00e1n en alerta por nieve la CL-626 en la Espina, la CL-615 en Guardo y la CL-627 en Piedrasluengas, aunque se permite el tr\u00e1nsito sin ning\u00fan tipo de restricci\u00f3n.<\/p>\n","protected":false},"excerpt":{"rendered":"El Ministerio de Transportes y Movilidad Sostenible ha desplegado 633 m\u00e1quinas quitanieves y 116.425 toneladas de fundentes para&hellip;\n","protected":false},"author":2,"featured_media":345964,"comment_status":"","ping_status":"","sticky":false,"template":"","format":"standard","meta":{"footnotes":""},"categories":[8],"tags":[78406,11215,4499,17,18,4107,25,24,13,14,11,19,20,4108,21413,14723,9,10,15,16,78407,23,19255,12,5535,21,22],"class_list":["post-345963","post","type-post","status-publish","format-standard","has-post-thumbnail","category-espana","tag-78406","tag-afrontar","tag-aragon","tag-breaking-news","tag-breakingnews","tag-castilla","tag-es","tag-espana","tag-featured-news","tag-featurednews","tag-headlines","tag-latest-news","tag-latestnews","tag-leon","tag-maquinas","tag-moviliza","tag-news","tag-noticias","tag-noticias-destacadas","tag-noticiasdestacadas","tag-quitanieves","tag-spain","tag-temporal","tag-titulares","tag-transporte","tag-ultimas-noticias","tag-ultimasnoticias"],"share_on_mastodon":{"url":"https:\/\/pubeurope.com\/@es\/115911249490641111","error":""},"_links":{"self":[{"href":"https:\/\/www.europesays.com\/es\/wp-json\/wp\/v2\/posts\/345963","targetHints":{"allow":["GET"]}}],"collection":[{"href":"https:\/\/www.europesays.com\/es\/wp-json\/wp\/v2\/posts"}],"about":[{"href":"https:\/\/www.europesays.com\/es\/wp-json\/wp\/v2\/types\/post"}],"author":[{"embeddable":true,"href":"https:\/\/www.europesays.com\/es\/wp-json\/wp\/v2\/users\/2"}],"replies":[{"embeddable":true,"href":"https:\/\/www.europesays.com\/es\/wp-json\/wp\/v2\/comments?post=345963"}],"version-history":[{"count":0,"href":"https:\/\/www.europesays.com\/es\/wp-json\/wp\/v2\/posts\/345963\/revisions"}],"wp:featuredmedia":[{"embeddable":true,"href":"https:\/\/www.europesays.com\/es\/wp-json\/wp\/v2\/media\/345964"}],"wp:attachment":[{"href":"https:\/\/www.europesays.com\/es\/wp-json\/wp\/v2\/media?parent=345963"}],"wp:term":[{"taxonomy":"category","embeddable":true,"href":"https:\/\/www.europesays.com\/es\/wp-json\/wp\/v2\/categories?post=345963"},{"taxonomy":"post_tag","embeddable":true,"href":"https:\/\/www.europesays.com\/es\/wp-json\/wp\/v2\/tags?post=345963"}],"curies":[{"name":"wp","href":"https:\/\/api.w.org\/{rel}","templated":true}]}}